{"id":55622,"date":"2024-12-19T19:43:28","date_gmt":"2024-12-19T18:43:28","guid":{"rendered":"https:\/\/www.raccontinellarete.it\/?p=55622"},"modified":"2025-01-04T19:05:45","modified_gmt":"2025-01-04T18:05:45","slug":"marilena-nardi-firma-la-copertina-di-racconti-nella-rete-2025","status":"publish","type":"post","link":"https:\/\/www.raccontinellarete.it\/?p=55622","title":{"rendered":"Marilena Nardi firma la copertina di Racconti nella Rete 2025"},"content":{"rendered":"\n<p><strong>Marilena Nardi firma la nuova copertina dell&#8217;antologia 2025 del Premio Racconti nella Rete. L&#8217;antologia, edita da Castelvecchi, accoglier\u00e0 i venticinque racconti vincitori della 24^ edizione del Premio.&nbsp; E&#8217; la quinta illustratrice a firmare la copertina dopo Margherita Allegri, Silvia Ziche, Silvia Silvestri e Ofelia Lachner.&nbsp;<\/strong><\/p>\n\n\n\n<p><strong><br>L&#8217;immagine verr\u00e0 utilizzata anche per il manifesto della trentunesima edizione del festival LuccAutori.<\/strong>&nbsp; <strong>Marilena Nardi<\/strong> \u00e8 una vignettista e illustratrice, Docente di illustrazione all\u2019Accademia di Belle Arti di Venezia, ha disegnato per molti periodici quali Diario, Corriere della Sera, L\u2019Antitempo e Il Fatto Quotidiano. Collaborazioni recenti sono quelle per Sin\u00e9Madame, il settimanale Left, le riviste francesi Espoir e Z\u00e9lium e, online, con CartoonMovement.&nbsp; Molti i premi internazionali ricevuti per la sua attivit\u00e0 grafica ed editoriale.&nbsp; Fra questi: il Primo Premio al World Press Freedom Cartoon, Ottawa, 2011, e il Premio Forte dei Marmi per la Satira politica per il Disegno Satirico, 2013.&nbsp;Nel 2018, ha ricevuto la pi\u00f9 alta distinzione al World Press Cartoon, Caldas da Ra\u00ednha, Portogallo: il Grand Prix e nel contempo il Primo Premio per la categoria Disegno Editoriale. Era la prima volta di una donna durante le 13 edizioni del festival.&nbsp; Fa parte di Cartooning for Peace, United Sketches, France Cartoon e Cartoon Movement.<\/p>\n\n\n\n<p><strong>Copertine d&#8217;autore a partire dalla prima edizione del 2002. <\/strong>Ricordiamo tra gli altri Antonio Possenti, Lido Contemori, Giampaolo Talani, Sergio Staino, Marco De Angelis, Giuliano Rossetti, Mario Ramon Scocco, Alessandro Trisciuzzi, Franz Borghese,&nbsp; Massimo Cavezzali, Bruno Cannucciari, Benito Jacovitti, Silvia Ziche, Bruno Bozzetto, Milko Dalla Battista, Margherita Allegri, Fabio Sironi.<\/p>\n\n\n\n<p><strong>La 24^ edizione del Premio Letterario \u201cRacconti nelle Rete\u201d.<\/strong> Un concorso nazionale che permette di pubblicare in rete un racconto breve o un soggetto per corti con la semplice registrazione&nbsp; nel sito&nbsp;<a href=\"https:\/\/www.raccontinellarete.it\">www.raccontinellarete.it<\/a>. Nato da un\u2019idea del giornalista Demetrio Brandi, il Premio Racconti nella Rete \u00e8 collegato al Festival letterario LuccAutori che il prossimo anno, a Lucca, arriver\u00e0 alla trentunesima edizione.&nbsp; I venticinque vincitori della nuova edizione saranno pubblicati nell\u2019antologia edita da Castelvecchi. Il premio letterario si sviluppa fino al 31 maggio 2025 nel sito&nbsp;<a href=\"https:\/\/www.raccontinellarete.it\">www.raccontinellarete.it<\/a>, dove gli scrittori possono pubblicare i loro racconti oltre che leggerli e commentarli.&nbsp; Numerosi sono gli appuntamenti con il premio e gli scrittori vincitori in programma nelle pi\u00f9 importanti citt\u00e0 italiane.&nbsp; &nbsp;<br><strong>Il premio \u00e8 una vetrina letteraria,<\/strong> tutti possono partecipare al concorso presentando un racconto inedito, oppure un soggetto per la sezione Corti. Racconti nella Rete vuole essere un\u2019opportunit\u00e0 di espressione e confronto fra aspiranti scrittori pi\u00f9 o meno giovani. In una sorta di agor\u00e0 virtuale, tutti trovano infatti lo spazio privilegiato per dar voce alle proprie fantasie, memorie o sogni, per cimentarsi nella scrittura creativa e per saggiare il valore e la qualit\u00e0 del proprio lavoro, incontrando talenti sconosciuti o confrontandosi immediatamente con i diversi stili narrativi, generi e contenuti.&nbsp; &nbsp;Gli autori fino ai venticinque anni di et\u00e0 potranno usufruire di uno sconto di dieci euro sulla quota di partecipazione al premio. Molti tra gli autori pubblicati in questi anni nelle antologie hanno ottenuto brillanti risultati in campo letterario. Tra i riconoscimenti ai vincitori ricordiamo che il giornale Budu\u00e0r assegner\u00e0 un premio al miglior racconto umoristico mentre la Fondazione AIDR , con una promozione capillare, coinvolger\u00e0 le scuole primarie e secondarie di tutta Italia per arrivare a premiare il testo migliore tra i giovani talenti. Inoltre un premio per il miglior racconto di viaggio sar\u00e0 assegnato dal portale social Happyin.<\/p>\n\n\n\n<p><strong>Per partecipare basta registrarsi e leggere il regolamento pubblicato nel sito&nbsp;<a href=\"https:\/\/www.raccontinellarete.it\">www.raccontinellarete.it<\/a><\/strong>.&nbsp;Il racconto, a tema libero, non dovr\u00e0 superare le cinque cartelle di testo: se l\u2019elaborato sar\u00e0 ritenuto interessante verr\u00e0 subito inserito nel sito. Per informazioni tel. 0584651874 <a href=\"mailto:info@raccontinellarete.it\">info@raccontinellarete.it<\/a>&nbsp;&nbsp;<\/p>\n\n\n\n<figure class=\"wp-block-image size-large\"><img loading=\"lazy\" decoding=\"async\" width=\"732\" height=\"1024\" src=\"https:\/\/www.raccontinellarete.it\/301\/wp-content\/uploads\/2024\/12\/copertina-racconti-nella-rete-2025-definitiva-marilena-nardi-732x1024.jpg\" alt=\"\" class=\"wp-image-55593\" srcset=\"https:\/\/www.raccontinellarete.it\/301\/wp-content\/uploads\/2024\/12\/copertina-racconti-nella-rete-2025-definitiva-marilena-nardi-732x1024.jpg 732w, https:\/\/www.raccontinellarete.it\/301\/wp-content\/uploads\/2024\/12\/copertina-racconti-nella-rete-2025-definitiva-marilena-nardi-179x250.jpg 179w, https:\/\/www.raccontinellarete.it\/301\/wp-content\/uploads\/2024\/12\/copertina-racconti-nella-rete-2025-definitiva-marilena-nardi-768x1075.jpg 768w, https:\/\/www.raccontinellarete.it\/301\/wp-content\/uploads\/2024\/12\/copertina-racconti-nella-rete-2025-definitiva-marilena-nardi.jpg 886w\" sizes=\"(max-width: 732px) 100vw, 732px\" \/><\/figure>\n\n\n\n<figure class=\"wp-block-image size-full\"><img loading=\"lazy\" decoding=\"async\" width=\"872\" height=\"719\" src=\"https:\/\/www.raccontinellarete.it\/301\/wp-content\/uploads\/2024\/12\/il-tirreno-4-gennaio-2025_page-0001.jpg\" alt=\"\" class=\"wp-image-55709\" srcset=\"https:\/\/www.raccontinellarete.it\/301\/wp-content\/uploads\/2024\/12\/il-tirreno-4-gennaio-2025_page-0001.jpg 872w, https:\/\/www.raccontinellarete.it\/301\/wp-content\/uploads\/2024\/12\/il-tirreno-4-gennaio-2025_page-0001-303x250.jpg 303w, https:\/\/www.raccontinellarete.it\/301\/wp-content\/uploads\/2024\/12\/il-tirreno-4-gennaio-2025_page-0001-768x633.jpg 768w\" sizes=\"(max-width: 872px) 100vw, 872px\" \/><\/figure>\n<div class=\"pvc_clear\"><\/div><p id=\"pvc_stats_55622\" class=\"pvc_stats all  \" data-element-id=\"55622\" style=\"\"><i class=\"pvc-stats-icon medium\" aria-hidden=\"true\"><svg aria-hidden=\"true\" focusable=\"false\" data-prefix=\"far\" data-icon=\"chart-bar\" role=\"img\" xmlns=\"http:\/\/www.w3.org\/2000\/svg\" viewBox=\"0 0 512 512\" class=\"svg-inline--fa fa-chart-bar fa-w-16 fa-2x\"><path fill=\"currentColor\" d=\"M396.8 352h22.4c6.4 0 12.8-6.4 12.8-12.8V108.8c0-6.4-6.4-12.8-12.8-12.8h-22.4c-6.4 0-12.8 6.4-12.8 12.8v230.4c0 6.4 6.4 12.8 12.8 12.8zm-192 0h22.4c6.4 0 12.8-6.4 12.8-12.8V140.8c0-6.4-6.4-12.8-12.8-12.8h-22.4c-6.4 0-12.8 6.4-12.8 12.8v198.4c0 6.4 6.4 12.8 12.8 12.8zm96 0h22.4c6.4 0 12.8-6.4 12.8-12.8V204.8c0-6.4-6.4-12.8-12.8-12.8h-22.4c-6.4 0-12.8 6.4-12.8 12.8v134.4c0 6.4 6.4 12.8 12.8 12.8zM496 400H48V80c0-8.84-7.16-16-16-16H16C7.16 64 0 71.16 0 80v336c0 17.67 14.33 32 32 32h464c8.84 0 16-7.16 16-16v-16c0-8.84-7.16-16-16-16zm-387.2-48h22.4c6.4 0 12.8-6.4 12.8-12.8v-70.4c0-6.4-6.4-12.8-12.8-12.8h-22.4c-6.4 0-12.8 6.4-12.8 12.8v70.4c0 6.4 6.4 12.8 12.8 12.8z\" class=\"\"><\/path><\/svg><\/i> <img loading=\"lazy\" decoding=\"async\" width=\"16\" height=\"16\" alt=\"Loading\" src=\"https:\/\/www.raccontinellarete.it\/301\/wp-content\/plugins\/page-views-count\/ajax-loader-2x.gif\" border=0 \/><\/p><div class=\"pvc_clear\"><\/div>","protected":false},"excerpt":{"rendered":"<p>Marilena Nardi firma la nuova copertina dell&#8217;antologia 2025 del Premio Racconti nella Rete. L&#8217;antologia, edita da Castelvecchi, accoglier\u00e0 i venticinque racconti vincitori della 24^ edizione del Premio.&nbsp; E&#8217; la quinta illustratrice a firmare la copertina dopo Margherita Allegri, Silvia Ziche, Silvia Silvestri e Ofelia Lachner.&nbsp; L&#8217;immagine verr\u00e0 utilizzata anche per il manifesto della trentunesima edizione [&hellip;]<\/p>\n<div class=\"pvc_clear\"><\/div>\n<p id=\"pvc_stats_55622\" class=\"pvc_stats all  \" data-element-id=\"55622\" style=\"\"><i class=\"pvc-stats-icon medium\" aria-hidden=\"true\"><svg aria-hidden=\"true\" focusable=\"false\" data-prefix=\"far\" data-icon=\"chart-bar\" role=\"img\" xmlns=\"http:\/\/www.w3.org\/2000\/svg\" viewBox=\"0 0 512 512\" class=\"svg-inline--fa fa-chart-bar fa-w-16 fa-2x\"><path fill=\"currentColor\" d=\"M396.8 352h22.4c6.4 0 12.8-6.4 12.8-12.8V108.8c0-6.4-6.4-12.8-12.8-12.8h-22.4c-6.4 0-12.8 6.4-12.8 12.8v230.4c0 6.4 6.4 12.8 12.8 12.8zm-192 0h22.4c6.4 0 12.8-6.4 12.8-12.8V140.8c0-6.4-6.4-12.8-12.8-12.8h-22.4c-6.4 0-12.8 6.4-12.8 12.8v198.4c0 6.4 6.4 12.8 12.8 12.8zm96 0h22.4c6.4 0 12.8-6.4 12.8-12.8V204.8c0-6.4-6.4-12.8-12.8-12.8h-22.4c-6.4 0-12.8 6.4-12.8 12.8v134.4c0 6.4 6.4 12.8 12.8 12.8zM496 400H48V80c0-8.84-7.16-16-16-16H16C7.16 64 0 71.16 0 80v336c0 17.67 14.33 32 32 32h464c8.84 0 16-7.16 16-16v-16c0-8.84-7.16-16-16-16zm-387.2-48h22.4c6.4 0 12.8-6.4 12.8-12.8v-70.4c0-6.4-6.4-12.8-12.8-12.8h-22.4c-6.4 0-12.8 6.4-12.8 12.8v70.4c0 6.4 6.4 12.8 12.8 12.8z\" class=\"\"><\/path><\/svg><\/i> <img loading=\"lazy\" decoding=\"async\" width=\"16\" height=\"16\" alt=\"Loading\" src=\"https:\/\/www.raccontinellarete.it\/301\/wp-content\/plugins\/page-views-count\/ajax-loader-2x.gif\" border=0 \/><\/p>\n<div class=\"pvc_clear\"><\/div>\n","protected":false},"author":3,"featured_media":55625,"comment_status":"open","ping_status":"closed","sticky":false,"template":"","format":"standard","meta":{"footnotes":""},"categories":[87,547,543,5],"tags":[],"class_list":["post-55622","post","type-post","status-publish","format-standard","has-post-thumbnail","hentry","category-comunicato-stampa","category-f-o-r-u-m","category-forum-di-racconti-nella-rete","category-racconti-nella-rete"],"_links":{"self":[{"href":"https:\/\/www.raccontinellarete.it\/index.php?rest_route=\/wp\/v2\/posts\/55622"}],"collection":[{"href":"https:\/\/www.raccontinellarete.it\/index.php?rest_route=\/wp\/v2\/posts"}],"about":[{"href":"https:\/\/www.raccontinellarete.it\/index.php?rest_route=\/wp\/v2\/types\/post"}],"author":[{"embeddable":true,"href":"https:\/\/www.raccontinellarete.it\/index.php?rest_route=\/wp\/v2\/users\/3"}],"replies":[{"embeddable":true,"href":"https:\/\/www.raccontinellarete.it\/index.php?rest_route=%2Fwp%2Fv2%2Fcomments&post=55622"}],"version-history":[{"count":7,"href":"https:\/\/www.raccontinellarete.it\/index.php?rest_route=\/wp\/v2\/posts\/55622\/revisions"}],"predecessor-version":[{"id":55710,"href":"https:\/\/www.raccontinellarete.it\/index.php?rest_route=\/wp\/v2\/posts\/55622\/revisions\/55710"}],"wp:featuredmedia":[{"embeddable":true,"href":"https:\/\/www.raccontinellarete.it\/index.php?rest_route=\/wp\/v2\/media\/55625"}],"wp:attachment":[{"href":"https:\/\/www.raccontinellarete.it\/index.php?rest_route=%2Fwp%2Fv2%2Fmedia&parent=55622"}],"wp:term":[{"taxonomy":"category","embeddable":true,"href":"https:\/\/www.raccontinellarete.it\/index.php?rest_route=%2Fwp%2Fv2%2Fcategories&post=55622"},{"taxonomy":"post_tag","embeddable":true,"href":"https:\/\/www.raccontinellarete.it\/index.php?rest_route=%2Fwp%2Fv2%2Ftags&post=55622"}],"curies":[{"name":"wp","href":"https:\/\/api.w.org\/{rel}","templated":true}]}}