{"id":55614,"date":"2024-12-19T19:06:28","date_gmt":"2024-12-19T18:06:28","guid":{"rendered":"https:\/\/www.raccontinellarete.it\/?p=55614"},"modified":"2025-10-26T12:47:17","modified_gmt":"2025-10-26T11:47:17","slug":"premio-racconti-per-corti-2025-lalgoritmo-di-giuseppe-ciarallo","status":"publish","type":"post","link":"https:\/\/www.raccontinellarete.it\/?p=55614","title":{"rendered":"Premio Racconti per Corti 2025 &#8220;L&#8217;algoritmo&#8221; di Giuseppe Ciarallo"},"content":{"rendered":"\n<p><\/p>\n\n\n\n<p>Sul pianerottolo semibuio, due uomini suonano il campanello e restano in attesa che la porta si apra.<\/p>\n\n\n\n<p>\u201cBuongiorno, in cosa posso esservi utile?\u201d<\/p>\n\n\n\n<p>\u201cBuongiorno a lei. \u00c8 questo l\u2019interno <a>3 del secondo piano al numero 11 di piazza Bacone<\/a>?\u201d<\/p>\n\n\n\n<p>\u201cEsatto. Con chi ho il piacere di parlare?\u201d<\/p>\n\n\n\n<p>\u201cIo sono il commissario Sauro Moretti, e il mio collega \u00e8 l\u2019agente Luigi Andrulli.\u201d<\/p>\n\n\n\n<p>\u201cIl motivo della vostra visita?\u201d<\/p>\n\n\n\n<p>\u201c\u00c8 lei la signora <a>Rossana Ardenghi nata a Mantova<\/a> il 7 agosto 2002?\u201d<\/p>\n\n\n\n<p>\u201cCome scusi?\u201d<\/p>\n\n\n\n<p>\u201c\u00c8 lei la signora Rossana Ardenghi nata a Mantova il 7 agosto 2002?\u201d<\/p>\n\n\n\n<p>\u201cMa che diamine\u2026\u201d<\/p>\n\n\n\n<p>\u201cNon ci faccia perdere tempo e risponda a questa semplice domanda. \u00c8 lei la signora Rossana Ardenghi nata a Mantova il 7 agosto 2002?\u201d<\/p>\n\n\n\n<p>\u201cMi perdoni, ma se \u00e8 uno scherzo non \u00e8 divertente. Mi guardi. Ho la barba, i capelli bianchi, sono indiscutibilmente di sesso maschile e altrettanto indiscutibilmente ho quasi settant\u2019anni. Mi spiega come possiate scambiarmi per una giovane donna di trentun anni?\u201d<\/p>\n\n\n\n<p>\u201cNon cambi discorso, con me non attacca. Quindi lei nega di essere la signora Rossana Ardenghi nata a Mantova il 7 agosto 2002\u2026\u201d<\/p>\n\n\n\n<p>\u201cSenta, il mio nome \u00e8 Guido Nocchi, sono nato il 6 dicembre 1964 a Lucca, sono di sesso maschile, sono un professore universitario e no, non sono la signora Rossana Ardenghi. Ci deve essere un errore\u2026\u201d<\/p>\n\n\n\n<p>\u201cImpossibile. Se il nostro sistema <em>Central Scrutinizer<\/em>, con i suoi sofisticati ed elaborati algoritmi, dice che all\u2019interno 3 del secondo piano al numero 11 di piazza Bacone abita la signora Rossana Ardenghi nata a Mantova il 7 agosto 2002, non pu\u00f2 che essere cos\u00ec!\u201d<\/p>\n\n\n\n<p>Alle spalle dei poliziotti si apre una porta e ne esce un signore in un elegante cappotto nero e cappello dello stesso colore. Il signore saluta il suo vicino sollevando leggermente il cappello.<\/p>\n\n\n\n<p>\u201cDottor Nocchi, buongiorno!\u201d<\/p>\n\n\n\n<p>Il commissario si rivolge al nuovo venuto mostrando il tesserino.<\/p>\n\n\n\n<p>\u201cLei \u00e8 il signor\u2026?\u201d<\/p>\n\n\n\n<p>\u201cGustavo Pardini, per servirla\u2026\u201d<\/p>\n\n\n\n<p>\u201cAbita qui da molto?\u201d<\/p>\n\n\n\n<p>\u201cOh, questa era la casa dei miei genitori. Ci sono nato.\u201d<\/p>\n\n\n\n<p>\u201cBene. Dunque lei conosce la qui presente signora <a>Rossana Ardenghi<\/a>\u2026\u201d<\/p>\n\n\n\n<p>L\u2019uomo incrocia lo sguardo con il suo vicino di casa, smarrito.<\/p>\n\n\n\n<p>\u201cVeramente non capisco. Il dottor Nocchi \u00e8 un mio vic\u2026\u201d<\/p>\n\n\n\n<p>\u201cLe ho chiesto di Rossana Ardenghi, non di questo fantomatico dottor Nocchi\u2026\u201d<\/p>\n\n\n\n<p>\u201cS\u00ec\u2026 certo che\u2026 la\u2026 conosco\u201d balbetta spaventato da quella situazione della quale non riesce a comprendere i contorni.<\/p>\n\n\n\n<p>\u201cBene. Per ora pu\u00f2 andare. Resti a disposizione!\u201d<\/p>\n\n\n\n<p>L\u2019uomo si precipita gi\u00f9 per le scale temendo che il poliziotto ci ripensi.<\/p>\n\n\n\n<p>\u201cCi fa entrare, signora Ardenghi?\u201d<\/p>\n\n\n\n<p>Il dottor Nocchi, sconsolato, si fa da parte e cede il passo ai due sbirri.<\/p>\n\n\n\n<p>\u201cC\u2019\u00e8 qualcuno in casa?\u201d<\/p>\n\n\n\n<p>\u201cNo, vivo da solo. Sono vedovo. Da sette anni.\u201d<\/p>\n\n\n\n<p>\u201cMa guarda. Cos\u00ec giovane e gi\u00e0 vedova da sette anni\u2026\u201d<\/p>\n\n\n\n<p>Il dottor Nocchi una volta capito che a nulla possa servire opporre la ragione alla fanatica follia che incontrastata regna in quella situazione, cerca quantomeno di avere qualche informazione in pi\u00f9.<\/p>\n\n\n\n<p>\u201cPrego, accomodatevi\u201d dice, invitando i due a sedersi su due sedie disposte intorno al tavolo di un minuscolo salotto. \u201cNon mi avete per\u00f2 ancora detto il motivo della vostra visita.\u201d<\/p>\n\n\n\n<p>\u201cDove si trovava la sera del 4 marzo 2025 diciamo\u2026 tra le ore venti e le ore ventidue?\u201d<\/p>\n\n\n\n<p>\u201cCosa? Ma come potrei ricordare dov\u2019ero e cosa stavo facendo in un giorno qualsiasi di otto anni fa?\u201d<\/p>\n\n\n\n<p>\u201cDunque, signora Ardenghi, non ha un alibi per quella data?\u201d<\/p>\n\n\n\n<p>\u201cAlibi? Ma quale alibi? Di cosa sta parlando? Lei ricorda cosa stava facendo\u2026 il 5 agosto del 2017? Ma come si pu\u00f2 pretendere una cosa del genere?\u201d<\/p>\n\n\n\n<p>\u201cNon si scaldi, signora, e si limiti a rispondere alle mie domande. Io non ho bisogno di dimostrare dove fossi e cosa stessi facendo il 5 agosto del 2017, mentre a lei farebbe molto comodo ricordare con precisione tutti i suoi spostamenti del 4 marzo 2025 nelle ore che le ho detto.\u201d<\/p>\n\n\n\n<p>Il commissario scambia un sorriso maligno con il suo sottoposto.<\/p>\n\n\n\n<p>\u201cMi perdoni, commissario, potrei sapere cosa \u00e8 successo nella data per la quale mi si chiede un alibi, e soprattutto cosa vi ha portato al mio indirizzo?\u201d<\/p>\n\n\n\n<p>\u201c\u00c8 presto detto! Il signor Antonello Frati, il suo defunto marito, questa mattina ha sporto denuncia nei suoi confronti, affermando che il 4 marzo 2025, esattamente alle ore 21.05, lei lo ha assassinato stordendolo con un sonnifero nella birra per poi ucciderlo con una coltellata al cuore. Dopo averlo smembrato, lo ha \u201csmaltito\u201d un pezzo per volta gettando i resti in bidoni della spazzatura situati in diversi punti della citt\u00e0.\u201d<\/p>\n\n\n\n<p>\u201cMi faccia capire. Un uomo assassinato e smembrato otto anni fa, questa mattina si presenta in commissariato e denuncia il suo omicidio. Pur con tutta la fantasia di cui sono capace non capisco come questo sia possibile\u2026\u201d<\/p>\n\n\n\n<p>\u201cLe assicuro, signora Ardenghi, che nonostante i suoi equilibrismi retorici non riuscir\u00e0 a sviarmi dalla evidenza dei fatti. Che sono i seguenti: il 4 marzo 2025 il signor Antonello Frati, suo marito, viene assassinato, smembrato, e il suo corpo non viene mai ritrovato; lei per quella data non ha un alibi e probabilmente aveva tutti i motivi per sbarazzarsi di un consorte, probabilmente diventato scomodo in quanto si frapponeva al rapporto con un suo amante, magari il suo vicino\u2026 ho notato come l\u2019ha guardata questa mattina, sa? E infine, la precisa testimonianza, resa questa mattina e formalizzata con la denuncia scritta, dello stesso signor Frati.\u201d<\/p>\n\n\n\n<p>\u201cSenta, signor Moretti\u2026\u201d<\/p>\n\n\n\n<p>\u201cCommissario Moretti\u2026\u201d<\/p>\n\n\n\n<p>\u201cSenta, commissario Moretti, se sono vittima di una candid camera me lo dica e poniamo fine a questa farsa, perch\u00e9 mi sta montando un\u2019ansia che non le dico.\u201d<\/p>\n\n\n\n<p>\u201cCandid camera? Farsa? Ma come si permette? Lei, signora Rossana Ardenghi, sta scherzando col fuoco. Pensa che la sua situazione si risolver\u00e0 con una risata e una pacca sulla spalla. E invece fossi in lei comincerei a preoccuparmi seriamente, perch\u00e9 un\u2019accusa di omicidio, peraltro in assenza di alibi, se confermata pu\u00f2 portare dritti al carcere a vita, se non peggio.\u201d<\/p>\n\n\n\n<p>L\u2019uomo pare sgonfiarsi, sulla sedia, come un palloncino. Capisce, per la prima volta e definitivamente, che l\u2019incubo in cui \u00e8 finito suo malgrado, non \u00e8 un sogno ma una tragica realt\u00e0. Poi, come di colpo rinvigorito sbotta:<\/p>\n\n\n\n<p>\u201cMa \u00e8 legale quello che mi state facendo? \u00c8 giusto che i miei diritti vengano negati? Che non si tenga minimamente in considerazione la mia semplice, banalissima verit\u00e0, e cio\u00e8 quella di non essere con tutta evidenza una giovane donna trentenne?\u201d<\/p>\n\n\n\n<p>\u201cSignora Ardenghi, mi delude. Lei confonde la legge con la giustizia. Quante cose ingiuste l\u2019uomo ha celato dietro il paravento della legge? Lo schiavismo era giusto? Le leggi razziali erano giuste? Lo sterminio di milioni di persone era giusto? No, ma erano perfettamente legali. Legge e giustizia non sempre sono termini sovrapponibili. &nbsp;La verit\u00e0, poi\u2026 non esiste la verit\u00e0, ma le verit\u00e0, anche se questo potrebbe sembrare un luogo comune. La verit\u00e0 \u00e8 solo una questione di punti di vista. Ci sono molte verit\u00e0, la verit\u00e0 processuale, quella storica, la verit\u00e0 mediatica imposta al cittadino attraverso la propaganda, poi ci sono le verit\u00e0 personali, la verit\u00e0 della vittima e quella dell\u2019assassino, le tante verit\u00e0 dei testimoni, ognuna delle quali soggettiva, e che quasi mai coincidono tra loro. Verit\u00e0 oggettiva contro verit\u00e0 soggettiva. Ecco perch\u00e9, come dicevo all\u2019inizio\u2026 &nbsp;la verit\u00e0 non esiste. Esistono le verit\u00e0.\u201d<\/p>\n\n\n\n<p>\u201cMa\u2026 ma lei \u00e8 un mostro! Possibile che non abbia il minimo dubbio che possa trattarsi di un madornale errore\u2026\u201d<\/p>\n\n\n\n<p>Il commissario si rivolge all\u2019agente scelto Luigi Andrulli:<\/p>\n\n\n\n<p>\u201cAgente, effettui una perquisizione della casa. Iniziando dalla camera da letto e dal bagno\u2026<\/p>\n\n\n\n<p>Il sottoposto capisce che il suo superiore vuole restare solo con la persona indagata. Una volta soli il commissario si mette faccia a faccia con l\u2019altro e mormora a voce non udibile dall\u2019altra stanza:<\/p>\n\n\n\n<p>\u201cL\u2019errore non \u00e8 contemplato. Se ogni volta che si intraprende un\u2019azione o che si giudica un colpevole si dovesse essere rosi dal dubbio che quella persona sia innocente, la macchina della giustizia si incepperebbe inesorabilmente. Il dubbio \u00e8 materia per filosofi, non per uomini di potere, e per uomini di potere intendo a tutti i livelli, anche un\u2019ultima rotellina del meccanismo come il sottoscritto. Il dubbio \u00e8 debolezza, \u00e8 un fianco scoperto offerto al nemico. Crede che io sia cieco o pazzo, dottor Nocchi?\u201d \u2013 l\u2019uomo ha un fremito, come se si risvegliasse da un incubo, e un alito di speranza si accende nei suoi occhi, sussulto che ben presto si tramuta in un\u2019angoscia ancora pi\u00f9 grande per le parole che seguono \u2013 \u201cCrede che io non mi accorga che lei non \u00e8 una donna, che non \u00e8 giovane e che con tutta la buona volont\u00e0 non la si possa scambiare per la signora Ardenghi? E l\u2019assurdit\u00e0 dell\u2019accusa, poi\u2026 Per sua sfortuna, il suo nome \u00e8 stato estratto dal bussolotto della sorte. Se il nostro sistema <em>Central Scrutinizer<\/em>, frutto delle pi\u00f9 avanzate tecnologie, afferma che all\u2019interno 3 del secondo piano al numero 11 di piazza Bacone abita la signora <a>Rossana Ardenghi nata a Mantova<\/a> il 7 agosto 2002, lei, che ha la sfortuna di abitare all\u2019interno 3 del secondo piano al numero 11 di piazza Bacone, <em>\u00e8 <\/em>la signora Rossana Ardenghi nata a Mantova il 7 agosto 2002. E io non posso farci niente, e non ho alcuna voglia che anche il mio nome finisca nel bussolotto del caso. Non l\u2019amore e la giustizia, come si suol dire, sono ciechi, e nemmeno il sottoscritto lo \u00e8, ma il potere. E il potere \u00e8 malvagio per definizione oltre che cieco. Un poeta italiano, non ricordo il suo nome, scrisse: \u201cqui chi non terrorizza si ammala di terrore\u201d. Ecco, se posso scegliere preferisco terrorizzare anzich\u00e9 ammalarmi di terrore. Mi dispiace, dottor Nocchi, nulla di personale. Agente Andrulli!\u201d&nbsp;<\/p>\n\n\n\n<p>L\u2019agente scelto Luigi Andrulli torna nel salottino e pi\u00f9 per abitudine che per necessit\u00e0 batte i tacchi e si mette sull\u2019attenti.<\/p>\n\n\n\n<p>\u201cContinuo io la perquisizione dell\u2019appartamento. Lei ammanetti la signora Ardenghi e la porti in Centrale.\u201d<\/p>\n\n\n\n<p>Poi, rivolto al presunto colpevole: \u201cArrivederci signora Ardenghi, e\u2026 buona fortuna!\u201d  <\/p>\n<div class=\"pvc_clear\"><\/div><p id=\"pvc_stats_55614\" class=\"pvc_stats all  \" data-element-id=\"55614\" style=\"\"><i class=\"pvc-stats-icon medium\" aria-hidden=\"true\"><svg aria-hidden=\"true\" focusable=\"false\" data-prefix=\"far\" data-icon=\"chart-bar\" role=\"img\" xmlns=\"http:\/\/www.w3.org\/2000\/svg\" viewBox=\"0 0 512 512\" class=\"svg-inline--fa fa-chart-bar fa-w-16 fa-2x\"><path fill=\"currentColor\" d=\"M396.8 352h22.4c6.4 0 12.8-6.4 12.8-12.8V108.8c0-6.4-6.4-12.8-12.8-12.8h-22.4c-6.4 0-12.8 6.4-12.8 12.8v230.4c0 6.4 6.4 12.8 12.8 12.8zm-192 0h22.4c6.4 0 12.8-6.4 12.8-12.8V140.8c0-6.4-6.4-12.8-12.8-12.8h-22.4c-6.4 0-12.8 6.4-12.8 12.8v198.4c0 6.4 6.4 12.8 12.8 12.8zm96 0h22.4c6.4 0 12.8-6.4 12.8-12.8V204.8c0-6.4-6.4-12.8-12.8-12.8h-22.4c-6.4 0-12.8 6.4-12.8 12.8v134.4c0 6.4 6.4 12.8 12.8 12.8zM496 400H48V80c0-8.84-7.16-16-16-16H16C7.16 64 0 71.16 0 80v336c0 17.67 14.33 32 32 32h464c8.84 0 16-7.16 16-16v-16c0-8.84-7.16-16-16-16zm-387.2-48h22.4c6.4 0 12.8-6.4 12.8-12.8v-70.4c0-6.4-6.4-12.8-12.8-12.8h-22.4c-6.4 0-12.8 6.4-12.8 12.8v70.4c0 6.4 6.4 12.8 12.8 12.8z\" class=\"\"><\/path><\/svg><\/i> <img loading=\"lazy\" decoding=\"async\" width=\"16\" height=\"16\" alt=\"Loading\" src=\"https:\/\/www.raccontinellarete.it\/301\/wp-content\/plugins\/page-views-count\/ajax-loader-2x.gif\" border=0 \/><\/p><div class=\"pvc_clear\"><\/div>","protected":false},"excerpt":{"rendered":"<p>Sul pianerottolo semibuio, due uomini suonano il campanello e restano in attesa che la porta si apra. \u201cBuongiorno, in cosa posso esservi utile?\u201d \u201cBuongiorno a lei. \u00c8 questo l\u2019interno 3 del secondo piano al numero 11 di piazza Bacone?\u201d \u201cEsatto. Con chi ho il piacere di parlare?\u201d \u201cIo sono il commissario Sauro Moretti, e il [&hellip;]<\/p>\n<div class=\"pvc_clear\"><\/div>\n<p id=\"pvc_stats_55614\" class=\"pvc_stats all  \" data-element-id=\"55614\" style=\"\"><i class=\"pvc-stats-icon medium\" aria-hidden=\"true\"><svg aria-hidden=\"true\" focusable=\"false\" data-prefix=\"far\" data-icon=\"chart-bar\" role=\"img\" xmlns=\"http:\/\/www.w3.org\/2000\/svg\" viewBox=\"0 0 512 512\" class=\"svg-inline--fa fa-chart-bar fa-w-16 fa-2x\"><path fill=\"currentColor\" d=\"M396.8 352h22.4c6.4 0 12.8-6.4 12.8-12.8V108.8c0-6.4-6.4-12.8-12.8-12.8h-22.4c-6.4 0-12.8 6.4-12.8 12.8v230.4c0 6.4 6.4 12.8 12.8 12.8zm-192 0h22.4c6.4 0 12.8-6.4 12.8-12.8V140.8c0-6.4-6.4-12.8-12.8-12.8h-22.4c-6.4 0-12.8 6.4-12.8 12.8v198.4c0 6.4 6.4 12.8 12.8 12.8zm96 0h22.4c6.4 0 12.8-6.4 12.8-12.8V204.8c0-6.4-6.4-12.8-12.8-12.8h-22.4c-6.4 0-12.8 6.4-12.8 12.8v134.4c0 6.4 6.4 12.8 12.8 12.8zM496 400H48V80c0-8.84-7.16-16-16-16H16C7.16 64 0 71.16 0 80v336c0 17.67 14.33 32 32 32h464c8.84 0 16-7.16 16-16v-16c0-8.84-7.16-16-16-16zm-387.2-48h22.4c6.4 0 12.8-6.4 12.8-12.8v-70.4c0-6.4-6.4-12.8-12.8-12.8h-22.4c-6.4 0-12.8 6.4-12.8 12.8v70.4c0 6.4 6.4 12.8 12.8 12.8z\" class=\"\"><\/path><\/svg><\/i> <img loading=\"lazy\" decoding=\"async\" width=\"16\" height=\"16\" alt=\"Loading\" src=\"https:\/\/www.raccontinellarete.it\/301\/wp-content\/plugins\/page-views-count\/ajax-loader-2x.gif\" border=0 \/><\/p>\n<div class=\"pvc_clear\"><\/div>\n","protected":false},"author":19326,"featured_media":0,"comment_status":"open","ping_status":"closed","sticky":false,"template":"","format":"standard","meta":{"footnotes":""},"categories":[704,798],"tags":[],"class_list":["post-55614","post","type-post","status-publish","format-standard","hentry","category-premio-racconti-per-corti-2025","category-premio-racconti-per-corti-2026"],"_links":{"self":[{"href":"https:\/\/www.raccontinellarete.it\/index.php?rest_route=\/wp\/v2\/posts\/55614"}],"collection":[{"href":"https:\/\/www.raccontinellarete.it\/index.php?rest_route=\/wp\/v2\/posts"}],"about":[{"href":"https:\/\/www.raccontinellarete.it\/index.php?rest_route=\/wp\/v2\/types\/post"}],"author":[{"embeddable":true,"href":"https:\/\/www.raccontinellarete.it\/index.php?rest_route=\/wp\/v2\/users\/19326"}],"replies":[{"embeddable":true,"href":"https:\/\/www.raccontinellarete.it\/index.php?rest_route=%2Fwp%2Fv2%2Fcomments&post=55614"}],"version-history":[{"count":4,"href":"https:\/\/www.raccontinellarete.it\/index.php?rest_route=\/wp\/v2\/posts\/55614\/revisions"}],"predecessor-version":[{"id":55619,"href":"https:\/\/www.raccontinellarete.it\/index.php?rest_route=\/wp\/v2\/posts\/55614\/revisions\/55619"}],"wp:attachment":[{"href":"https:\/\/www.raccontinellarete.it\/index.php?rest_route=%2Fwp%2Fv2%2Fmedia&parent=55614"}],"wp:term":[{"taxonomy":"category","embeddable":true,"href":"https:\/\/www.raccontinellarete.it\/index.php?rest_route=%2Fwp%2Fv2%2Fcategories&post=55614"},{"taxonomy":"post_tag","embeddable":true,"href":"https:\/\/www.raccontinellarete.it\/index.php?rest_route=%2Fwp%2Fv2%2Ftags&post=55614"}],"curies":[{"name":"wp","href":"https:\/\/api.w.org\/{rel}","templated":true}]}}