{"id":55591,"date":"2024-12-10T19:13:35","date_gmt":"2024-12-10T18:13:35","guid":{"rendered":"https:\/\/www.raccontinellarete.it\/?p=55591"},"modified":"2024-12-10T19:21:28","modified_gmt":"2024-12-10T18:21:28","slug":"marilena-nardi-firma-la-nuova-copertina-dellantologia-2025-del-premio-racconti-nella-rete","status":"publish","type":"post","link":"https:\/\/www.raccontinellarete.it\/?p=55591","title":{"rendered":"Marilena Nardi firma la copertina dell&#8217;antologia 2025 del Premio Racconti nella Rete"},"content":{"rendered":"\n<p><strong>L&#8217;antologia, edita da Castelvecchi, accoglier\u00e0 i venticinque racconti vincitori della 24^ edizione del Premio.&nbsp; Marilena Nardi \u00e8 la terza illustratrice a firmare la copertina dopo Silvia Ziche nel 2017 e Margherita Allegri nel 2023.&nbsp;<br><\/strong><\/p>\n\n\n\n<p><strong>L&#8217;immagine verr\u00e0 utilizzata anche per il manifesto della trentunesima edizione del festival LuccAutori.<\/strong>\u00a0 <strong>Marilena Nardi<\/strong> \u00e8 una vignettista e illustratrice.  Docente di illustrazione all\u2019Accademia di Belle Arti di Venezia, ha disegnato per molti periodici quali Diario, Corriere della Sera, L\u2019Antitempo e Il Fatto Quotidiano. Collaborazioni recenti sono quelle per Sin\u00e9Madame, il settimanale Left, le riviste francesi Espoir e Z\u00e9lium e, online, con CartoonMovement.\u00a0 Molti i premi internazionali ricevuti per la sua attivit\u00e0 grafica ed editoriale.\u00a0 Fra questi: il Primo Premio al World Press Freedom Cartoon, Ottawa, 2011, e il Premio Forte dei Marmi per la Satira politica per il Disegno Satirico, 2013.\u00a0Nel 2018, ha ricevuto la pi\u00f9 alta distinzione al World Press Cartoon, Caldas da Ra\u00ednha, Portogallo: il Grand Prix e nel contempo il Primo Premio per la categoria Disegno Editoriale. Era la prima volta di una donna durante le 13 edizioni del festival.\u00a0 Fa parte di Cartooning for Peace, United Sketches, France Cartoon e Cartoon Movement.<\/p>\n\n\n\n<p><strong>La 24^ edizione del Premio Letterario \u201cRacconti nelle Rete\u201d.<\/strong> Un concorso nazionale che permette di pubblicare in rete un racconto breve o un soggetto per corti con la semplice registrazione&nbsp; nel sito&nbsp;<a href=\"https:\/\/www.raccontinellarete.it\">www.raccontinellarete.it<\/a>. Nato da un\u2019idea del giornalista Demetrio Brandi, il Premio Racconti nella Rete \u00e8 collegato al Festival letterario LuccAutori che il prossimo anno, a Lucca, arriver\u00e0 alla trentunesima edizione.&nbsp; I venticinque vincitori della nuova edizione saranno pubblicati nell\u2019antologia edita da Castelvecchi. Il premio letterario si sviluppa fino al 31 maggio 2025 nel sito&nbsp;<a href=\"https:\/\/www.raccontinellarete.it\">www.raccontinellarete.it<\/a>, dove gli scrittori possono pubblicare i loro racconti oltre che leggerli e commentarli.&nbsp; Numerosi sono gli appuntamenti con il premio e gli scrittori vincitori in programma nelle pi\u00f9 importanti citt\u00e0 italiane.&nbsp; &nbsp;<\/p>\n\n\n\n<p><strong>Il premio \u00e8 una vetrina d\u2019autore,<\/strong> tutti possono partecipare al concorso presentando un racconto inedito, oppure un soggetto per la sezione Corti. Racconti nella Rete vuole essere un\u2019opportunit\u00e0 di espressione e confronto fra aspiranti scrittori pi\u00f9 o meno giovani. In una sorta di agor\u00e0 virtuale, tutti trovano infatti lo spazio privilegiato per dar voce alle proprie fantasie, memorie o sogni, per cimentarsi nella scrittura creativa e per saggiare il valore e la qualit\u00e0 del proprio lavoro, incontrando talenti sconosciuti o confrontandosi immediatamente con i diversi stili narrativi, generi e contenuti.&nbsp; &nbsp;Gli autori fino ai venticinque anni di et\u00e0 potranno usufruire di uno sconto di dieci euro sulla quota di partecipazione al premio. Molti tra gli autori pubblicati in questi anni nelle antologie hanno ottenuto brillanti risultati in campo letterario. Tra i riconoscimenti ai vincitori ricordiamo che il giornale Budu\u00e0r assegner\u00e0 un premio al miglior racconto umoristico mentre la Fondazione AIDR , con una promozione capillare, coinvolger\u00e0 le scuole primarie e secondarie di tutta Italia per arrivare a premiare il testo migliore tra i giovani talenti. Inoltre un premio per il miglior racconto di viaggio sar\u00e0 assegnato dal portale social Happyin.<\/p>\n\n\n\n<p><strong>Per partecipare basta registrarsi e leggere il regolamento pubblicato nel sito&nbsp;<a href=\"https:\/\/www.raccontinellarete.it\">www.raccontinellarete.it<\/a><\/strong>.&nbsp;Il racconto, a tema libero, non dovr\u00e0 superare le cinque cartelle di testo: se l\u2019elaborato sar\u00e0 ritenuto interessante verr\u00e0 subito inserito nel sito. Per informazioni tel. 0584651874 <a href=\"mailto:info@raccontinellarete.it\">info@raccontinellarete.it<\/a>&nbsp;&nbsp;<\/p>\n\n\n\n<p><em>Nelle foto,  Demetrio Brandi ed un gruppo di autori con la foto della nuova copertina di Marilena Nardi in occasione della fiera Pi\u00f9 libri pi\u00f9 liberi di Roma.  Sotto la copertina dell&#8217;antologia 2025 che sar\u00e0 pubblicata a settembre e una foto di Marilena Nardi. &nbsp;<\/em><\/p>\n\n\n\n<figure class=\"wp-block-image size-large\"><img loading=\"lazy\" decoding=\"async\" width=\"732\" height=\"1024\" src=\"https:\/\/www.raccontinellarete.it\/301\/wp-content\/uploads\/2024\/12\/copertina-racconti-nella-rete-2025-definitiva-marilena-nardi-732x1024.jpg\" alt=\"\" class=\"wp-image-55593\" srcset=\"https:\/\/www.raccontinellarete.it\/301\/wp-content\/uploads\/2024\/12\/copertina-racconti-nella-rete-2025-definitiva-marilena-nardi-732x1024.jpg 732w, https:\/\/www.raccontinellarete.it\/301\/wp-content\/uploads\/2024\/12\/copertina-racconti-nella-rete-2025-definitiva-marilena-nardi-179x250.jpg 179w, https:\/\/www.raccontinellarete.it\/301\/wp-content\/uploads\/2024\/12\/copertina-racconti-nella-rete-2025-definitiva-marilena-nardi-768x1075.jpg 768w, https:\/\/www.raccontinellarete.it\/301\/wp-content\/uploads\/2024\/12\/copertina-racconti-nella-rete-2025-definitiva-marilena-nardi.jpg 886w\" sizes=\"(max-width: 732px) 100vw, 732px\" \/><\/figure>\n\n\n\n<figure class=\"wp-block-image size-large is-resized\"><img loading=\"lazy\" decoding=\"async\" width=\"605\" height=\"1024\" src=\"https:\/\/www.raccontinellarete.it\/301\/wp-content\/uploads\/2024\/12\/nardi_2023_foto_1-1-605x1024.jpg\" alt=\"\" class=\"wp-image-55594\" style=\"width:840px;height:auto\" srcset=\"https:\/\/www.raccontinellarete.it\/301\/wp-content\/uploads\/2024\/12\/nardi_2023_foto_1-1-605x1024.jpg 605w, https:\/\/www.raccontinellarete.it\/301\/wp-content\/uploads\/2024\/12\/nardi_2023_foto_1-1-148x250.jpg 148w, https:\/\/www.raccontinellarete.it\/301\/wp-content\/uploads\/2024\/12\/nardi_2023_foto_1-1.jpg 700w\" sizes=\"(max-width: 605px) 100vw, 605px\" \/><\/figure>\n\n\n\n<p>Marilena Nardi<\/p>\n<div class=\"pvc_clear\"><\/div><p id=\"pvc_stats_55591\" class=\"pvc_stats all  \" data-element-id=\"55591\" style=\"\"><i class=\"pvc-stats-icon medium\" aria-hidden=\"true\"><svg aria-hidden=\"true\" focusable=\"false\" data-prefix=\"far\" data-icon=\"chart-bar\" role=\"img\" xmlns=\"http:\/\/www.w3.org\/2000\/svg\" viewBox=\"0 0 512 512\" class=\"svg-inline--fa fa-chart-bar fa-w-16 fa-2x\"><path fill=\"currentColor\" d=\"M396.8 352h22.4c6.4 0 12.8-6.4 12.8-12.8V108.8c0-6.4-6.4-12.8-12.8-12.8h-22.4c-6.4 0-12.8 6.4-12.8 12.8v230.4c0 6.4 6.4 12.8 12.8 12.8zm-192 0h22.4c6.4 0 12.8-6.4 12.8-12.8V140.8c0-6.4-6.4-12.8-12.8-12.8h-22.4c-6.4 0-12.8 6.4-12.8 12.8v198.4c0 6.4 6.4 12.8 12.8 12.8zm96 0h22.4c6.4 0 12.8-6.4 12.8-12.8V204.8c0-6.4-6.4-12.8-12.8-12.8h-22.4c-6.4 0-12.8 6.4-12.8 12.8v134.4c0 6.4 6.4 12.8 12.8 12.8zM496 400H48V80c0-8.84-7.16-16-16-16H16C7.16 64 0 71.16 0 80v336c0 17.67 14.33 32 32 32h464c8.84 0 16-7.16 16-16v-16c0-8.84-7.16-16-16-16zm-387.2-48h22.4c6.4 0 12.8-6.4 12.8-12.8v-70.4c0-6.4-6.4-12.8-12.8-12.8h-22.4c-6.4 0-12.8 6.4-12.8 12.8v70.4c0 6.4 6.4 12.8 12.8 12.8z\" class=\"\"><\/path><\/svg><\/i> <img loading=\"lazy\" decoding=\"async\" width=\"16\" height=\"16\" alt=\"Loading\" src=\"https:\/\/www.raccontinellarete.it\/301\/wp-content\/plugins\/page-views-count\/ajax-loader-2x.gif\" border=0 \/><\/p><div class=\"pvc_clear\"><\/div>","protected":false},"excerpt":{"rendered":"<p>L&#8217;antologia, edita da Castelvecchi, accoglier\u00e0 i venticinque racconti vincitori della 24^ edizione del Premio.&nbsp; Marilena Nardi \u00e8 la terza illustratrice a firmare la copertina dopo Silvia Ziche nel 2017 e Margherita Allegri nel 2023.&nbsp; L&#8217;immagine verr\u00e0 utilizzata anche per il manifesto della trentunesima edizione del festival LuccAutori.\u00a0 Marilena Nardi \u00e8 una vignettista e illustratrice. Docente [&hellip;]<\/p>\n<div class=\"pvc_clear\"><\/div>\n<p id=\"pvc_stats_55591\" class=\"pvc_stats all  \" data-element-id=\"55591\" style=\"\"><i class=\"pvc-stats-icon medium\" aria-hidden=\"true\"><svg aria-hidden=\"true\" focusable=\"false\" data-prefix=\"far\" data-icon=\"chart-bar\" role=\"img\" xmlns=\"http:\/\/www.w3.org\/2000\/svg\" viewBox=\"0 0 512 512\" class=\"svg-inline--fa fa-chart-bar fa-w-16 fa-2x\"><path fill=\"currentColor\" d=\"M396.8 352h22.4c6.4 0 12.8-6.4 12.8-12.8V108.8c0-6.4-6.4-12.8-12.8-12.8h-22.4c-6.4 0-12.8 6.4-12.8 12.8v230.4c0 6.4 6.4 12.8 12.8 12.8zm-192 0h22.4c6.4 0 12.8-6.4 12.8-12.8V140.8c0-6.4-6.4-12.8-12.8-12.8h-22.4c-6.4 0-12.8 6.4-12.8 12.8v198.4c0 6.4 6.4 12.8 12.8 12.8zm96 0h22.4c6.4 0 12.8-6.4 12.8-12.8V204.8c0-6.4-6.4-12.8-12.8-12.8h-22.4c-6.4 0-12.8 6.4-12.8 12.8v134.4c0 6.4 6.4 12.8 12.8 12.8zM496 400H48V80c0-8.84-7.16-16-16-16H16C7.16 64 0 71.16 0 80v336c0 17.67 14.33 32 32 32h464c8.84 0 16-7.16 16-16v-16c0-8.84-7.16-16-16-16zm-387.2-48h22.4c6.4 0 12.8-6.4 12.8-12.8v-70.4c0-6.4-6.4-12.8-12.8-12.8h-22.4c-6.4 0-12.8 6.4-12.8 12.8v70.4c0 6.4 6.4 12.8 12.8 12.8z\" class=\"\"><\/path><\/svg><\/i> <img loading=\"lazy\" decoding=\"async\" width=\"16\" height=\"16\" alt=\"Loading\" src=\"https:\/\/www.raccontinellarete.it\/301\/wp-content\/plugins\/page-views-count\/ajax-loader-2x.gif\" border=0 \/><\/p>\n<div class=\"pvc_clear\"><\/div>\n","protected":false},"author":3,"featured_media":55592,"comment_status":"open","ping_status":"closed","sticky":false,"template":"","format":"standard","meta":{"footnotes":""},"categories":[87,547,543,5],"tags":[],"class_list":["post-55591","post","type-post","status-publish","format-standard","has-post-thumbnail","hentry","category-comunicato-stampa","category-f-o-r-u-m","category-forum-di-racconti-nella-rete","category-racconti-nella-rete"],"_links":{"self":[{"href":"https:\/\/www.raccontinellarete.it\/index.php?rest_route=\/wp\/v2\/posts\/55591"}],"collection":[{"href":"https:\/\/www.raccontinellarete.it\/index.php?rest_route=\/wp\/v2\/posts"}],"about":[{"href":"https:\/\/www.raccontinellarete.it\/index.php?rest_route=\/wp\/v2\/types\/post"}],"author":[{"embeddable":true,"href":"https:\/\/www.raccontinellarete.it\/index.php?rest_route=\/wp\/v2\/users\/3"}],"replies":[{"embeddable":true,"href":"https:\/\/www.raccontinellarete.it\/index.php?rest_route=%2Fwp%2Fv2%2Fcomments&post=55591"}],"version-history":[{"count":4,"href":"https:\/\/www.raccontinellarete.it\/index.php?rest_route=\/wp\/v2\/posts\/55591\/revisions"}],"predecessor-version":[{"id":55598,"href":"https:\/\/www.raccontinellarete.it\/index.php?rest_route=\/wp\/v2\/posts\/55591\/revisions\/55598"}],"wp:featuredmedia":[{"embeddable":true,"href":"https:\/\/www.raccontinellarete.it\/index.php?rest_route=\/wp\/v2\/media\/55592"}],"wp:attachment":[{"href":"https:\/\/www.raccontinellarete.it\/index.php?rest_route=%2Fwp%2Fv2%2Fmedia&parent=55591"}],"wp:term":[{"taxonomy":"category","embeddable":true,"href":"https:\/\/www.raccontinellarete.it\/index.php?rest_route=%2Fwp%2Fv2%2Fcategories&post=55591"},{"taxonomy":"post_tag","embeddable":true,"href":"https:\/\/www.raccontinellarete.it\/index.php?rest_route=%2Fwp%2Fv2%2Ftags&post=55591"}],"curies":[{"name":"wp","href":"https:\/\/api.w.org\/{rel}","templated":true}]}}