{"id":55497,"date":"2024-11-15T19:23:10","date_gmt":"2024-11-15T18:23:10","guid":{"rendered":"https:\/\/www.raccontinellarete.it\/?p=55497"},"modified":"2024-11-16T15:03:14","modified_gmt":"2024-11-16T14:03:14","slug":"martedi-19-novembre-alle-11-10-il-festival-luccautori-su-rai-tre","status":"publish","type":"post","link":"https:\/\/www.raccontinellarete.it\/?p=55497","title":{"rendered":"Martedi 19 novembre alle 11.10 il Festival LuccAutori su Rai Tre"},"content":{"rendered":"\n<p><strong>Marted\u00ec 19 novembre alle 11.10 su Rai Tre andr\u00e0 in onda uno speciale realizzato da Rai Parlamento, &#8220;Spazio libero&#8221;, in occasione dei trent\u2019anni del festival LuccAutori.<\/strong> <\/p>\n\n\n\n<p>Intervengono Demetrio Brandi, presidente del festival, l\u2019illustratore Fabio Sironi \u2013 autore della copertina dell\u2019antologia Racconti nella Rete 2024, Il giornalista e caporedattore di Budu\u00e0r, \u00a0Marco De Angelis,\u00a0 il vice direttore di Rai Sport Marco Lollobrigida,\u00a0 gli scrittori Lucia Macchiarini, Simone Colombo e Simona Visciglia.\u00a0Si vedranno le immagini della mostra \u201cUn bel d\u00ec vedremo\u201d a cura di Stefano Giraldi, dedicata a Giacomo Puccini, e \u201cRacconti a colori\u201d realizzata dagli studenti del liceo artistico Passaglia che hanno illustrato i racconti vincitori del premio.\u00a0<\/p>\n\n\n\n<p>La conduttrice del programma, Marina Giraldi, parler\u00e0 del cortometraggio \u201cEpifania d\u2019agosto\u201d tratto dal soggetto scritto da Simona Visciglia,&nbsp; diretto da Giuseppe Ferlito e prodotto da LuccAutori e Scuola di Cinema Immagina.&nbsp; Tanti gli ospiti della 30^ edizione del festival che hanno dato vita ad incontri estremamente interessanti condotti da Elena Marchini; tra questi Vittorino Andreoli, Marcello Sorgi, Bruno Bozzetto, Chiara Lico, Lido Contemori, Maurizio Sessa, Luigi Nicolini, Maria Cristina Di Giuseppe, Herman Cole, Cinzia Della Ciana, Andrea Matucci, Roberta Vacca, Dino Aloi, Alessandro Prevosto, Laura Lapis e Paolo Restuccia.&nbsp;&nbsp;<strong>&nbsp;<\/strong>Importante il sostegno del Comune di Lucca e della Fondazione Cassa di Risparmio di Lucca, Fondazione Banca del Monte di Lucca e Unicoopfirenze.&nbsp; Le collaborazioni culturali con la Rai, Fondazione Mario Tobino,&nbsp; Rotary Club Lucca, Fondazione Giovanni Pascoli, Fondazione Italian Digital Revolution e con il premio letterario Casin\u00f2 di Sanremo \u201cAntonio Semeria\u201d. <\/p>\n\n\n\n<p>Il servizio televisivo dar\u00e0 il via alla 24^ edizione del premio letterario Racconti nella Rete, il pi\u00f9 grande premio nazionale per inediti,&nbsp; gi\u00e0 disponibile online nel sito <a href=\"https:\/\/www.raccontinellarete.it\">www.raccontinellarete.it<\/a>.&nbsp;<\/p>\n\n\n\n<p>Questi i venticinque scrittori che hanno vinto la selezione 2024: Alfonso Angrisani, Lorenzo Bellandi, Anna Rita Bevacqua, Patrizia Carnevali, Massimiliano Ciarrocca, Simone Colombo, Roberto Di Salvo, Francesca Emanuelli, Fabio Fulfaro, Claudia Gambarotta, Lucia Macchiarini, Stefania Magnani, Francesco Maltarello, Giorgio Marconi, Giacomo Marchi, Virginia Martini, Damiana Marzano, Paola Mereu, Andrea Polini, Paola Romanelli, Monica Savoia, Salvatore Tomasello, Rossella Toscano, Marco Turella, Antonella Zanca. La sezione corti \u00e8 stata vinta da Simona Visciglia.<\/p>\n\n\n\n<figure class=\"wp-block-image size-large\"><img loading=\"lazy\" decoding=\"async\" width=\"1024\" height=\"618\" src=\"https:\/\/www.raccontinellarete.it\/301\/wp-content\/uploads\/2024\/10\/43-1024x618.jpeg\" alt=\"\" class=\"wp-image-55331\" srcset=\"https:\/\/www.raccontinellarete.it\/301\/wp-content\/uploads\/2024\/10\/43-1024x618.jpeg 1024w, https:\/\/www.raccontinellarete.it\/301\/wp-content\/uploads\/2024\/10\/43-344x208.jpeg 344w, https:\/\/www.raccontinellarete.it\/301\/wp-content\/uploads\/2024\/10\/43-768x464.jpeg 768w, https:\/\/www.raccontinellarete.it\/301\/wp-content\/uploads\/2024\/10\/43-1536x927.jpeg 1536w, https:\/\/www.raccontinellarete.it\/301\/wp-content\/uploads\/2024\/10\/43.jpeg 2048w\" sizes=\"(max-width: 1024px) 100vw, 1024px\" \/><\/figure>\n<div class=\"pvc_clear\"><\/div><p id=\"pvc_stats_55497\" class=\"pvc_stats all  \" data-element-id=\"55497\" style=\"\"><i class=\"pvc-stats-icon medium\" aria-hidden=\"true\"><svg aria-hidden=\"true\" focusable=\"false\" data-prefix=\"far\" data-icon=\"chart-bar\" role=\"img\" xmlns=\"http:\/\/www.w3.org\/2000\/svg\" viewBox=\"0 0 512 512\" class=\"svg-inline--fa fa-chart-bar fa-w-16 fa-2x\"><path fill=\"currentColor\" d=\"M396.8 352h22.4c6.4 0 12.8-6.4 12.8-12.8V108.8c0-6.4-6.4-12.8-12.8-12.8h-22.4c-6.4 0-12.8 6.4-12.8 12.8v230.4c0 6.4 6.4 12.8 12.8 12.8zm-192 0h22.4c6.4 0 12.8-6.4 12.8-12.8V140.8c0-6.4-6.4-12.8-12.8-12.8h-22.4c-6.4 0-12.8 6.4-12.8 12.8v198.4c0 6.4 6.4 12.8 12.8 12.8zm96 0h22.4c6.4 0 12.8-6.4 12.8-12.8V204.8c0-6.4-6.4-12.8-12.8-12.8h-22.4c-6.4 0-12.8 6.4-12.8 12.8v134.4c0 6.4 6.4 12.8 12.8 12.8zM496 400H48V80c0-8.84-7.16-16-16-16H16C7.16 64 0 71.16 0 80v336c0 17.67 14.33 32 32 32h464c8.84 0 16-7.16 16-16v-16c0-8.84-7.16-16-16-16zm-387.2-48h22.4c6.4 0 12.8-6.4 12.8-12.8v-70.4c0-6.4-6.4-12.8-12.8-12.8h-22.4c-6.4 0-12.8 6.4-12.8 12.8v70.4c0 6.4 6.4 12.8 12.8 12.8z\" class=\"\"><\/path><\/svg><\/i> <img loading=\"lazy\" decoding=\"async\" width=\"16\" height=\"16\" alt=\"Loading\" src=\"https:\/\/www.raccontinellarete.it\/301\/wp-content\/plugins\/page-views-count\/ajax-loader-2x.gif\" border=0 \/><\/p><div class=\"pvc_clear\"><\/div>","protected":false},"excerpt":{"rendered":"<p>Marted\u00ec 19 novembre alle 11.10 su Rai Tre andr\u00e0 in onda uno speciale realizzato da Rai Parlamento, &#8220;Spazio libero&#8221;, in occasione dei trent\u2019anni del festival LuccAutori. Intervengono Demetrio Brandi, presidente del festival, l\u2019illustratore Fabio Sironi \u2013 autore della copertina dell\u2019antologia Racconti nella Rete 2024, Il giornalista e caporedattore di Budu\u00e0r, \u00a0Marco De Angelis,\u00a0 il vice [&hellip;]<\/p>\n<div class=\"pvc_clear\"><\/div>\n<p id=\"pvc_stats_55497\" class=\"pvc_stats all  \" data-element-id=\"55497\" style=\"\"><i class=\"pvc-stats-icon medium\" aria-hidden=\"true\"><svg aria-hidden=\"true\" focusable=\"false\" data-prefix=\"far\" data-icon=\"chart-bar\" role=\"img\" xmlns=\"http:\/\/www.w3.org\/2000\/svg\" viewBox=\"0 0 512 512\" class=\"svg-inline--fa fa-chart-bar fa-w-16 fa-2x\"><path fill=\"currentColor\" d=\"M396.8 352h22.4c6.4 0 12.8-6.4 12.8-12.8V108.8c0-6.4-6.4-12.8-12.8-12.8h-22.4c-6.4 0-12.8 6.4-12.8 12.8v230.4c0 6.4 6.4 12.8 12.8 12.8zm-192 0h22.4c6.4 0 12.8-6.4 12.8-12.8V140.8c0-6.4-6.4-12.8-12.8-12.8h-22.4c-6.4 0-12.8 6.4-12.8 12.8v198.4c0 6.4 6.4 12.8 12.8 12.8zm96 0h22.4c6.4 0 12.8-6.4 12.8-12.8V204.8c0-6.4-6.4-12.8-12.8-12.8h-22.4c-6.4 0-12.8 6.4-12.8 12.8v134.4c0 6.4 6.4 12.8 12.8 12.8zM496 400H48V80c0-8.84-7.16-16-16-16H16C7.16 64 0 71.16 0 80v336c0 17.67 14.33 32 32 32h464c8.84 0 16-7.16 16-16v-16c0-8.84-7.16-16-16-16zm-387.2-48h22.4c6.4 0 12.8-6.4 12.8-12.8v-70.4c0-6.4-6.4-12.8-12.8-12.8h-22.4c-6.4 0-12.8 6.4-12.8 12.8v70.4c0 6.4 6.4 12.8 12.8 12.8z\" class=\"\"><\/path><\/svg><\/i> <img loading=\"lazy\" decoding=\"async\" width=\"16\" height=\"16\" alt=\"Loading\" src=\"https:\/\/www.raccontinellarete.it\/301\/wp-content\/plugins\/page-views-count\/ajax-loader-2x.gif\" border=0 \/><\/p>\n<div class=\"pvc_clear\"><\/div>\n","protected":false},"author":3,"featured_media":55498,"comment_status":"open","ping_status":"closed","sticky":false,"template":"","format":"standard","meta":{"footnotes":""},"categories":[87,547,543,5],"tags":[],"class_list":["post-55497","post","type-post","status-publish","format-standard","has-post-thumbnail","hentry","category-comunicato-stampa","category-f-o-r-u-m","category-forum-di-racconti-nella-rete","category-racconti-nella-rete"],"_links":{"self":[{"href":"https:\/\/www.raccontinellarete.it\/index.php?rest_route=\/wp\/v2\/posts\/55497"}],"collection":[{"href":"https:\/\/www.raccontinellarete.it\/index.php?rest_route=\/wp\/v2\/posts"}],"about":[{"href":"https:\/\/www.raccontinellarete.it\/index.php?rest_route=\/wp\/v2\/types\/post"}],"author":[{"embeddable":true,"href":"https:\/\/www.raccontinellarete.it\/index.php?rest_route=\/wp\/v2\/users\/3"}],"replies":[{"embeddable":true,"href":"https:\/\/www.raccontinellarete.it\/index.php?rest_route=%2Fwp%2Fv2%2Fcomments&post=55497"}],"version-history":[{"count":7,"href":"https:\/\/www.raccontinellarete.it\/index.php?rest_route=\/wp\/v2\/posts\/55497\/revisions"}],"predecessor-version":[{"id":55507,"href":"https:\/\/www.raccontinellarete.it\/index.php?rest_route=\/wp\/v2\/posts\/55497\/revisions\/55507"}],"wp:featuredmedia":[{"embeddable":true,"href":"https:\/\/www.raccontinellarete.it\/index.php?rest_route=\/wp\/v2\/media\/55498"}],"wp:attachment":[{"href":"https:\/\/www.raccontinellarete.it\/index.php?rest_route=%2Fwp%2Fv2%2Fmedia&parent=55497"}],"wp:term":[{"taxonomy":"category","embeddable":true,"href":"https:\/\/www.raccontinellarete.it\/index.php?rest_route=%2Fwp%2Fv2%2Fcategories&post=55497"},{"taxonomy":"post_tag","embeddable":true,"href":"https:\/\/www.raccontinellarete.it\/index.php?rest_route=%2Fwp%2Fv2%2Ftags&post=55497"}],"curies":[{"name":"wp","href":"https:\/\/api.w.org\/{rel}","templated":true}]}}