{"id":55433,"date":"2024-10-30T19:35:33","date_gmt":"2024-10-30T18:35:33","guid":{"rendered":"https:\/\/www.raccontinellarete.it\/?p=55433"},"modified":"2024-10-30T19:35:34","modified_gmt":"2024-10-30T18:35:34","slug":"premio-racconti-nella-rete-2025-la-casa-abbandonata-di-irene-saettini","status":"publish","type":"post","link":"https:\/\/www.raccontinellarete.it\/?p=55433","title":{"rendered":"Premio Racconti nella Rete 2025 &#8220;La casa abbandonata&#8221; di Irene Saettini"},"content":{"rendered":"\n<p>In un angolo dimenticato del bosco, una casa abbandonata si ergeva contro il cielo plumbeo, circondata da alberi nodosi e cespugli incolti. Le pareti di legno sembravano gemere sotto il peso degli anni, e le finestre, oramai vetrate da ragnatele, guardavano il mondo con un&#8217;espressione di malanimo. La leggenda narrava di una strega che vi aveva abitato, una figura temuta e rispettata dagli abitanti del villaggio vicino, la quale si diceva fosse scomparsa in circostanze misteriose.<\/p>\n\n\n\n<p>Una notte di ottobre, un gruppo di adolescenti, spinti dalla curiosit\u00e0 e dall\u2019adrenalina, decisero di esplorare la casa. Armati di torce e di risate spavalde, si inoltrarono nell&#8217;oscura dimora. L&#8217;atmosfera era densa e inquietante, come se l&#8217;aria stessa avesse paura di manifestarsi. Le crepe nei muri sembravano formare volti inquieti, e ogni scricchiolio del pavimento rimbombava come un grido.<\/p>\n\n\n\n<p>Dopo pochi minuti, Matteo, Sara ed Elena si ritrovarono nella grande sala principale. Una vecchia tavola in legno scricchiol\u00f2 sotto il loro peso. Sull&#8217;angolo, un camino annerito sembrava custodire segreti affondati e dimenticati. <\/p>\n\n\n\n<p>Assordanti silenzi abitavano le loro anime.  Una polvere spessa copriva ogni superficie, ma tra le macerie, un oggetto attir\u00f2 l\u2019attenzione di Matteo: un antico libro rilegato in pelle.<\/p>\n\n\n\n<p>&#8220;Guardate!&#8221; esclam\u00f2, sollevando il libro. &#8220;Sembra un grimorio!&#8221;<\/p>\n\n\n\n<p>Gli altri si avvicinarono, eccitati. Con cautela, Matteo apr\u00ec il libro, le pagine ingiallite si sfogliarono rivelando formule magiche e immagini di rituali arcani. Pi\u00f9 leggeva, pi\u00f9 un&#8217;atmosfera di disagio si diffondeva nella stanza. Le parole sembravano prendere vita, fluttuando nell&#8217;aria come un sussurro sinistro.<\/p>\n\n\n\n<p>Un forte rumore risuon\u00f2 dal piano superiore. Un suono secco e pesante, come se qualcosa fosse caduto.  &#8220;Che cosa \u00e8 stato?&#8221; chiese Sara, con la voce tremante. Matteo, preso dall\u2019ansia di dimostrare il suo coraggio, si fece avanti e propose di investigare. Gli altri, riluttanti ma incapaci di opporsi all&#8217;impulso dell&#8217;amico , lo seguirono.<\/p>\n\n\n\n<p>Salendo le scale scricchiolanti, la luce delle torce tremolava, proiettando ombre danzanti sui muri. Ognuno di loro sentiva un crescente senso di oppressione, ma l\u2019attrazione dell&#8217;ignoto era pi\u00f9 forte della paura. Arrivarono a un lungo corridoio. Le porte, chiuse e consumate dal tempo, sembravano veggieurtare.<\/p>\n\n\n\n<p>Una porta, per\u00f2, era lasciata aperta. Da quella stanza provenivano voci indistinte e, con un misto di curiosit\u00e0 e terrorizzante timore, i ragazzi si avvicinarono. Spingendo il battente, si trovarono di fronte a una scena desolante: la stanza era vuota, tranne per uno specchio antico, incorniciato in legno intagliato, che rifletteva le loro immagini.<\/p>\n\n\n\n<p>Improvvisamente, il libro rilasci\u00f2 uno scoppio di fumo nero. Quasi in un riflesso, le loro figure nello specchio iniziarono a muoversi da sole, sorridendo in modo beffardo. Disorientati, si voltarono per scappare, ma la porta si chiuse con un fragore dietro di loro.<\/p>\n\n\n\n<p class=\"has-white-background-color has-background\">Giulia, una delle ragazze del gruppo, sent\u00ec un gelo attraversarle la schiena. &#8220;Dobbiamo andare via!&#8221; url\u00f2, ma la sua voce sembrava svanire nel nulla. Le pareti della casa cominciarono a sanguinare. <\/p>\n\n\n\n<p class=\"has-white-background-color has-background\">La strega era tornata.<\/p>\n\n\n\n<p>Immediatamente, la stanza si riemp\u00ec di risate malefiche, e le figure speculari iniziarono ad avanzare, mentre l\u2019oscurit\u00e0 avvolgeva i ragazzi. Matteo cerc\u00f2 disperatamente di aprire la porta, ma era bloccata. Alcune ombre si allungarono e li afferrarono uno ad uno. Giulia, nell\u2019ultima disperata fuga, afferr\u00f2 il grimorio e lo scagli\u00f2 contro lo specchio, rompendolo.<\/p>\n\n\n\n<p>Un forte squarcio di luce, e l\u2019oscurit\u00e0 si ritir\u00f2 all&#8217;improvviso. I ragazzi si ritrovarono uno accanto all\u2019altro, respirando affannosamente in una stanza silenziosa e deserta. Ma quando si voltarono verso l&#8217;uscita, la porta non si apriva. <\/p>\n\n\n\n<p>La casa era cambiata.<\/p>\n\n\n\n<p>Riuscirono comunque a scappare, ma nei loro cuori sapevano che qualcosa di oscuro li aveva seguiti. Fuori, sotto il cielo stellato, giurarono di non raccontare mai ci\u00f2 che era successo, ma la casa abbandonata rimase l\u00ec, silenziosa e avvolta nel mistero, in attesa di altre anime curiose da risucchiare nel suo eterno incanto maledetto.<\/p>\n\n\n\n<figure class=\"wp-block-image\"><img decoding=\"async\" src=\"https:\/\/lh3.googleusercontent.com\/a\/ACg8ocJzl93r_MKzQlz2BXFT_6sTBBsy_cHrw-RoqXkf7jRv7TNEFVYS=s40-p\" alt=\"\" \/><\/figure>\n\n\n\n<figure class=\"wp-block-table\"><table class=\"has-fixed-layout\"><tbody><tr><td><\/td><td><\/td><\/tr><\/tbody><\/table><\/figure>\n<div class=\"pvc_clear\"><\/div><p id=\"pvc_stats_55433\" class=\"pvc_stats all  \" data-element-id=\"55433\" style=\"\"><i class=\"pvc-stats-icon medium\" aria-hidden=\"true\"><svg aria-hidden=\"true\" focusable=\"false\" data-prefix=\"far\" data-icon=\"chart-bar\" role=\"img\" xmlns=\"http:\/\/www.w3.org\/2000\/svg\" viewBox=\"0 0 512 512\" class=\"svg-inline--fa fa-chart-bar fa-w-16 fa-2x\"><path fill=\"currentColor\" d=\"M396.8 352h22.4c6.4 0 12.8-6.4 12.8-12.8V108.8c0-6.4-6.4-12.8-12.8-12.8h-22.4c-6.4 0-12.8 6.4-12.8 12.8v230.4c0 6.4 6.4 12.8 12.8 12.8zm-192 0h22.4c6.4 0 12.8-6.4 12.8-12.8V140.8c0-6.4-6.4-12.8-12.8-12.8h-22.4c-6.4 0-12.8 6.4-12.8 12.8v198.4c0 6.4 6.4 12.8 12.8 12.8zm96 0h22.4c6.4 0 12.8-6.4 12.8-12.8V204.8c0-6.4-6.4-12.8-12.8-12.8h-22.4c-6.4 0-12.8 6.4-12.8 12.8v134.4c0 6.4 6.4 12.8 12.8 12.8zM496 400H48V80c0-8.84-7.16-16-16-16H16C7.16 64 0 71.16 0 80v336c0 17.67 14.33 32 32 32h464c8.84 0 16-7.16 16-16v-16c0-8.84-7.16-16-16-16zm-387.2-48h22.4c6.4 0 12.8-6.4 12.8-12.8v-70.4c0-6.4-6.4-12.8-12.8-12.8h-22.4c-6.4 0-12.8 6.4-12.8 12.8v70.4c0 6.4 6.4 12.8 12.8 12.8z\" class=\"\"><\/path><\/svg><\/i> <img loading=\"lazy\" decoding=\"async\" width=\"16\" height=\"16\" alt=\"Loading\" src=\"https:\/\/www.raccontinellarete.it\/301\/wp-content\/plugins\/page-views-count\/ajax-loader-2x.gif\" border=0 \/><\/p><div class=\"pvc_clear\"><\/div>","protected":false},"excerpt":{"rendered":"<p>In un angolo dimenticato del bosco, una casa abbandonata si ergeva contro il cielo plumbeo, circondata da alberi nodosi e cespugli incolti. Le pareti di legno sembravano gemere sotto il peso degli anni, e le finestre, oramai vetrate da ragnatele, guardavano il mondo con un&#8217;espressione di malanimo. La leggenda narrava di una strega che vi [&hellip;]<\/p>\n<div class=\"pvc_clear\"><\/div>\n<p id=\"pvc_stats_55433\" class=\"pvc_stats all  \" data-element-id=\"55433\" style=\"\"><i class=\"pvc-stats-icon medium\" aria-hidden=\"true\"><svg aria-hidden=\"true\" focusable=\"false\" data-prefix=\"far\" data-icon=\"chart-bar\" role=\"img\" xmlns=\"http:\/\/www.w3.org\/2000\/svg\" viewBox=\"0 0 512 512\" class=\"svg-inline--fa fa-chart-bar fa-w-16 fa-2x\"><path fill=\"currentColor\" d=\"M396.8 352h22.4c6.4 0 12.8-6.4 12.8-12.8V108.8c0-6.4-6.4-12.8-12.8-12.8h-22.4c-6.4 0-12.8 6.4-12.8 12.8v230.4c0 6.4 6.4 12.8 12.8 12.8zm-192 0h22.4c6.4 0 12.8-6.4 12.8-12.8V140.8c0-6.4-6.4-12.8-12.8-12.8h-22.4c-6.4 0-12.8 6.4-12.8 12.8v198.4c0 6.4 6.4 12.8 12.8 12.8zm96 0h22.4c6.4 0 12.8-6.4 12.8-12.8V204.8c0-6.4-6.4-12.8-12.8-12.8h-22.4c-6.4 0-12.8 6.4-12.8 12.8v134.4c0 6.4 6.4 12.8 12.8 12.8zM496 400H48V80c0-8.84-7.16-16-16-16H16C7.16 64 0 71.16 0 80v336c0 17.67 14.33 32 32 32h464c8.84 0 16-7.16 16-16v-16c0-8.84-7.16-16-16-16zm-387.2-48h22.4c6.4 0 12.8-6.4 12.8-12.8v-70.4c0-6.4-6.4-12.8-12.8-12.8h-22.4c-6.4 0-12.8 6.4-12.8 12.8v70.4c0 6.4 6.4 12.8 12.8 12.8z\" class=\"\"><\/path><\/svg><\/i> <img loading=\"lazy\" decoding=\"async\" width=\"16\" height=\"16\" alt=\"Loading\" src=\"https:\/\/www.raccontinellarete.it\/301\/wp-content\/plugins\/page-views-count\/ajax-loader-2x.gif\" border=0 \/><\/p>\n<div class=\"pvc_clear\"><\/div>\n","protected":false},"author":33315,"featured_media":0,"comment_status":"open","ping_status":"closed","sticky":false,"template":"","format":"standard","meta":{"footnotes":""},"categories":[703],"tags":[],"class_list":["post-55433","post","type-post","status-publish","format-standard","hentry","category-premio-racconti-nella-rete-2025"],"_links":{"self":[{"href":"https:\/\/www.raccontinellarete.it\/index.php?rest_route=\/wp\/v2\/posts\/55433"}],"collection":[{"href":"https:\/\/www.raccontinellarete.it\/index.php?rest_route=\/wp\/v2\/posts"}],"about":[{"href":"https:\/\/www.raccontinellarete.it\/index.php?rest_route=\/wp\/v2\/types\/post"}],"author":[{"embeddable":true,"href":"https:\/\/www.raccontinellarete.it\/index.php?rest_route=\/wp\/v2\/users\/33315"}],"replies":[{"embeddable":true,"href":"https:\/\/www.raccontinellarete.it\/index.php?rest_route=%2Fwp%2Fv2%2Fcomments&post=55433"}],"version-history":[{"count":2,"href":"https:\/\/www.raccontinellarete.it\/index.php?rest_route=\/wp\/v2\/posts\/55433\/revisions"}],"predecessor-version":[{"id":55440,"href":"https:\/\/www.raccontinellarete.it\/index.php?rest_route=\/wp\/v2\/posts\/55433\/revisions\/55440"}],"wp:attachment":[{"href":"https:\/\/www.raccontinellarete.it\/index.php?rest_route=%2Fwp%2Fv2%2Fmedia&parent=55433"}],"wp:term":[{"taxonomy":"category","embeddable":true,"href":"https:\/\/www.raccontinellarete.it\/index.php?rest_route=%2Fwp%2Fv2%2Fcategories&post=55433"},{"taxonomy":"post_tag","embeddable":true,"href":"https:\/\/www.raccontinellarete.it\/index.php?rest_route=%2Fwp%2Fv2%2Ftags&post=55433"}],"curies":[{"name":"wp","href":"https:\/\/api.w.org\/{rel}","templated":true}]}}