{"id":55362,"date":"2024-10-17T12:50:43","date_gmt":"2024-10-17T11:50:43","guid":{"rendered":"https:\/\/www.raccontinellarete.it\/?p=55362"},"modified":"2024-10-17T12:55:27","modified_gmt":"2024-10-17T11:55:27","slug":"domenica-20-giornata-conclusiva-e-premiazioni","status":"publish","type":"post","link":"https:\/\/www.raccontinellarete.it\/?p=55362","title":{"rendered":"LuccAutori &#8211; Domenica 20 ottobre giornata conclusiva e premiazioni"},"content":{"rendered":"\n<p><strong>DOMENICA 20 OTTOBRE\u00a0 Sala Conferenze &#8211; Villa Bottini<\/strong>  <strong>ore 16,30\u00a0<\/strong><\/p>\n\n\n\n<p><strong>Giornata conclusiva del 30\u00b0 festival&nbsp; LuccAutori.&nbsp; Viene presentato il cortometraggio \u201cEpifania d\u2019agosto\u201d di Simona Visciglia &#8211; vincitore della sezione Corti del premio \u201cRacconti nella Rete 2024\u201d.<\/strong><\/p>\n\n\n\n<p><strong>Alle 17<\/strong>\u00a0<strong> \u00a0Presentazione dell\u2019antologia del premio letterario Racconti nella Rete 2024 a cura di Demetrio Brandi (Castelvecchi).<\/strong>\u00a0 \u00a0Maria Elena Marchini incontra gli scrittori: <strong>Lorenzo Bellandi, Anna Rita Bevacqua, Patrizia Carnevali, Massimiliano Ciarrocca, Francesca Emanuelli, Lucia Macchiarini, Stefania Magnani, Giorgio Marconi, Giacomo Marchi, Paola Mereu, Andrea Polini, Monica Savoia, Salvatore Tomasello, Antonella Zanca.\u00a0 \u00a0<\/strong>Letture a cura di <strong>Mario Cenni, Fabio Dostuni e Antonella Lucii<\/strong>. Intervento musicale di <strong>Giuseppe Sanalitro<\/strong>.<\/p>\n\n\n\n<p><strong>PREMIO BUDUAR<\/strong> al miglior racconto umoristico viene consegnato allo scrittore&nbsp;<strong>Giorgio Marconi<\/strong> autore del racconto&nbsp; &nbsp;\u201cL\u2019ospite \u00e8 come il pesce\u201d, tra i vincitori del 23\u00b0 premio Racconti nella Rete. <strong>Consegnano il premio Dino Aloi, Alessandro Prevosto e Marco De Angelis. La scultura in ardesia \u00e8 opera dell\u2019artista Laura Lapis.<\/strong><\/p>\n\n\n\n<p><strong>Ore 18<\/strong> <strong>MARIA CRISTINA DI GIUSEPPE<\/strong> presenta <strong>\u201cL\u2019armaru\u201d (Navarra Editore)<\/strong> , adattamento del testo teatrale nato da un\u2019idea condivisa con Laura Mollica. Di ambientazione siciliana, il romanzo contiene, in forma di QR code, canzoni del repertorio tradizionale e contemporaneo dell\u2019Isola, affidate alla voce di Laura Mollica e agli arrangiamenti del Maestro Giuseppe Greco.&nbsp;&#8220;L&#8217;armaru&#8221; \u00e8 l&#8217;armadio reale a casa della nonna, testimone e custode del passato e del presente, e specchio interiore di ciascuno, ricovero di ricordi e sentimenti. Agata \u00e8 una cantante, ha fatto del vezzo di nonna Lena proprio il suo mestiere, cosa che la riempie di orgoglio. Ora per\u00f2 restano i ricordi e una pesante eredit\u00e0 di cui non riesce a liberarsi: quella casa di via Roma, a Palermo, svuotata di ogni bene, ma ancora pregna di vita, ogni parete \u00e8 intrisa delle molte vite che l&#8217;hanno abitata. C&#8217;\u00e8 poi ancora un &#8220;inquilino&#8221; tra quelle mura: un vecchio armaru (armadio), contenitore e proiettore, amico e carnefice, che inizier\u00e0, a suo modo, a darle segnali e metterla in comunicazione con il misterioso, immenso &#8220;femminile&#8221; che \u00e8 suo destino conoscere. Nel corso della narrazione &#8211; a met\u00e0 tra la prosa e il monologo teatrale &#8211; Agata si lascer\u00e0 guidare da quell&#8217;antico custode che la condurr\u00e0 a inaspettate verit\u00e0 su nonna Lena e sul coro di voci femminili che attorno a lei si raduneranno. Elementi importanti della narrazione sono la musica e il canto, indispensabili nel grande quadro di sentimento e costume siciliano. Prefazione di Tosca.<\/p>\n\n\n\n<p><strong>Ore 18.30 Sala Conferenze Villa Bottini<\/strong><\/p>\n\n\n\n<p><strong>MARCELLO SORGI presenta&nbsp;&nbsp;<\/strong><strong>SAN BERLINGUER (Chiare Lettere)&nbsp; &nbsp; &nbsp;&nbsp;<\/strong>Segretario del Pci tra il 1972 e il 1984, a conclusione e culmine di una lunga militanza, Enrico Berlinguer \u00e8 considerato uno dei personaggi pi\u00f9 iconici, carismatici e indiscutibili della cosiddetta \u00abPrima Repubblica\u00bb. In questo libro Marcello Sorgi ripercorre la sua parabola politica dall\u2019enunciazione della strategia del \u00abcompromesso storico\u00bb che porter\u00e0 al confronto con il presidente della Dc Aldo Moro e ai governi di solidariet\u00e0 nazionale presieduti da Andreotti, al progressivo distacco dall\u2019Unione Sovietica, definitivamente sancito dopo il colpo di Stato<\/p>\n\n\n\n<p>in Polonia del 1981; alle elezioni del 1976 con il risultato storico del 34,37 per cento alla Camera \u2013 a un\u2019incollatura dalla Dc \u2013 fino alla morte prematuramente sopraggiunta durante un comizio, quando il partito era ormai avviato al declino. Contrapponendo la storia alla leggenda e la cronaca all\u2019agiografia, Sorgi offre una lettura inedita della leadership di Berlinguer attraverso la propria diretta testimonianza e i ricordi di alcune figure chiave di quegli anni, tra cui Achille Occhetto, Massimo D\u2019Alema, Giuliano Ferrara e Walter Veltroni. Nell\u2019osservare cos\u00ec da vicino il mausoleo dell\u2019\u00abultimo capo del popolo comunista\u00bb sar\u00e0 impossibile non riconoscerne le crepe, n\u00e9 evitare di interrogarsi sulle ragioni per cui, ancora oggi, la sinistra italiana continua a vivere nella sua ombra.<\/p>\n\n\n\n<p>Interviene Maria Elena Marchini.&nbsp; &nbsp;&nbsp;In sala i libri messi a disposizione dalla Libreria Millestorie.<\/p>\n\n\n\n<p>L&#8217;incontro \u00e8 visibile anche in diretta streaming sul canale youtube di Racconti nella Rete.<\/p>\n\n\n\n<p>Tutti gli incontri sono ad ingresso libero&nbsp;fino ad esaurimento posti<\/p>\n\n\n\n<p>&nbsp;<a href=\"https:\/\/www.raccontinellarete.it\/\">www.raccontinellarete.it<\/a>&nbsp;<\/p>\n\n\n\n<figure class=\"wp-block-image size-full\"><img loading=\"lazy\" decoding=\"async\" width=\"300\" height=\"287\" src=\"https:\/\/www.raccontinellarete.it\/301\/wp-content\/uploads\/2024\/10\/Marcello-Sorgi-300x287-1.jpg\" alt=\"\" class=\"wp-image-55363\" srcset=\"https:\/\/www.raccontinellarete.it\/301\/wp-content\/uploads\/2024\/10\/Marcello-Sorgi-300x287-1.jpg 300w, https:\/\/www.raccontinellarete.it\/301\/wp-content\/uploads\/2024\/10\/Marcello-Sorgi-300x287-1-261x250.jpg 261w\" sizes=\"(max-width: 300px) 100vw, 300px\" \/><\/figure>\n\n\n\n<p>Marcello Sorgi<\/p>\n\n\n\n<figure class=\"wp-block-image size-large\"><img loading=\"lazy\" decoding=\"async\" width=\"1024\" height=\"683\" src=\"https:\/\/www.raccontinellarete.it\/301\/wp-content\/uploads\/2024\/10\/maria-cristina-di-giuseppe-1024x683.jpeg\" alt=\"\" class=\"wp-image-55365\" srcset=\"https:\/\/www.raccontinellarete.it\/301\/wp-content\/uploads\/2024\/10\/maria-cristina-di-giuseppe-1024x683.jpeg 1024w, https:\/\/www.raccontinellarete.it\/301\/wp-content\/uploads\/2024\/10\/maria-cristina-di-giuseppe-344x229.jpeg 344w, https:\/\/www.raccontinellarete.it\/301\/wp-content\/uploads\/2024\/10\/maria-cristina-di-giuseppe-768x512.jpeg 768w, https:\/\/www.raccontinellarete.it\/301\/wp-content\/uploads\/2024\/10\/maria-cristina-di-giuseppe.jpeg 1140w\" sizes=\"(max-width: 1024px) 100vw, 1024px\" \/><\/figure>\n\n\n\n<p>Mariacristina Di Giuseppe<\/p>\n<div class=\"pvc_clear\"><\/div><p id=\"pvc_stats_55362\" class=\"pvc_stats all  \" data-element-id=\"55362\" style=\"\"><i class=\"pvc-stats-icon medium\" aria-hidden=\"true\"><svg aria-hidden=\"true\" focusable=\"false\" data-prefix=\"far\" data-icon=\"chart-bar\" role=\"img\" xmlns=\"http:\/\/www.w3.org\/2000\/svg\" viewBox=\"0 0 512 512\" class=\"svg-inline--fa fa-chart-bar fa-w-16 fa-2x\"><path fill=\"currentColor\" d=\"M396.8 352h22.4c6.4 0 12.8-6.4 12.8-12.8V108.8c0-6.4-6.4-12.8-12.8-12.8h-22.4c-6.4 0-12.8 6.4-12.8 12.8v230.4c0 6.4 6.4 12.8 12.8 12.8zm-192 0h22.4c6.4 0 12.8-6.4 12.8-12.8V140.8c0-6.4-6.4-12.8-12.8-12.8h-22.4c-6.4 0-12.8 6.4-12.8 12.8v198.4c0 6.4 6.4 12.8 12.8 12.8zm96 0h22.4c6.4 0 12.8-6.4 12.8-12.8V204.8c0-6.4-6.4-12.8-12.8-12.8h-22.4c-6.4 0-12.8 6.4-12.8 12.8v134.4c0 6.4 6.4 12.8 12.8 12.8zM496 400H48V80c0-8.84-7.16-16-16-16H16C7.16 64 0 71.16 0 80v336c0 17.67 14.33 32 32 32h464c8.84 0 16-7.16 16-16v-16c0-8.84-7.16-16-16-16zm-387.2-48h22.4c6.4 0 12.8-6.4 12.8-12.8v-70.4c0-6.4-6.4-12.8-12.8-12.8h-22.4c-6.4 0-12.8 6.4-12.8 12.8v70.4c0 6.4 6.4 12.8 12.8 12.8z\" class=\"\"><\/path><\/svg><\/i> <img loading=\"lazy\" decoding=\"async\" width=\"16\" height=\"16\" alt=\"Loading\" src=\"https:\/\/www.raccontinellarete.it\/301\/wp-content\/plugins\/page-views-count\/ajax-loader-2x.gif\" border=0 \/><\/p><div class=\"pvc_clear\"><\/div>","protected":false},"excerpt":{"rendered":"<p>DOMENICA 20 OTTOBRE\u00a0 Sala Conferenze &#8211; Villa Bottini ore 16,30\u00a0 Giornata conclusiva del 30\u00b0 festival&nbsp; LuccAutori.&nbsp; Viene presentato il cortometraggio \u201cEpifania d\u2019agosto\u201d di Simona Visciglia &#8211; vincitore della sezione Corti del premio \u201cRacconti nella Rete 2024\u201d. Alle 17\u00a0 \u00a0Presentazione dell\u2019antologia del premio letterario Racconti nella Rete 2024 a cura di Demetrio Brandi (Castelvecchi).\u00a0 \u00a0Maria Elena [&hellip;]<\/p>\n<div class=\"pvc_clear\"><\/div>\n<p id=\"pvc_stats_55362\" class=\"pvc_stats all  \" data-element-id=\"55362\" style=\"\"><i class=\"pvc-stats-icon medium\" aria-hidden=\"true\"><svg aria-hidden=\"true\" focusable=\"false\" data-prefix=\"far\" data-icon=\"chart-bar\" role=\"img\" xmlns=\"http:\/\/www.w3.org\/2000\/svg\" viewBox=\"0 0 512 512\" class=\"svg-inline--fa fa-chart-bar fa-w-16 fa-2x\"><path fill=\"currentColor\" d=\"M396.8 352h22.4c6.4 0 12.8-6.4 12.8-12.8V108.8c0-6.4-6.4-12.8-12.8-12.8h-22.4c-6.4 0-12.8 6.4-12.8 12.8v230.4c0 6.4 6.4 12.8 12.8 12.8zm-192 0h22.4c6.4 0 12.8-6.4 12.8-12.8V140.8c0-6.4-6.4-12.8-12.8-12.8h-22.4c-6.4 0-12.8 6.4-12.8 12.8v198.4c0 6.4 6.4 12.8 12.8 12.8zm96 0h22.4c6.4 0 12.8-6.4 12.8-12.8V204.8c0-6.4-6.4-12.8-12.8-12.8h-22.4c-6.4 0-12.8 6.4-12.8 12.8v134.4c0 6.4 6.4 12.8 12.8 12.8zM496 400H48V80c0-8.84-7.16-16-16-16H16C7.16 64 0 71.16 0 80v336c0 17.67 14.33 32 32 32h464c8.84 0 16-7.16 16-16v-16c0-8.84-7.16-16-16-16zm-387.2-48h22.4c6.4 0 12.8-6.4 12.8-12.8v-70.4c0-6.4-6.4-12.8-12.8-12.8h-22.4c-6.4 0-12.8 6.4-12.8 12.8v70.4c0 6.4 6.4 12.8 12.8 12.8z\" class=\"\"><\/path><\/svg><\/i> <img loading=\"lazy\" decoding=\"async\" width=\"16\" height=\"16\" alt=\"Loading\" src=\"https:\/\/www.raccontinellarete.it\/301\/wp-content\/plugins\/page-views-count\/ajax-loader-2x.gif\" border=0 \/><\/p>\n<div class=\"pvc_clear\"><\/div>\n","protected":false},"author":3,"featured_media":55364,"comment_status":"open","ping_status":"closed","sticky":false,"template":"","format":"standard","meta":{"footnotes":""},"categories":[87,5],"tags":[],"class_list":["post-55362","post","type-post","status-publish","format-standard","has-post-thumbnail","hentry","category-comunicato-stampa","category-racconti-nella-rete"],"_links":{"self":[{"href":"https:\/\/www.raccontinellarete.it\/index.php?rest_route=\/wp\/v2\/posts\/55362"}],"collection":[{"href":"https:\/\/www.raccontinellarete.it\/index.php?rest_route=\/wp\/v2\/posts"}],"about":[{"href":"https:\/\/www.raccontinellarete.it\/index.php?rest_route=\/wp\/v2\/types\/post"}],"author":[{"embeddable":true,"href":"https:\/\/www.raccontinellarete.it\/index.php?rest_route=\/wp\/v2\/users\/3"}],"replies":[{"embeddable":true,"href":"https:\/\/www.raccontinellarete.it\/index.php?rest_route=%2Fwp%2Fv2%2Fcomments&post=55362"}],"version-history":[{"count":2,"href":"https:\/\/www.raccontinellarete.it\/index.php?rest_route=\/wp\/v2\/posts\/55362\/revisions"}],"predecessor-version":[{"id":55368,"href":"https:\/\/www.raccontinellarete.it\/index.php?rest_route=\/wp\/v2\/posts\/55362\/revisions\/55368"}],"wp:featuredmedia":[{"embeddable":true,"href":"https:\/\/www.raccontinellarete.it\/index.php?rest_route=\/wp\/v2\/media\/55364"}],"wp:attachment":[{"href":"https:\/\/www.raccontinellarete.it\/index.php?rest_route=%2Fwp%2Fv2%2Fmedia&parent=55362"}],"wp:term":[{"taxonomy":"category","embeddable":true,"href":"https:\/\/www.raccontinellarete.it\/index.php?rest_route=%2Fwp%2Fv2%2Fcategories&post=55362"},{"taxonomy":"post_tag","embeddable":true,"href":"https:\/\/www.raccontinellarete.it\/index.php?rest_route=%2Fwp%2Fv2%2Ftags&post=55362"}],"curies":[{"name":"wp","href":"https:\/\/api.w.org\/{rel}","templated":true}]}}