{"id":55330,"date":"2024-10-13T18:12:49","date_gmt":"2024-10-13T17:12:49","guid":{"rendered":"https:\/\/www.raccontinellarete.it\/?p=55330"},"modified":"2024-10-13T18:14:33","modified_gmt":"2024-10-13T17:14:33","slug":"la-mostra-racconti-a-colori-gli-studenti-premiati","status":"publish","type":"post","link":"https:\/\/www.raccontinellarete.it\/?p=55330","title":{"rendered":"La mostra &#8220;Racconti a colori 2024&#8221;. Gli studenti premiati"},"content":{"rendered":"\n<p><strong>Il festival LuccAutori ha premiato i lavori realizzati dagli studenti del liceo artistico e musicale Passaglia.&nbsp;<\/strong>&nbsp;<strong>In esposizione a Villa Bottini fino al 20 ottobre (mostra visitabile nel fine settimana) venticinque disegni ispirati ai racconti vincitori del 23\u00b0 premio letterario&nbsp; Racconti nella Rete.&nbsp; <\/strong><\/p>\n\n\n\n<p><strong>Sono intervenuti all\u2019inaugurazione &nbsp;l\u2019illustratore e disegnatore umoristico&nbsp;Lido Contemori,&nbsp; il fotografo d\u2019arte&nbsp;Stefano Giraldi e l\u2019artista&nbsp;Stefano Carlo Vecoli. &nbsp;&nbsp;I premi agli studenti&nbsp; sono stati&nbsp; assegnati dagli artisti Stefano Carlo Vecoli&nbsp;e&nbsp;Angela Volpi. &nbsp;Inoltre i primi tre classificati hanno ricevuto dei buoni per acquisto libri consegnati da Maria Fortini e offerti da Unicoopfirenze, sezione soci Lucca.<\/strong><\/p>\n\n\n\n<p><strong>Mostra RACCONTI A COLORI 2024<\/strong><\/p>\n\n\n\n<p><strong>PREMIATI e motivazioni della giuria<\/strong><\/p>\n\n\n\n<h3 class=\"wp-block-heading\">PRIMO PREMIO<\/h3>\n\n\n\n<p><strong>Daniele Massai <\/strong>per il racconto di Alfonso Angrisani \u201cNiente di pi\u00f9 divertente\u201d<\/p>\n\n\n\n<p>Ottima capacit\u00e0 di rappresentare simbolicamente in modo originale il contenuto del testo: il rapporto dell\u2019uomo con la morte visto attraverso l\u2019ironia. . Emerge un forte valore rappresentativo che supera la descrizione e assume un carattere di metafora creativa. La costruzione dell\u2019immagine \u00e8 ben articolata in una perfetta sintesi. La composizione della tavola \u00e8 ben studiata e personale. La realizzazione denota una valida competenza pittorica con un dosaggio cromatico sicuro e ben articolato. Nel complesso si tratta di una illustrazione di livello piu\u2019 che scolastico e gi\u00e0 adeguatamente professionale.<\/p>\n\n\n\n<h3 class=\"wp-block-heading\">SECONDO PREMIO<\/h3>\n\n\n\n<p><strong>Giorgia Spagnesi <\/strong>per il racconto di Stefania Magnani \u201cUna favola\u201d<\/p>\n\n\n\n<p>Originale resa visiva dell\u2019elemento psicologico legato alla dialettica fra realt\u00e0 e fantasia come suggestione emotiva. Il valore simbolico del messaggio \u00e8 reso dalla figura fantasmatica che interagisce con la protagonista: la vita \u00e8 sogno. La tecnica artistica \u00e8 molto valida e personale. La costruzione dell\u2019immagine \u00e8 ben realizzata in una sintesi appropriata e funzionale alla resa visiva del contenuto letterario.La tavolozza cromatica \u00e8 usata in modo esperto e decisamente appropriato. Nell\u2019insieme quest\u2019opera rivela valide capacit\u00e0 illustrative.<\/p>\n\n\n\n<h3 class=\"wp-block-heading\">TERZO PREMIO<\/h3>\n\n\n\n<p><strong>Elena Bargellini <\/strong>per il racconto di Lorenzo Bellandi \u201cBlu\u201d<\/p>\n\n\n\n<p>Valida realizzazione visiva del contenuto emotivo del testo dove l\u2019elemento portante \u00e8 la struttura dell\u2019albero che accoglie le figure. L\u2019immagine \u00e8 ben costruita e la tavola sintetizza perfettamente consapevolezza e riflessione, elementi chiave del testo narrativo. La resa pittorica \u00e8 molto efficace e rivela una competenza sicura e personale. Si tratta di un lavoro molto ben realizzato sia come tecnica che come resa simbolica.<\/p>\n\n\n\n<h3 class=\"wp-block-heading\">SEGNALATI<\/h3>\n\n\n\n<p>La giuria ritiene di dover segnalare, sia per l\u2019idea che per la buona realizzazione tecnica, i lavori dei seguenti 7 studenti (in ordine non di preferenza ma alfabetico):<\/p>\n\n\n\n<p>\u00b7&nbsp;&nbsp;&nbsp;&nbsp;&nbsp;&nbsp;&nbsp; <strong>Leonardo Caroti<\/strong>  <a>ha illustrato il racconto&nbsp; <\/a>Mia Madre<\/p>\n\n\n\n<p>\u00b7&nbsp;&nbsp;&nbsp;&nbsp;&nbsp;&nbsp;&nbsp; <strong>Silvi Loreline <\/strong>ha illustrato il racconto &nbsp;L\u2019ospite \u00e8 come&nbsp; il pesce &nbsp; <\/p>\n\n\n\n<p>\u00b7&nbsp;&nbsp;&nbsp;&nbsp;&nbsp;&nbsp;&nbsp; <strong>Loris Martini<\/strong> &nbsp;ha illustrato il racconto&nbsp; Zeno<\/p>\n\n\n\n<p>\u00b7&nbsp;&nbsp;&nbsp;&nbsp;&nbsp;&nbsp;&nbsp; <strong>Alice Micheletti<\/strong> ha illustrato il racconto Camera ardente con svista &nbsp;<\/p>\n\n\n\n<p>\u00b7&nbsp;&nbsp;&nbsp;&nbsp;&nbsp;&nbsp;&nbsp; <strong>Aliki Pareti<\/strong> ha illustrato il racconto&nbsp; E\u2019 solo l\u2019inizio<\/p>\n\n\n\n<p>\u00b7&nbsp;&nbsp;&nbsp;&nbsp;&nbsp;&nbsp;&nbsp;&nbsp; <strong>Brigitta Rotunno<\/strong> ha illustrato il racconto&nbsp; il Ramarro<\/p>\n\n\n\n<p>\u00b7&nbsp;&nbsp;&nbsp;&nbsp;&nbsp;&nbsp;&nbsp;&nbsp; <strong>Martina Trusendi<\/strong> &nbsp;ha illustrato il racconto Impronte<\/p>\n\n\n\n<figure class=\"wp-block-image size-large\"><img loading=\"lazy\" decoding=\"async\" width=\"1024\" height=\"618\" src=\"https:\/\/www.raccontinellarete.it\/301\/wp-content\/uploads\/2024\/10\/43-1024x618.jpeg\" alt=\"\" class=\"wp-image-55331\" srcset=\"https:\/\/www.raccontinellarete.it\/301\/wp-content\/uploads\/2024\/10\/43-1024x618.jpeg 1024w, https:\/\/www.raccontinellarete.it\/301\/wp-content\/uploads\/2024\/10\/43-344x208.jpeg 344w, https:\/\/www.raccontinellarete.it\/301\/wp-content\/uploads\/2024\/10\/43-768x464.jpeg 768w, https:\/\/www.raccontinellarete.it\/301\/wp-content\/uploads\/2024\/10\/43-1536x927.jpeg 1536w, https:\/\/www.raccontinellarete.it\/301\/wp-content\/uploads\/2024\/10\/43.jpeg 2048w\" sizes=\"(max-width: 1024px) 100vw, 1024px\" \/><\/figure>\n\n\n\n<figure class=\"wp-block-image size-large\"><img loading=\"lazy\" decoding=\"async\" width=\"1024\" height=\"665\" src=\"https:\/\/www.raccontinellarete.it\/301\/wp-content\/uploads\/2024\/10\/4-1024x665.jpeg\" alt=\"\" class=\"wp-image-55332\" srcset=\"https:\/\/www.raccontinellarete.it\/301\/wp-content\/uploads\/2024\/10\/4-1024x665.jpeg 1024w, https:\/\/www.raccontinellarete.it\/301\/wp-content\/uploads\/2024\/10\/4-344x223.jpeg 344w, https:\/\/www.raccontinellarete.it\/301\/wp-content\/uploads\/2024\/10\/4-768x499.jpeg 768w, https:\/\/www.raccontinellarete.it\/301\/wp-content\/uploads\/2024\/10\/4-1536x998.jpeg 1536w, https:\/\/www.raccontinellarete.it\/301\/wp-content\/uploads\/2024\/10\/4.jpeg 2048w\" sizes=\"(max-width: 1024px) 100vw, 1024px\" \/><\/figure>\n<div class=\"pvc_clear\"><\/div><p id=\"pvc_stats_55330\" class=\"pvc_stats all  \" data-element-id=\"55330\" style=\"\"><i class=\"pvc-stats-icon medium\" aria-hidden=\"true\"><svg aria-hidden=\"true\" focusable=\"false\" data-prefix=\"far\" data-icon=\"chart-bar\" role=\"img\" xmlns=\"http:\/\/www.w3.org\/2000\/svg\" viewBox=\"0 0 512 512\" class=\"svg-inline--fa fa-chart-bar fa-w-16 fa-2x\"><path fill=\"currentColor\" d=\"M396.8 352h22.4c6.4 0 12.8-6.4 12.8-12.8V108.8c0-6.4-6.4-12.8-12.8-12.8h-22.4c-6.4 0-12.8 6.4-12.8 12.8v230.4c0 6.4 6.4 12.8 12.8 12.8zm-192 0h22.4c6.4 0 12.8-6.4 12.8-12.8V140.8c0-6.4-6.4-12.8-12.8-12.8h-22.4c-6.4 0-12.8 6.4-12.8 12.8v198.4c0 6.4 6.4 12.8 12.8 12.8zm96 0h22.4c6.4 0 12.8-6.4 12.8-12.8V204.8c0-6.4-6.4-12.8-12.8-12.8h-22.4c-6.4 0-12.8 6.4-12.8 12.8v134.4c0 6.4 6.4 12.8 12.8 12.8zM496 400H48V80c0-8.84-7.16-16-16-16H16C7.16 64 0 71.16 0 80v336c0 17.67 14.33 32 32 32h464c8.84 0 16-7.16 16-16v-16c0-8.84-7.16-16-16-16zm-387.2-48h22.4c6.4 0 12.8-6.4 12.8-12.8v-70.4c0-6.4-6.4-12.8-12.8-12.8h-22.4c-6.4 0-12.8 6.4-12.8 12.8v70.4c0 6.4 6.4 12.8 12.8 12.8z\" class=\"\"><\/path><\/svg><\/i> <img loading=\"lazy\" decoding=\"async\" width=\"16\" height=\"16\" alt=\"Loading\" src=\"https:\/\/www.raccontinellarete.it\/301\/wp-content\/plugins\/page-views-count\/ajax-loader-2x.gif\" border=0 \/><\/p><div class=\"pvc_clear\"><\/div>","protected":false},"excerpt":{"rendered":"<p>Il festival LuccAutori ha premiato i lavori realizzati dagli studenti del liceo artistico e musicale Passaglia.&nbsp;&nbsp;In esposizione a Villa Bottini fino al 20 ottobre (mostra visitabile nel fine settimana) venticinque disegni ispirati ai racconti vincitori del 23\u00b0 premio letterario&nbsp; Racconti nella Rete.&nbsp; Sono intervenuti all\u2019inaugurazione &nbsp;l\u2019illustratore e disegnatore umoristico&nbsp;Lido Contemori,&nbsp; il fotografo d\u2019arte&nbsp;Stefano Giraldi e [&hellip;]<\/p>\n<div class=\"pvc_clear\"><\/div>\n<p id=\"pvc_stats_55330\" class=\"pvc_stats all  \" data-element-id=\"55330\" style=\"\"><i class=\"pvc-stats-icon medium\" aria-hidden=\"true\"><svg aria-hidden=\"true\" focusable=\"false\" data-prefix=\"far\" data-icon=\"chart-bar\" role=\"img\" xmlns=\"http:\/\/www.w3.org\/2000\/svg\" viewBox=\"0 0 512 512\" class=\"svg-inline--fa fa-chart-bar fa-w-16 fa-2x\"><path fill=\"currentColor\" d=\"M396.8 352h22.4c6.4 0 12.8-6.4 12.8-12.8V108.8c0-6.4-6.4-12.8-12.8-12.8h-22.4c-6.4 0-12.8 6.4-12.8 12.8v230.4c0 6.4 6.4 12.8 12.8 12.8zm-192 0h22.4c6.4 0 12.8-6.4 12.8-12.8V140.8c0-6.4-6.4-12.8-12.8-12.8h-22.4c-6.4 0-12.8 6.4-12.8 12.8v198.4c0 6.4 6.4 12.8 12.8 12.8zm96 0h22.4c6.4 0 12.8-6.4 12.8-12.8V204.8c0-6.4-6.4-12.8-12.8-12.8h-22.4c-6.4 0-12.8 6.4-12.8 12.8v134.4c0 6.4 6.4 12.8 12.8 12.8zM496 400H48V80c0-8.84-7.16-16-16-16H16C7.16 64 0 71.16 0 80v336c0 17.67 14.33 32 32 32h464c8.84 0 16-7.16 16-16v-16c0-8.84-7.16-16-16-16zm-387.2-48h22.4c6.4 0 12.8-6.4 12.8-12.8v-70.4c0-6.4-6.4-12.8-12.8-12.8h-22.4c-6.4 0-12.8 6.4-12.8 12.8v70.4c0 6.4 6.4 12.8 12.8 12.8z\" class=\"\"><\/path><\/svg><\/i> <img loading=\"lazy\" decoding=\"async\" width=\"16\" height=\"16\" alt=\"Loading\" src=\"https:\/\/www.raccontinellarete.it\/301\/wp-content\/plugins\/page-views-count\/ajax-loader-2x.gif\" border=0 \/><\/p>\n<div class=\"pvc_clear\"><\/div>\n","protected":false},"author":3,"featured_media":55331,"comment_status":"open","ping_status":"closed","sticky":false,"template":"","format":"standard","meta":{"footnotes":""},"categories":[87,547,5],"tags":[],"class_list":["post-55330","post","type-post","status-publish","format-standard","has-post-thumbnail","hentry","category-comunicato-stampa","category-f-o-r-u-m","category-racconti-nella-rete"],"_links":{"self":[{"href":"https:\/\/www.raccontinellarete.it\/index.php?rest_route=\/wp\/v2\/posts\/55330"}],"collection":[{"href":"https:\/\/www.raccontinellarete.it\/index.php?rest_route=\/wp\/v2\/posts"}],"about":[{"href":"https:\/\/www.raccontinellarete.it\/index.php?rest_route=\/wp\/v2\/types\/post"}],"author":[{"embeddable":true,"href":"https:\/\/www.raccontinellarete.it\/index.php?rest_route=\/wp\/v2\/users\/3"}],"replies":[{"embeddable":true,"href":"https:\/\/www.raccontinellarete.it\/index.php?rest_route=%2Fwp%2Fv2%2Fcomments&post=55330"}],"version-history":[{"count":2,"href":"https:\/\/www.raccontinellarete.it\/index.php?rest_route=\/wp\/v2\/posts\/55330\/revisions"}],"predecessor-version":[{"id":55335,"href":"https:\/\/www.raccontinellarete.it\/index.php?rest_route=\/wp\/v2\/posts\/55330\/revisions\/55335"}],"wp:featuredmedia":[{"embeddable":true,"href":"https:\/\/www.raccontinellarete.it\/index.php?rest_route=\/wp\/v2\/media\/55331"}],"wp:attachment":[{"href":"https:\/\/www.raccontinellarete.it\/index.php?rest_route=%2Fwp%2Fv2%2Fmedia&parent=55330"}],"wp:term":[{"taxonomy":"category","embeddable":true,"href":"https:\/\/www.raccontinellarete.it\/index.php?rest_route=%2Fwp%2Fv2%2Fcategories&post=55330"},{"taxonomy":"post_tag","embeddable":true,"href":"https:\/\/www.raccontinellarete.it\/index.php?rest_route=%2Fwp%2Fv2%2Ftags&post=55330"}],"curies":[{"name":"wp","href":"https:\/\/api.w.org\/{rel}","templated":true}]}}