{"id":55276,"date":"2024-10-01T16:29:22","date_gmt":"2024-10-01T15:29:22","guid":{"rendered":"https:\/\/www.raccontinellarete.it\/?p=55276"},"modified":"2024-10-01T16:39:19","modified_gmt":"2024-10-01T15:39:19","slug":"luccautori-2024-sabato-5-ottobre-incontro-con-chiara-lico","status":"publish","type":"post","link":"https:\/\/www.raccontinellarete.it\/?p=55276","title":{"rendered":"LuccAutori 2024 &#8211; Sabato 5 ottobre incontro con Chiara Lico"},"content":{"rendered":"\n<p><strong>30\u00b0 Festival LuccAutori &#8211; Premio Racconti nella Rete<\/strong> <\/p>\n\n\n\n<p><strong>CHIARA LICO&nbsp; &#8220;Sport, cittadinanza, integrazione: raccontare l\u2019attualit\u00e0 secondo la deontologia e la storia di Sirine Charaabi&nbsp;&nbsp;&nbsp;&nbsp;&nbsp;<\/strong>&nbsp; &nbsp; &nbsp;<\/p>\n\n\n\n<p>Lucca &#8211; Primo incontro della trentesima edizione del festival letterario LuccAutori \/Premio Racconti nella Rete.\u00a0<\/p>\n\n\n\n<p><strong>Sabato 5 ottobre alle 10 presso la sala CRED<\/strong>,\u00a0<em> in via Sant&#8217;Andrea 33<\/em>, la giornalista e scrittrice <strong>CHIARA LICO<\/strong>, affronter\u00e0 un tema di grande interesse. Il titolo dell&#8217;incontro \u00e8:\u00a0\u00a0<strong>Sport, cittadinanza, integrazione: raccontare l\u2019attualit\u00e0 secondo la deontologia e la storia di Sirine Charaabi\u00a0<\/strong>\u00a0Il tema, affrontato nelle pagine del libro <strong>&#8220;Il ring&#8221;<\/strong> edito da Giunti,\u00a0 riguarda l&#8217;integrazione e la cittadinanza agli stranieri alla luce della Carta di Roma, della Carta di Treviso e del Decalogo del Giornalismo sportivo, prendendo spunto dalla storia di Sirine Charaabi, 23 anni, tunisina, nazionale italiana di boxe femminile.\u00a0 \u00a0 \u00a0 \u00a0\u00a0<strong>Chiara Lico<\/strong>, giornalista professionista, lavora al Tg2 Rai.\u00a0\u00a0Ha re\u00adalizzato servizi, inchieste e approfondimenti.\u00a0Ha pubblicato romanzi che prendono spunto dal suo lavoro quotidiano. Collabora con il blog de Ilfattoquotidiano. Con Giunti ha pubblicato Operazione Riscatto.<\/p>\n\n\n\n<p>Incontra i giornalisti partecipanti al corso di formazione organizzato dal festival LuccAutori e realizzato&nbsp; in collaborazione con l\u2019Ordine dei giornalisti della Toscana, Fondazione Giornalisti Toscana e Circolo della Stampa di Lucca.&nbsp;&nbsp;Partecipano&nbsp; Anna Benedetto,&nbsp; Segretaria del Consiglio di Disciplina dell\u2019Ordine dei Giornalisti della Toscana,&nbsp; Demetrio Brandi, presidente di LuccAutori e del premio Racconti nella Rete, &nbsp;ed Elena Marchini, conduttrice degli incontri del festival LuccAutori.&nbsp;<strong>Incontro aperto a tutti coloro che amano&nbsp; letteratura e giornalismo. <\/strong>Un binomio fatto di affinit\u00e0, differenze e contraddizioni; un rapporto intimo, stretto, profondo ma allo stesso tempo irregolare, spigoloso e complicato da una quantit\u00e0 di divergenze e antinomie. Due mondi che si incontrano, l\u2019avvicinarsi di due realt\u00e0 che sono da sempre state considerate diverse e lontane ma che in fondo possono avere matrice comune. Scopriamo come entrambe si rapportano, come si rappresentano, come una descrive l\u2019altra; dove si toccano, dove si uniscono e dove si dividono. Insomma dove \u00e8 letteratura e dove \u00e8 giornalismo.<br><strong>Questo romanzo \u00e8 ispirato a una storia vera, quella di Sirine Charaabi, azzurra delle Fiamme Oro, argento ai mondiali di boxe di Nuova Delhi 2023<\/strong>, qualificata per le Olimpiadi di Parigi 2024. Una campionessa. E un esempio.&nbsp;Ma Sirine Charaabi \u00e8 anche altro, molto altro: \u00e8 una bambina che arriva in Italia dalla Tunisia ancora piccola, si stabilisce con la famiglia a San Prisco, Caserta, una terra che non \u00e8 una promessa ma una scommessa. Qui l\u2019incontro a cinque anni con il Maestro che le cambier\u00e0 la vita: Giuseppe Perugino, fondatore della mitica Tifata Boxe Prisco Perugino. Per Sirine \u00e8 la sfida del riscatto, una strada che pu\u00f2 portare al titolo, alla cittadinanza, alla possibilit\u00e0 di trovare, anche lei, un posto nel mondo che sia anche suo e per cui sia giusto combattere.&nbsp;&nbsp;Questo \u00e8 un romanzo di formazione che racconta di una terra che sembra malata, dove si muore facile, dove chi arriva da lontano deve dimostrare tutto, ma \u00e8 anche la storia di un percorso di conquista e di rivincita. Ma \u00e8 soprattutto la storia di un Maestro e della sua allieva.&nbsp;<strong>Il Libro:&nbsp;<\/strong>&nbsp;Uno, due, tre&#8230; \u00c8 contando in questo modo che Sarena ricomincia a respirare dopo un attacco di panico. \u00c8 una ragazzina di origine tunisina testarda e volitiva, che se si mette in testa una cosa non molla pi\u00f9. Per lei, tornare a respirare equivale a tornare a combattere, non solo per ottenere una vittoria nella boxe, lo sport in cui \u00e8 un talento dall&#8217;et\u00e0 di sei anni, ma anche un riconoscimento come cittadina e atleta italiana. Sarena abita in un territorio difficile, in cui la palestra rappresenta uno dei pochi luoghi in cui un riscatto \u00e8 possibile.&nbsp;&nbsp;La sua \u00e8 una vita scandita da scuola e allenamenti, attorno alla quale ruotano figure fondamenta\u00adli: i genitori, la gemella ironicamente chiama\u00adta Raddoppio, la sua migliore amica, Tarta, il Super, il professore di Tecnologia, e gli altri amici: Pasquale e Reilki. Ma, soprattutto, c&#8217;\u00e8 il Maestro.&nbsp;&#8212;&#8212;<\/p>\n\n\n\n<p><strong>Cultura, arte e spettacolo alla trentesima&nbsp; edizione del festival LuccAutori, anche quest\u2019anno abbinato al Premio Letterario Racconti nella Rete, giunto alla ventitreesima edizione.&nbsp; Il festival letterario, che \u00e8 sostenuto dal Comune di Lucca, \u00e8 in programma dal 5 al 20 ottobre.&nbsp; Gli incontri si terranno a Lucca presso la sala Cred, Palazzo Bernardini, Villa Bottini e a Barga al cinema Roma. La direzione artistica \u00e8 di Demetrio Brandi mentre la conduzione \u00e8 di&nbsp; Elena Marchini.&nbsp; A Villa Bottini, il 19 e 20 ottobre, saranno premiati i venticinque vincitori della 23^ edizione del premio Racconti nella Rete e la vincitrice della sezione cortometraggi. Diversi ospiti si alterneranno durante le giornate della manifestazione. Tra questi&nbsp; Bruno Bozzetto, Simone Tempia,&nbsp; Vittorino Andreoli, Marcello Sorgi, Margherita Zalaffi, Marco Lollobrigida, Chiara Lico, Paolo Restuccia, Maurizio Sessa, Marco De Angelis, Fabio Sironi, Luigi Nicolini, Mariacristina Di Giuseppe, Herman Cole, Roberta Vacca, Andrea Matucci, Cinzia Della Ciana.&nbsp; Il festival \u00e8 patrocinato dalla Regione Toscana, Provincia di Lucca, Rai, Cesvot e sotto gli auspici del Centro per il Libro e la Lettura.&nbsp;<\/strong><\/p>\n\n\n\n<p><br>tutto il calendario degli incontri lo trovate su&nbsp; www.raccontinellarete.it&nbsp;&nbsp;<\/p>\n\n\n\n<figure class=\"wp-block-image size-large\"><img loading=\"lazy\" decoding=\"async\" width=\"717\" height=\"1024\" src=\"https:\/\/www.raccontinellarete.it\/301\/wp-content\/uploads\/2024\/10\/chiara-lico-CRED-sabato-5-ottobre-corso-717x1024.jpg\" alt=\"\" class=\"wp-image-55278\" srcset=\"https:\/\/www.raccontinellarete.it\/301\/wp-content\/uploads\/2024\/10\/chiara-lico-CRED-sabato-5-ottobre-corso-717x1024.jpg 717w, https:\/\/www.raccontinellarete.it\/301\/wp-content\/uploads\/2024\/10\/chiara-lico-CRED-sabato-5-ottobre-corso-175x250.jpg 175w, https:\/\/www.raccontinellarete.it\/301\/wp-content\/uploads\/2024\/10\/chiara-lico-CRED-sabato-5-ottobre-corso-768x1098.jpg 768w, https:\/\/www.raccontinellarete.it\/301\/wp-content\/uploads\/2024\/10\/chiara-lico-CRED-sabato-5-ottobre-corso-1075x1536.jpg 1075w, https:\/\/www.raccontinellarete.it\/301\/wp-content\/uploads\/2024\/10\/chiara-lico-CRED-sabato-5-ottobre-corso.jpg 1200w\" sizes=\"(max-width: 717px) 100vw, 717px\" \/><\/figure>\n<div class=\"pvc_clear\"><\/div><p id=\"pvc_stats_55276\" class=\"pvc_stats all  \" data-element-id=\"55276\" style=\"\"><i class=\"pvc-stats-icon medium\" aria-hidden=\"true\"><svg aria-hidden=\"true\" focusable=\"false\" data-prefix=\"far\" data-icon=\"chart-bar\" role=\"img\" xmlns=\"http:\/\/www.w3.org\/2000\/svg\" viewBox=\"0 0 512 512\" class=\"svg-inline--fa fa-chart-bar fa-w-16 fa-2x\"><path fill=\"currentColor\" d=\"M396.8 352h22.4c6.4 0 12.8-6.4 12.8-12.8V108.8c0-6.4-6.4-12.8-12.8-12.8h-22.4c-6.4 0-12.8 6.4-12.8 12.8v230.4c0 6.4 6.4 12.8 12.8 12.8zm-192 0h22.4c6.4 0 12.8-6.4 12.8-12.8V140.8c0-6.4-6.4-12.8-12.8-12.8h-22.4c-6.4 0-12.8 6.4-12.8 12.8v198.4c0 6.4 6.4 12.8 12.8 12.8zm96 0h22.4c6.4 0 12.8-6.4 12.8-12.8V204.8c0-6.4-6.4-12.8-12.8-12.8h-22.4c-6.4 0-12.8 6.4-12.8 12.8v134.4c0 6.4 6.4 12.8 12.8 12.8zM496 400H48V80c0-8.84-7.16-16-16-16H16C7.16 64 0 71.16 0 80v336c0 17.67 14.33 32 32 32h464c8.84 0 16-7.16 16-16v-16c0-8.84-7.16-16-16-16zm-387.2-48h22.4c6.4 0 12.8-6.4 12.8-12.8v-70.4c0-6.4-6.4-12.8-12.8-12.8h-22.4c-6.4 0-12.8 6.4-12.8 12.8v70.4c0 6.4 6.4 12.8 12.8 12.8z\" class=\"\"><\/path><\/svg><\/i> <img loading=\"lazy\" decoding=\"async\" width=\"16\" height=\"16\" alt=\"Loading\" src=\"https:\/\/www.raccontinellarete.it\/301\/wp-content\/plugins\/page-views-count\/ajax-loader-2x.gif\" border=0 \/><\/p><div class=\"pvc_clear\"><\/div>","protected":false},"excerpt":{"rendered":"<p>30\u00b0 Festival LuccAutori &#8211; Premio Racconti nella Rete CHIARA LICO&nbsp; &#8220;Sport, cittadinanza, integrazione: raccontare l\u2019attualit\u00e0 secondo la deontologia e la storia di Sirine Charaabi&nbsp;&nbsp;&nbsp;&nbsp;&nbsp;&nbsp; &nbsp; &nbsp; Lucca &#8211; Primo incontro della trentesima edizione del festival letterario LuccAutori \/Premio Racconti nella Rete.\u00a0 Sabato 5 ottobre alle 10 presso la sala CRED,\u00a0 in via Sant&#8217;Andrea 33, la [&hellip;]<\/p>\n<div class=\"pvc_clear\"><\/div>\n<p id=\"pvc_stats_55276\" class=\"pvc_stats all  \" data-element-id=\"55276\" style=\"\"><i class=\"pvc-stats-icon medium\" aria-hidden=\"true\"><svg aria-hidden=\"true\" focusable=\"false\" data-prefix=\"far\" data-icon=\"chart-bar\" role=\"img\" xmlns=\"http:\/\/www.w3.org\/2000\/svg\" viewBox=\"0 0 512 512\" class=\"svg-inline--fa fa-chart-bar fa-w-16 fa-2x\"><path fill=\"currentColor\" d=\"M396.8 352h22.4c6.4 0 12.8-6.4 12.8-12.8V108.8c0-6.4-6.4-12.8-12.8-12.8h-22.4c-6.4 0-12.8 6.4-12.8 12.8v230.4c0 6.4 6.4 12.8 12.8 12.8zm-192 0h22.4c6.4 0 12.8-6.4 12.8-12.8V140.8c0-6.4-6.4-12.8-12.8-12.8h-22.4c-6.4 0-12.8 6.4-12.8 12.8v198.4c0 6.4 6.4 12.8 12.8 12.8zm96 0h22.4c6.4 0 12.8-6.4 12.8-12.8V204.8c0-6.4-6.4-12.8-12.8-12.8h-22.4c-6.4 0-12.8 6.4-12.8 12.8v134.4c0 6.4 6.4 12.8 12.8 12.8zM496 400H48V80c0-8.84-7.16-16-16-16H16C7.16 64 0 71.16 0 80v336c0 17.67 14.33 32 32 32h464c8.84 0 16-7.16 16-16v-16c0-8.84-7.16-16-16-16zm-387.2-48h22.4c6.4 0 12.8-6.4 12.8-12.8v-70.4c0-6.4-6.4-12.8-12.8-12.8h-22.4c-6.4 0-12.8 6.4-12.8 12.8v70.4c0 6.4 6.4 12.8 12.8 12.8z\" class=\"\"><\/path><\/svg><\/i> <img loading=\"lazy\" decoding=\"async\" width=\"16\" height=\"16\" alt=\"Loading\" src=\"https:\/\/www.raccontinellarete.it\/301\/wp-content\/plugins\/page-views-count\/ajax-loader-2x.gif\" border=0 \/><\/p>\n<div class=\"pvc_clear\"><\/div>\n","protected":false},"author":3,"featured_media":55280,"comment_status":"open","ping_status":"closed","sticky":false,"template":"","format":"standard","meta":{"footnotes":""},"categories":[87,547,543,5],"tags":[],"class_list":["post-55276","post","type-post","status-publish","format-standard","has-post-thumbnail","hentry","category-comunicato-stampa","category-f-o-r-u-m","category-forum-di-racconti-nella-rete","category-racconti-nella-rete"],"_links":{"self":[{"href":"https:\/\/www.raccontinellarete.it\/index.php?rest_route=\/wp\/v2\/posts\/55276"}],"collection":[{"href":"https:\/\/www.raccontinellarete.it\/index.php?rest_route=\/wp\/v2\/posts"}],"about":[{"href":"https:\/\/www.raccontinellarete.it\/index.php?rest_route=\/wp\/v2\/types\/post"}],"author":[{"embeddable":true,"href":"https:\/\/www.raccontinellarete.it\/index.php?rest_route=\/wp\/v2\/users\/3"}],"replies":[{"embeddable":true,"href":"https:\/\/www.raccontinellarete.it\/index.php?rest_route=%2Fwp%2Fv2%2Fcomments&post=55276"}],"version-history":[{"count":3,"href":"https:\/\/www.raccontinellarete.it\/index.php?rest_route=\/wp\/v2\/posts\/55276\/revisions"}],"predecessor-version":[{"id":55282,"href":"https:\/\/www.raccontinellarete.it\/index.php?rest_route=\/wp\/v2\/posts\/55276\/revisions\/55282"}],"wp:featuredmedia":[{"embeddable":true,"href":"https:\/\/www.raccontinellarete.it\/index.php?rest_route=\/wp\/v2\/media\/55280"}],"wp:attachment":[{"href":"https:\/\/www.raccontinellarete.it\/index.php?rest_route=%2Fwp%2Fv2%2Fmedia&parent=55276"}],"wp:term":[{"taxonomy":"category","embeddable":true,"href":"https:\/\/www.raccontinellarete.it\/index.php?rest_route=%2Fwp%2Fv2%2Fcategories&post=55276"},{"taxonomy":"post_tag","embeddable":true,"href":"https:\/\/www.raccontinellarete.it\/index.php?rest_route=%2Fwp%2Fv2%2Ftags&post=55276"}],"curies":[{"name":"wp","href":"https:\/\/api.w.org\/{rel}","templated":true}]}}