{"id":55260,"date":"2024-09-23T16:19:33","date_gmt":"2024-09-23T15:19:33","guid":{"rendered":"https:\/\/www.raccontinellarete.it\/?p=55260"},"modified":"2024-09-23T17:34:14","modified_gmt":"2024-09-23T16:34:14","slug":"30-festival-luccautori-23-premio-letterario-racconti-nella-rete","status":"publish","type":"post","link":"https:\/\/www.raccontinellarete.it\/?p=55260","title":{"rendered":"30\u00b0 FESTIVAL LUCCAUTORI &#8211; 23\u00b0 PREMIO LETTERARIO RACCONTI NELLA RETE"},"content":{"rendered":"\n<p><strong>Lucca, 5 \u2013 20 OTTOBRE 2024<\/strong><\/p>\n\n\n\n<p>Cultura, arte e spettacolo alla trentesima&nbsp; edizione del festival LuccAutori, anche quest\u2019anno abbinato al Premio Letterario Racconti nella Rete, giunto alla ventitreesima edizione.&nbsp; Il festival letterario, che \u00e8 sostenuto dal Comune di Lucca, \u00e8 in programma dal 5 al 20 ottobre.&nbsp; Gli incontri si terranno a Lucca presso la sala Cred, Palazzo Bernardini, Villa Bottini e a Barga al cinema Roma. La direzione artistica \u00e8 di Demetrio Brandi mentre la conduzione \u00e8 di&nbsp; Elena Marchini.&nbsp; A Villa Bottini, il 19 e 20 ottobre, saranno premiati i venticinque vincitori della 23^ edizione del premio Racconti nella Rete e la vincitrice della sezione cortometraggi. Diversi ospiti si alterneranno durante le giornate della manifestazione. Tra questi&nbsp; Bruno Bozzetto, Simone Tempia,&nbsp; Vittorino Andreoli, Marcello Sorgi, Margherita Zalaffi, Marco Lollobrigida, Chiara Lico, Paolo Restuccia, Maurizio Sessa, Marco De Angelis, Fabio Sironi, Luigi Nicolini, Mariacristina Di Giuseppe, Herman Cole, Roberta Vacca, Andrea Matucci, Cinzia Della Ciana.&nbsp; Il festival \u00e8 patrocinato dalla Regione Toscana, Provincia di Lucca, Rai, Cesvot e sotto gli auspici del Centro per il Libro e la Lettura.<\/p>\n\n\n\n<p>Primo appuntamento, sabato 5 ottobre alle 10&nbsp; presso la sala conferenze Cred con la giornalista e scrittrice Chiara Lico, volto noto del Tg2 Rai. Incontro organizzato con l\u2019Ordine dei giornalisti della Toscana, Fondazione Giornalisti della Toscana,&nbsp; ed il Circolo della stampa di Lucca. Si parler\u00e0 di sport, cittadinanza ed integrazione attraverso la storia di Sirine Charaabi, atleta della nazionale italiana di boxe femminile, protagonista del libro \u201cIl ring\u201d (Giunti) scritto da Chiara Lico.<\/p>\n\n\n\n<p>\u201cIl festival festeggia trent\u2019anni da quella prima edizione del 1994\u201d \u2013 dice Demetrio Brandi. \u201cUna manifestazione che \u00e8 cresciuta anno dopo anno con il sostegno del Comune di Lucca e coinvolgendo le principali istituzioni culturali lucchesi. Abbiamo accolto e coinvolto un centinaio di grandi scrittori e personaggi del mondo dello spettacolo. Senza contare i circa seicento vincitori del premio Racconti nella Rete. Per ricordare quegli incontri abbiamo pensato di allestire una mostra a Villa Bottini, a partire dal 12 ottobre, e di realizzare un catalogo con le foto pi\u00f9 belle di questi anni. Ci saranno Alda Merini, Sergio Zavoli, Piero Angela, Carlo Verdone, Francesco Guccini, Dacia Maraini e tanti altri. Anno dopo anno gli ambienti cambiano, i conduttori e le formule variano ma la magia resta. Una rassegna letteraria potrebbe sembrare anacronistica ma resta indispensabile per dare visibilit\u00e0 a chi sceglie la scrittura rispetto ad un blogger o ad uno youtuber e restituisce un&#8217;emozione che solo la partecipazione diretta e non mediata pu\u00f2 regalare.\u201d<\/p>\n\n\n\n<p>\u201cUn bel compleanno quello di LuccAutori\u201d \u2013 aggiungono gli assessori alla cultura Mia Pisano e al turismo Remo Santini \u2013 \u201cche in questi trent\u2019anni di intensa attivit\u00e0 ha saputo crescere e spaziare dalla letteratura -che \u00e8 e rimane il suo cuore pulsante con gli incontri&nbsp; dedicati agli autori affermati e con il Premio Racconti nella Rete dedicato agli scrittori emergenti- alle altre espressioni artistiche, come la pittura e il cinema.<\/p>\n\n\n\n<p>L\u2019amministrazione comunale da parte sua \u00e8 lieta di sostenere operazioni culturali di ampio respiro come questa, che ogni anno porta nella nostra citt\u00e0 autori di primo piano, accanto a nuove promesse della letteratura provenienti da tutta Italia, contribuendo cos\u00ec a vivacizzare il dibattito cittadino e a promuovere l\u2019immagine di Lucca\u201d.<\/p>\n\n\n\n<p>LuccAutori si occupa di letteratura ma sposa anche l\u2019arte e il cinema. Spazio all\u2019arte contemporanea con alcune&nbsp; mostre come quella dedicata a Giacomo Puccini, \u201cUn bel d\u00ec vedremo\u201d a cura di Stefano Giraldi;&nbsp; \u201cRacconti a colori\u201d,&nbsp; che vede coinvolti gli studenti del liceo artistico Passaglia nella realizzazione dei disegni ispirati ai racconti vincitori del premio letterario. E quest\u2019anno la mostra \u201cTrent\u2019anni di LuccAutori\u201d con le immagini ormai storiche dei grandi nomi della cultura che sono stati ospiti della kermesse letteraria.<\/p>\n\n\n\n<p>Da diversi anni viene coinvolta la Scuola di Cinema Immagina, diretta da Giuseppe Ferlito, che realizza a Lucca il cortometraggio del soggetto vincitore della sezione corti del premio.<\/p>\n\n\n\n<p>Tra i riconoscimenti che saranno assegnati durante il Festival LuccAutori&nbsp; ci sono il premio Budu\u00e0r per il miglior racconto umoristico, il premio Happyin per il miglior racconto di viaggio e&nbsp; il premio Fondazione AIDR per il vincitore pi\u00f9 giovane.<\/p>\n\n\n\n<p>Tutti gli incontri in programma sono ad ingresso libero e le giornate conclusive saranno trasmesse in diretta&nbsp; streaming sulla pagina you tube&nbsp; di \u201craccontinellarete\u201d.<\/p>\n\n\n\n<p>Il disegno originale dell\u2019antologia 2024 \u00e8 stata realizzato&nbsp; dall\u2019illustratore Fabio Sironi.&nbsp; Proseguono le importanti collaborazioni culturali con la Rai, Fondazione Mario Tobino,&nbsp; Rotary Club Lucca, Fondazione Giovanni Pascoli, Fondazione Italian Digital Revolution e con il premio letterario Casin\u00f2 di Sanremo \u201cAntonio Semeria\u201d. Con il sostegno di Fondazione Cassa di Risparmio di Lucca, Fondazione Banca del Monte di Lucca e Unicoopfirenze.&nbsp;<\/p>\n\n\n\n<p>Per informazioni e programma generale <a href=\"https:\/\/www.raccontinellarete.it\">www.raccontinellarete.it<\/a><a href=\"mailto:info@raccontinellarete.it\">info@raccontinellarete.it<\/a> tel.0584 651874.<\/p>\n\n\n\n<p>Associazione culturale LuccAutori \u00ae aps<\/p>\n\n\n\n<figure class=\"wp-block-embed is-type-video is-provider-youtube wp-block-embed-youtube wp-embed-aspect-16-9 wp-has-aspect-ratio\"><div class=\"wp-block-embed__wrapper\">\n<iframe loading=\"lazy\" title=\"Presentata la trentesima edizione del festival di LuccAutori\" width=\"500\" height=\"281\" src=\"https:\/\/www.youtube.com\/embed\/Say3bAxvC00?feature=oembed\" frameborder=\"0\" allow=\"accelerometer; autoplay; clipboard-write; encrypted-media; gyroscope; picture-in-picture; web-share\" referrerpolicy=\"strict-origin-when-cross-origin\" allowfullscreen><\/iframe>\n<\/div><\/figure>\n\n\n\n<figure class=\"wp-block-embed is-type-video is-provider-youtube wp-block-embed-youtube wp-embed-aspect-16-9 wp-has-aspect-ratio\"><div class=\"wp-block-embed__wrapper\">\n<iframe loading=\"lazy\" title=\"Da Marcello Sorgi all&#039;omaggio a Puccini LuccAutori festeggia 30 anni con incontri e mostre\" width=\"500\" height=\"281\" src=\"https:\/\/www.youtube.com\/embed\/a0gCHOpJ5Uc?feature=oembed\" frameborder=\"0\" allow=\"accelerometer; autoplay; clipboard-write; encrypted-media; gyroscope; picture-in-picture; web-share\" referrerpolicy=\"strict-origin-when-cross-origin\" allowfullscreen><\/iframe> \n<\/div><\/figure>\n<div class=\"pvc_clear\"><\/div><p id=\"pvc_stats_55260\" class=\"pvc_stats all  \" data-element-id=\"55260\" style=\"\"><i class=\"pvc-stats-icon medium\" aria-hidden=\"true\"><svg aria-hidden=\"true\" focusable=\"false\" data-prefix=\"far\" data-icon=\"chart-bar\" role=\"img\" xmlns=\"http:\/\/www.w3.org\/2000\/svg\" viewBox=\"0 0 512 512\" class=\"svg-inline--fa fa-chart-bar fa-w-16 fa-2x\"><path fill=\"currentColor\" d=\"M396.8 352h22.4c6.4 0 12.8-6.4 12.8-12.8V108.8c0-6.4-6.4-12.8-12.8-12.8h-22.4c-6.4 0-12.8 6.4-12.8 12.8v230.4c0 6.4 6.4 12.8 12.8 12.8zm-192 0h22.4c6.4 0 12.8-6.4 12.8-12.8V140.8c0-6.4-6.4-12.8-12.8-12.8h-22.4c-6.4 0-12.8 6.4-12.8 12.8v198.4c0 6.4 6.4 12.8 12.8 12.8zm96 0h22.4c6.4 0 12.8-6.4 12.8-12.8V204.8c0-6.4-6.4-12.8-12.8-12.8h-22.4c-6.4 0-12.8 6.4-12.8 12.8v134.4c0 6.4 6.4 12.8 12.8 12.8zM496 400H48V80c0-8.84-7.16-16-16-16H16C7.16 64 0 71.16 0 80v336c0 17.67 14.33 32 32 32h464c8.84 0 16-7.16 16-16v-16c0-8.84-7.16-16-16-16zm-387.2-48h22.4c6.4 0 12.8-6.4 12.8-12.8v-70.4c0-6.4-6.4-12.8-12.8-12.8h-22.4c-6.4 0-12.8 6.4-12.8 12.8v70.4c0 6.4 6.4 12.8 12.8 12.8z\" class=\"\"><\/path><\/svg><\/i> <img loading=\"lazy\" decoding=\"async\" width=\"16\" height=\"16\" alt=\"Loading\" src=\"https:\/\/www.raccontinellarete.it\/301\/wp-content\/plugins\/page-views-count\/ajax-loader-2x.gif\" border=0 \/><\/p><div class=\"pvc_clear\"><\/div>","protected":false},"excerpt":{"rendered":"<p>Lucca, 5 \u2013 20 OTTOBRE 2024 Cultura, arte e spettacolo alla trentesima&nbsp; edizione del festival LuccAutori, anche quest\u2019anno abbinato al Premio Letterario Racconti nella Rete, giunto alla ventitreesima edizione.&nbsp; Il festival letterario, che \u00e8 sostenuto dal Comune di Lucca, \u00e8 in programma dal 5 al 20 ottobre.&nbsp; Gli incontri si terranno a Lucca presso la [&hellip;]<\/p>\n<div class=\"pvc_clear\"><\/div>\n<p id=\"pvc_stats_55260\" class=\"pvc_stats all  \" data-element-id=\"55260\" style=\"\"><i class=\"pvc-stats-icon medium\" aria-hidden=\"true\"><svg aria-hidden=\"true\" focusable=\"false\" data-prefix=\"far\" data-icon=\"chart-bar\" role=\"img\" xmlns=\"http:\/\/www.w3.org\/2000\/svg\" viewBox=\"0 0 512 512\" class=\"svg-inline--fa fa-chart-bar fa-w-16 fa-2x\"><path fill=\"currentColor\" d=\"M396.8 352h22.4c6.4 0 12.8-6.4 12.8-12.8V108.8c0-6.4-6.4-12.8-12.8-12.8h-22.4c-6.4 0-12.8 6.4-12.8 12.8v230.4c0 6.4 6.4 12.8 12.8 12.8zm-192 0h22.4c6.4 0 12.8-6.4 12.8-12.8V140.8c0-6.4-6.4-12.8-12.8-12.8h-22.4c-6.4 0-12.8 6.4-12.8 12.8v198.4c0 6.4 6.4 12.8 12.8 12.8zm96 0h22.4c6.4 0 12.8-6.4 12.8-12.8V204.8c0-6.4-6.4-12.8-12.8-12.8h-22.4c-6.4 0-12.8 6.4-12.8 12.8v134.4c0 6.4 6.4 12.8 12.8 12.8zM496 400H48V80c0-8.84-7.16-16-16-16H16C7.16 64 0 71.16 0 80v336c0 17.67 14.33 32 32 32h464c8.84 0 16-7.16 16-16v-16c0-8.84-7.16-16-16-16zm-387.2-48h22.4c6.4 0 12.8-6.4 12.8-12.8v-70.4c0-6.4-6.4-12.8-12.8-12.8h-22.4c-6.4 0-12.8 6.4-12.8 12.8v70.4c0 6.4 6.4 12.8 12.8 12.8z\" class=\"\"><\/path><\/svg><\/i> <img loading=\"lazy\" decoding=\"async\" width=\"16\" height=\"16\" alt=\"Loading\" src=\"https:\/\/www.raccontinellarete.it\/301\/wp-content\/plugins\/page-views-count\/ajax-loader-2x.gif\" border=0 \/><\/p>\n<div class=\"pvc_clear\"><\/div>\n","protected":false},"author":3,"featured_media":55262,"comment_status":"open","ping_status":"closed","sticky":false,"template":"","format":"standard","meta":{"footnotes":""},"categories":[87,547,543,5],"tags":[],"class_list":["post-55260","post","type-post","status-publish","format-standard","has-post-thumbnail","hentry","category-comunicato-stampa","category-f-o-r-u-m","category-forum-di-racconti-nella-rete","category-racconti-nella-rete"],"_links":{"self":[{"href":"https:\/\/www.raccontinellarete.it\/index.php?rest_route=\/wp\/v2\/posts\/55260"}],"collection":[{"href":"https:\/\/www.raccontinellarete.it\/index.php?rest_route=\/wp\/v2\/posts"}],"about":[{"href":"https:\/\/www.raccontinellarete.it\/index.php?rest_route=\/wp\/v2\/types\/post"}],"author":[{"embeddable":true,"href":"https:\/\/www.raccontinellarete.it\/index.php?rest_route=\/wp\/v2\/users\/3"}],"replies":[{"embeddable":true,"href":"https:\/\/www.raccontinellarete.it\/index.php?rest_route=%2Fwp%2Fv2%2Fcomments&post=55260"}],"version-history":[{"count":2,"href":"https:\/\/www.raccontinellarete.it\/index.php?rest_route=\/wp\/v2\/posts\/55260\/revisions"}],"predecessor-version":[{"id":55264,"href":"https:\/\/www.raccontinellarete.it\/index.php?rest_route=\/wp\/v2\/posts\/55260\/revisions\/55264"}],"wp:featuredmedia":[{"embeddable":true,"href":"https:\/\/www.raccontinellarete.it\/index.php?rest_route=\/wp\/v2\/media\/55262"}],"wp:attachment":[{"href":"https:\/\/www.raccontinellarete.it\/index.php?rest_route=%2Fwp%2Fv2%2Fmedia&parent=55260"}],"wp:term":[{"taxonomy":"category","embeddable":true,"href":"https:\/\/www.raccontinellarete.it\/index.php?rest_route=%2Fwp%2Fv2%2Fcategories&post=55260"},{"taxonomy":"post_tag","embeddable":true,"href":"https:\/\/www.raccontinellarete.it\/index.php?rest_route=%2Fwp%2Fv2%2Ftags&post=55260"}],"curies":[{"name":"wp","href":"https:\/\/api.w.org\/{rel}","templated":true}]}}