{"id":54967,"date":"2024-05-31T23:22:17","date_gmt":"2024-05-31T22:22:17","guid":{"rendered":"https:\/\/www.raccontinellarete.it\/?p=54967"},"modified":"2024-05-31T23:22:19","modified_gmt":"2024-05-31T22:22:19","slug":"premio-racconti-nella-rete-2024-il-korso-di-leonardo-pori","status":"publish","type":"post","link":"https:\/\/www.raccontinellarete.it\/?p=54967","title":{"rendered":"Premio Racconti nella Rete 2024 &#8220;Il korso&#8221; di Leonardo Pori"},"content":{"rendered":"\n<p class=\"has-text-align-center\">Finalmente le 15,30.<br>In fila nei passaggi pedonali tra le aree dello stabilimento, piccoli gruppi borbottanti raggiungono la villa. Preceduta da un platano secolare e da un vialetto ghiaioso bordato da bossi malmessi, ecco la vecchia cascina riordinata che fa la vamp tra i capannoni nonsense.<br>Qualcosa di erotico aleggia in effetti, forse a causa degli invitati semicarichi, oppure per le movenze della curatrice: psy milanese trapiantata in latitudini tropicali, giusto per l\u2019occasione ritravasata nelle nebbie padane.<br>L\u2019argomento \u00e8 l\u2019inclusione.<br>Partenza a razzo della di cui sopra, dando del tu a tutti e inframezzando le frasi con qualche ca.zo , forse per le pari opportunit\u00e0.<br>Argomenti: autostima e pregiudizi come se piovesse, effettivamente da fuori si sente un boato di tuono e scrosciare secchiate d\u2019acqua, un attimo prima era sereno: sar\u00e0 una variazione microclimatica, dovuta alla combinazione tra carica erotica rilasciata e i fumi dei comignoli industriali.<br>Pino, detto Giuseppe in occasioni da parata come questa, incalza: \u201cdopo che ho subito diversi furti, quando vedo uno zingaro nei pressi di casa, mi sale il pregiudizio\u201d. Lei annuisce e nel frattempo grazie alla a. i. fa comparire una diapositiva anni \u201880 con soggetti atti a protestare muniti di striscioni: \u201dquesti sono malati di aids che chiedono di essere trattati alla pari\u201d.<br>\u201cPer\u00f2 un attimo\u201d si smuove il Morbelli \u201cqui non si tratta di pregiudizio ma di una giustificata paura di fronte a un pericolo\u201d. Pino e il Morbelli stanno smaltendo la carica, lei fa su e gi\u00f9 con la testa. Sull\u2019ala destra stimolato dalla comparsa a monitor di una signora in tailleur con monili e pettinatura scolpita, il dott. Tameri declama: \u201cquesta \u00e8 mancina\u201d! Memore forse di un vecchio pregiudizio o confuso dal jet lag degli spostamenti da pendolare, nessuna risposta, n\u00e9 movenze del capo o sorrisi.  Spiegazione della proiezione e dogma neuroscientifico: \u201cqualora vi sentiate gi\u00f9, guardatevi allo specchio e sorridete, ingannerete cos\u00ec il cervello che produrr\u00e0 endorfine e dar\u00e0 inizio a un circolo positivo\u201d.<br>Il dott. Manonceri dice di avere troppa autostima e di non tollerare i medici grassi. Pronta la videata col medico tatuato, \u201cvi fareste curare\u201d?<br>Arriva a tradimento la diapositiva che scuote l\u2019audience, il binocolo al contrario. L\u2019arcano archetipo dovrebbe rappresentare una modalit\u00e0 differente di vedere la propria situazione, una lente di rimpicciolimento dei problemi.<br>A questo punto dall\u2019ultima fila, pi\u00f9 per incontinenza che a causa di un eccesso di autostima, si alza quel pezzo di operaio del Gatto: \u201cVorrei sapere qualcosa circa la genesi della metafora del binocolo al contrario, effettivamente mi ha colpito molto e mi stavo domandando: potrebbe trattarsi di un\u2019intuizione, tipo Galileo Galilei che ti appare in sogno per suggerirtela, oppure di una reminiscenza pseudoscientifica di quando in et\u00e0 puberale qualche suo collega si osservava con la lente di rimpicciolimento per poi affermare- tanta roba- e inflazionare l\u2019ego\u201d.<br>Come in miraggio il Gatto vede la testa della psyco dondolare oltre la prima fila lass\u00f9, nessuno sa se \u00e8 vero oppure se nell\u2019aula \u00e8 calato il gelo. Incurante prosegue:\u201d No perch\u00e9 si potrebbe operare un riduzionismo, scientifico appunto e traslare il modello binocolo al contrario in altri ambiti. Ad esempio la forchetta al contrario, mi rifaccio al discorso del dott. Manonceri, il medico avrebbe uno strumento per curare gli obesi e s\u00e9 stesso. Nel momento in cui, frustrato dal non riuscire a infilzare la pietanza nel piatto, si piantasse i rebbi della forchetta al contrario nelle gengive, potrebbe sempre guardarsi allo specchio e sorridere per migliorare la propria autostima. Del resto c\u2019\u00e8 anche l\u2019acronimo anglosassone s. e .mo. (smile  every moment) che mia nonna, non riuscendo bene a pronunciare le sdrucciole spesso mi ripeteva: semo di un semo. Che dire poi circa il pregiudizio del farsi curare dal medico tatuato della diapositiva, si adotta il paradigma del contrario e lo si fa tatuare con l\u2019inchiostro invisibile\u201d.<br>Il rumore della pioggia l\u00e0 fuori si mischia con il rombo del flusso di parole che fuoriescono dalla rottura dell\u2019argine del cervello del Gatto, operaio qualifica f livello 3, che in fine conclude: \u201cAdesso, poich\u00e9 mi \u00e8 sempre piaciuto giocare d\u2019anticipo, vado nell\u2019ufficio del direttore e mi faccio consegnare il libretto, lei dottoressa, se stasera vuole venire a cena con me, cerchi il mio numero sulla agenda elettronica con la copertina di cartone verde e le pagine unte appesa nell\u2019ingresso. Ciao a tutti\u201d dice e va via, sicuro sul vialetto ghiaioso bordato di bossi, sotto una strana pioggia improvvisa forse causata da un improbabile evento microclimatico.<\/p>\n<div class=\"pvc_clear\"><\/div><p id=\"pvc_stats_54967\" class=\"pvc_stats all  \" data-element-id=\"54967\" style=\"\"><i class=\"pvc-stats-icon medium\" aria-hidden=\"true\"><svg aria-hidden=\"true\" focusable=\"false\" data-prefix=\"far\" data-icon=\"chart-bar\" role=\"img\" xmlns=\"http:\/\/www.w3.org\/2000\/svg\" viewBox=\"0 0 512 512\" class=\"svg-inline--fa fa-chart-bar fa-w-16 fa-2x\"><path fill=\"currentColor\" d=\"M396.8 352h22.4c6.4 0 12.8-6.4 12.8-12.8V108.8c0-6.4-6.4-12.8-12.8-12.8h-22.4c-6.4 0-12.8 6.4-12.8 12.8v230.4c0 6.4 6.4 12.8 12.8 12.8zm-192 0h22.4c6.4 0 12.8-6.4 12.8-12.8V140.8c0-6.4-6.4-12.8-12.8-12.8h-22.4c-6.4 0-12.8 6.4-12.8 12.8v198.4c0 6.4 6.4 12.8 12.8 12.8zm96 0h22.4c6.4 0 12.8-6.4 12.8-12.8V204.8c0-6.4-6.4-12.8-12.8-12.8h-22.4c-6.4 0-12.8 6.4-12.8 12.8v134.4c0 6.4 6.4 12.8 12.8 12.8zM496 400H48V80c0-8.84-7.16-16-16-16H16C7.16 64 0 71.16 0 80v336c0 17.67 14.33 32 32 32h464c8.84 0 16-7.16 16-16v-16c0-8.84-7.16-16-16-16zm-387.2-48h22.4c6.4 0 12.8-6.4 12.8-12.8v-70.4c0-6.4-6.4-12.8-12.8-12.8h-22.4c-6.4 0-12.8 6.4-12.8 12.8v70.4c0 6.4 6.4 12.8 12.8 12.8z\" class=\"\"><\/path><\/svg><\/i> <img loading=\"lazy\" decoding=\"async\" width=\"16\" height=\"16\" alt=\"Loading\" src=\"https:\/\/www.raccontinellarete.it\/301\/wp-content\/plugins\/page-views-count\/ajax-loader-2x.gif\" border=0 \/><\/p><div class=\"pvc_clear\"><\/div>","protected":false},"excerpt":{"rendered":"<p>Finalmente le 15,30.In fila nei passaggi pedonali tra le aree dello stabilimento, piccoli gruppi borbottanti raggiungono la villa. Preceduta da un platano secolare e da un vialetto ghiaioso bordato da bossi malmessi, ecco la vecchia cascina riordinata che fa la vamp tra i capannoni nonsense.Qualcosa di erotico aleggia in effetti, forse a causa degli invitati [&hellip;]<\/p>\n<div class=\"pvc_clear\"><\/div>\n<p id=\"pvc_stats_54967\" class=\"pvc_stats all  \" data-element-id=\"54967\" style=\"\"><i class=\"pvc-stats-icon medium\" aria-hidden=\"true\"><svg aria-hidden=\"true\" focusable=\"false\" data-prefix=\"far\" data-icon=\"chart-bar\" role=\"img\" xmlns=\"http:\/\/www.w3.org\/2000\/svg\" viewBox=\"0 0 512 512\" class=\"svg-inline--fa fa-chart-bar fa-w-16 fa-2x\"><path fill=\"currentColor\" d=\"M396.8 352h22.4c6.4 0 12.8-6.4 12.8-12.8V108.8c0-6.4-6.4-12.8-12.8-12.8h-22.4c-6.4 0-12.8 6.4-12.8 12.8v230.4c0 6.4 6.4 12.8 12.8 12.8zm-192 0h22.4c6.4 0 12.8-6.4 12.8-12.8V140.8c0-6.4-6.4-12.8-12.8-12.8h-22.4c-6.4 0-12.8 6.4-12.8 12.8v198.4c0 6.4 6.4 12.8 12.8 12.8zm96 0h22.4c6.4 0 12.8-6.4 12.8-12.8V204.8c0-6.4-6.4-12.8-12.8-12.8h-22.4c-6.4 0-12.8 6.4-12.8 12.8v134.4c0 6.4 6.4 12.8 12.8 12.8zM496 400H48V80c0-8.84-7.16-16-16-16H16C7.16 64 0 71.16 0 80v336c0 17.67 14.33 32 32 32h464c8.84 0 16-7.16 16-16v-16c0-8.84-7.16-16-16-16zm-387.2-48h22.4c6.4 0 12.8-6.4 12.8-12.8v-70.4c0-6.4-6.4-12.8-12.8-12.8h-22.4c-6.4 0-12.8 6.4-12.8 12.8v70.4c0 6.4 6.4 12.8 12.8 12.8z\" class=\"\"><\/path><\/svg><\/i> <img loading=\"lazy\" decoding=\"async\" width=\"16\" height=\"16\" alt=\"Loading\" src=\"https:\/\/www.raccontinellarete.it\/301\/wp-content\/plugins\/page-views-count\/ajax-loader-2x.gif\" border=0 \/><\/p>\n<div class=\"pvc_clear\"><\/div>\n","protected":false},"author":20101,"featured_media":0,"comment_status":"open","ping_status":"closed","sticky":false,"template":"","format":"standard","meta":{"footnotes":""},"categories":[676],"tags":[],"class_list":["post-54967","post","type-post","status-publish","format-standard","hentry","category-premio-racconti-nella-rete-2024"],"_links":{"self":[{"href":"https:\/\/www.raccontinellarete.it\/index.php?rest_route=\/wp\/v2\/posts\/54967"}],"collection":[{"href":"https:\/\/www.raccontinellarete.it\/index.php?rest_route=\/wp\/v2\/posts"}],"about":[{"href":"https:\/\/www.raccontinellarete.it\/index.php?rest_route=\/wp\/v2\/types\/post"}],"author":[{"embeddable":true,"href":"https:\/\/www.raccontinellarete.it\/index.php?rest_route=\/wp\/v2\/users\/20101"}],"replies":[{"embeddable":true,"href":"https:\/\/www.raccontinellarete.it\/index.php?rest_route=%2Fwp%2Fv2%2Fcomments&post=54967"}],"version-history":[{"count":1,"href":"https:\/\/www.raccontinellarete.it\/index.php?rest_route=\/wp\/v2\/posts\/54967\/revisions"}],"predecessor-version":[{"id":54991,"href":"https:\/\/www.raccontinellarete.it\/index.php?rest_route=\/wp\/v2\/posts\/54967\/revisions\/54991"}],"wp:attachment":[{"href":"https:\/\/www.raccontinellarete.it\/index.php?rest_route=%2Fwp%2Fv2%2Fmedia&parent=54967"}],"wp:term":[{"taxonomy":"category","embeddable":true,"href":"https:\/\/www.raccontinellarete.it\/index.php?rest_route=%2Fwp%2Fv2%2Fcategories&post=54967"},{"taxonomy":"post_tag","embeddable":true,"href":"https:\/\/www.raccontinellarete.it\/index.php?rest_route=%2Fwp%2Fv2%2Ftags&post=54967"}],"curies":[{"name":"wp","href":"https:\/\/api.w.org\/{rel}","templated":true}]}}