{"id":54627,"date":"2024-05-28T16:42:22","date_gmt":"2024-05-28T15:42:22","guid":{"rendered":"https:\/\/www.raccontinellarete.it\/?p=54627"},"modified":"2024-05-28T16:42:23","modified_gmt":"2024-05-28T15:42:23","slug":"premio-racconti-nella-rete-2024-mio-padre-di-vanda-forte","status":"publish","type":"post","link":"https:\/\/www.raccontinellarete.it\/?p=54627","title":{"rendered":"Premio Racconti nella Rete 2024 &#8220;Mio Padre&#8221; di Vanda Forte"},"content":{"rendered":"\n<p>Stamani,uscendo dalla doccia, ho preso a caso un telo da bagno per asciugarmi. Spiegando il telo sorrido perch\u00e9 ho tra le mani il telo con sopra disegnate due conturbanti signorine in bikini che giocano a pallone.\u00a0 Quel telo era stato acquistato dal mio babbo ultrasettantenne che, nonostante il passare degli anni, non smetteva di ammirare le belle donne. Mio padre era un conquistatore di cuori e corpi femminili. Amava le donne,\u00a0 amava guardarle e,in qualche modo,\u00a0 diventare loro amico. Ancora ricordo le carezze compiaciute che ,da bambina, ricevevo incontrando alcune gentili signore e che accarezzavano me ,ignara bimbetta, pensando di accarezzare lui!<br>Mio padre era bellissimo, alto,snello\u00a0 con due occhi verdi come l&#8217;acqua di un lago , nei quali avresti potuto e dovuto specchiarti!<br>Mio padre era un fascista. Dichiaratamente fascista, orgogliosamente fascista. Aveva combattuto a fianco del duce durante la seconda guerra mondiale e, al termine, era stato fatto prigioniero in Africa.\u00a0 Mio padre continuava ad indossare la camicia nera ogni sabato e a non festeggiare il 25 aprile. Aveva trasformato la nostra casa in un mausoleo dedicato al duce con le pareti ricolme di sue effigie. Ogni anno si recava nel luogo natio di Mussolini, in quel che la mia mamma aveva soprannominato\u00a0 San Predappio e ,per me, non valeva il detto Repetita iuvant, per me valeva ,al contrario,\u00a0 repetita non iuvant perch\u00e9 ogni anno,\u00a0 mentre si accingeva a partire,\u00a0 fresca di catechismo chiedevo:&#8221; Che Santo \u00e8 San Predappio non ricordo le sue gesta?&#8221; ,e, mia madre, alzando le braccia al cielo sentenziava laconicamente:&#8221; Deficiente, ho un figlia deficiente!&#8221;.Nella libreria di famiglia troneggiava il Mein Kampf e, ogni sera, mio padre si deliziava leggendo un brano tratto dal Vangelo secondo Adolf Hitler.Spesso la domenica accompagnava giovani camerati a trovare vecchi criminali nazisti in carcere per sentirsi raccontare, ancora una volta, la raccapricciante favola del Terzo\u00a0 Reich.Mio padre era una persona perbene, gentile ed altruista. Se mi fossi ispirata al suo modo di essere avrei dovuto aderire anche io al fascismo ma ,andando a scuola,\u00a0 ti trovi a studiare sui libri di storia e nemmeno la pi\u00f9 fervida delle immaginazioni avrebbe potuto creare fantasiosamente quello che \u00e8 stato l&#8217;olocausto, e, spiegare, in perfetta critica revisionista,\u00a0 come un pigiama party le immagini che ci rimandano ai campi di sterminio.<\/p>\n\n\n\n<p>Non \u00e8 stato facile crescere per la figlia di un fascista perch\u00e9 sembrava che le immagini dei campi di sterminio nazisti mi perseguitassero essendo quasi chiamata a giustificare ci\u00f2 che ,pur non condividendo, faceva parte inesorabilmente del bagaglio culturale della mia famiglia e delle scelte ideologiche genitoriali mio malgrado.<br>Poco prima di morire mio padre si abbandon\u00f2 ad una gioia incommensurabile: il nipote prediletto era diventato magistrato. Non era entrato nel Fuan oppure ne Fronte della giovent\u00f9 ma in magistratura. Noi familiari non capivamo bene tale entusiasmo e tra lo scetticismo e l&#8217; incredulit\u00e0,&nbsp; ci interrogavamo sugli eventuali motivi di soddisfazione da parte di chi aveva sempre posato uno sguardo indulgente su camerati coinvolti in eventi eversivi ,e , assolti, cercando di spiegare il loro operato come fosse dovuto ad un certo nervosismo&nbsp; ,causato dalle forze dell&#8217;ordine schierate, a suo dire, troppo a snistra..&nbsp; Ci chiedevamo se nostro padre avesse capito il ruolo di un magistrato che rimane quello di tutelare le leggi dello Stato.<br>Col passare degli anni ho assunto sempre pi\u00f9 la consapevolezza che quella gioia dimostrata da mio padre nel vedere il nipote prediletto entrare in magistratura, fosse la resa incondizionata di un fascista di fronte alla Costituzione antifascista della Repubblica Italiana.<\/p>\n\n\n\n<p><\/p>\n<div class=\"pvc_clear\"><\/div><p id=\"pvc_stats_54627\" class=\"pvc_stats all  \" data-element-id=\"54627\" style=\"\"><i class=\"pvc-stats-icon medium\" aria-hidden=\"true\"><svg aria-hidden=\"true\" focusable=\"false\" data-prefix=\"far\" data-icon=\"chart-bar\" role=\"img\" xmlns=\"http:\/\/www.w3.org\/2000\/svg\" viewBox=\"0 0 512 512\" class=\"svg-inline--fa fa-chart-bar fa-w-16 fa-2x\"><path fill=\"currentColor\" d=\"M396.8 352h22.4c6.4 0 12.8-6.4 12.8-12.8V108.8c0-6.4-6.4-12.8-12.8-12.8h-22.4c-6.4 0-12.8 6.4-12.8 12.8v230.4c0 6.4 6.4 12.8 12.8 12.8zm-192 0h22.4c6.4 0 12.8-6.4 12.8-12.8V140.8c0-6.4-6.4-12.8-12.8-12.8h-22.4c-6.4 0-12.8 6.4-12.8 12.8v198.4c0 6.4 6.4 12.8 12.8 12.8zm96 0h22.4c6.4 0 12.8-6.4 12.8-12.8V204.8c0-6.4-6.4-12.8-12.8-12.8h-22.4c-6.4 0-12.8 6.4-12.8 12.8v134.4c0 6.4 6.4 12.8 12.8 12.8zM496 400H48V80c0-8.84-7.16-16-16-16H16C7.16 64 0 71.16 0 80v336c0 17.67 14.33 32 32 32h464c8.84 0 16-7.16 16-16v-16c0-8.84-7.16-16-16-16zm-387.2-48h22.4c6.4 0 12.8-6.4 12.8-12.8v-70.4c0-6.4-6.4-12.8-12.8-12.8h-22.4c-6.4 0-12.8 6.4-12.8 12.8v70.4c0 6.4 6.4 12.8 12.8 12.8z\" class=\"\"><\/path><\/svg><\/i> <img loading=\"lazy\" decoding=\"async\" width=\"16\" height=\"16\" alt=\"Loading\" src=\"https:\/\/www.raccontinellarete.it\/301\/wp-content\/plugins\/page-views-count\/ajax-loader-2x.gif\" border=0 \/><\/p><div class=\"pvc_clear\"><\/div>","protected":false},"excerpt":{"rendered":"<p>Stamani,uscendo dalla doccia, ho preso a caso un telo da bagno per asciugarmi. Spiegando il telo sorrido perch\u00e9 ho tra le mani il telo con sopra disegnate due conturbanti signorine in bikini che giocano a pallone.\u00a0 Quel telo era stato acquistato dal mio babbo ultrasettantenne che, nonostante il passare degli anni, non smetteva di ammirare [&hellip;]<\/p>\n<div class=\"pvc_clear\"><\/div>\n<p id=\"pvc_stats_54627\" class=\"pvc_stats all  \" data-element-id=\"54627\" style=\"\"><i class=\"pvc-stats-icon medium\" aria-hidden=\"true\"><svg aria-hidden=\"true\" focusable=\"false\" data-prefix=\"far\" data-icon=\"chart-bar\" role=\"img\" xmlns=\"http:\/\/www.w3.org\/2000\/svg\" viewBox=\"0 0 512 512\" class=\"svg-inline--fa fa-chart-bar fa-w-16 fa-2x\"><path fill=\"currentColor\" d=\"M396.8 352h22.4c6.4 0 12.8-6.4 12.8-12.8V108.8c0-6.4-6.4-12.8-12.8-12.8h-22.4c-6.4 0-12.8 6.4-12.8 12.8v230.4c0 6.4 6.4 12.8 12.8 12.8zm-192 0h22.4c6.4 0 12.8-6.4 12.8-12.8V140.8c0-6.4-6.4-12.8-12.8-12.8h-22.4c-6.4 0-12.8 6.4-12.8 12.8v198.4c0 6.4 6.4 12.8 12.8 12.8zm96 0h22.4c6.4 0 12.8-6.4 12.8-12.8V204.8c0-6.4-6.4-12.8-12.8-12.8h-22.4c-6.4 0-12.8 6.4-12.8 12.8v134.4c0 6.4 6.4 12.8 12.8 12.8zM496 400H48V80c0-8.84-7.16-16-16-16H16C7.16 64 0 71.16 0 80v336c0 17.67 14.33 32 32 32h464c8.84 0 16-7.16 16-16v-16c0-8.84-7.16-16-16-16zm-387.2-48h22.4c6.4 0 12.8-6.4 12.8-12.8v-70.4c0-6.4-6.4-12.8-12.8-12.8h-22.4c-6.4 0-12.8 6.4-12.8 12.8v70.4c0 6.4 6.4 12.8 12.8 12.8z\" class=\"\"><\/path><\/svg><\/i> <img loading=\"lazy\" decoding=\"async\" width=\"16\" height=\"16\" alt=\"Loading\" src=\"https:\/\/www.raccontinellarete.it\/301\/wp-content\/plugins\/page-views-count\/ajax-loader-2x.gif\" border=0 \/><\/p>\n<div class=\"pvc_clear\"><\/div>\n","protected":false},"author":26248,"featured_media":0,"comment_status":"open","ping_status":"closed","sticky":false,"template":"","format":"standard","meta":{"footnotes":""},"categories":[676],"tags":[],"class_list":["post-54627","post","type-post","status-publish","format-standard","hentry","category-premio-racconti-nella-rete-2024"],"_links":{"self":[{"href":"https:\/\/www.raccontinellarete.it\/index.php?rest_route=\/wp\/v2\/posts\/54627"}],"collection":[{"href":"https:\/\/www.raccontinellarete.it\/index.php?rest_route=\/wp\/v2\/posts"}],"about":[{"href":"https:\/\/www.raccontinellarete.it\/index.php?rest_route=\/wp\/v2\/types\/post"}],"author":[{"embeddable":true,"href":"https:\/\/www.raccontinellarete.it\/index.php?rest_route=\/wp\/v2\/users\/26248"}],"replies":[{"embeddable":true,"href":"https:\/\/www.raccontinellarete.it\/index.php?rest_route=%2Fwp%2Fv2%2Fcomments&post=54627"}],"version-history":[{"count":3,"href":"https:\/\/www.raccontinellarete.it\/index.php?rest_route=\/wp\/v2\/posts\/54627\/revisions"}],"predecessor-version":[{"id":54643,"href":"https:\/\/www.raccontinellarete.it\/index.php?rest_route=\/wp\/v2\/posts\/54627\/revisions\/54643"}],"wp:attachment":[{"href":"https:\/\/www.raccontinellarete.it\/index.php?rest_route=%2Fwp%2Fv2%2Fmedia&parent=54627"}],"wp:term":[{"taxonomy":"category","embeddable":true,"href":"https:\/\/www.raccontinellarete.it\/index.php?rest_route=%2Fwp%2Fv2%2Fcategories&post=54627"},{"taxonomy":"post_tag","embeddable":true,"href":"https:\/\/www.raccontinellarete.it\/index.php?rest_route=%2Fwp%2Fv2%2Ftags&post=54627"}],"curies":[{"name":"wp","href":"https:\/\/api.w.org\/{rel}","templated":true}]}}