{"id":54516,"date":"2024-05-27T12:27:55","date_gmt":"2024-05-27T11:27:55","guid":{"rendered":"https:\/\/www.raccontinellarete.it\/?p=54516"},"modified":"2024-05-27T12:27:56","modified_gmt":"2024-05-27T11:27:56","slug":"premio-racconti-nella-rete-2024-scellerata-di-ilaria-carmen-restifo","status":"publish","type":"post","link":"https:\/\/www.raccontinellarete.it\/?p=54516","title":{"rendered":"Premio Racconti nella Rete 2024 &#8220;Scellerata&#8221; di Ilaria Carmen Restifo"},"content":{"rendered":"\n<p><\/p>\n\n\n\n<p><em>Ego te amata capio, <\/em>io prendo te mia amata. Con queste parole fui catturata e consacrata al servizio. Rapita alla mia famiglia e affidata al sacro collegio. Alla sua autorit\u00e0, e solo a quella, avrei dovuto rispondere d\u2019ora in poi. Per il bene della citt\u00e0.<\/p>\n\n\n\n<p>Me lo ricordo quel giorno. Ero una bambina, la pi\u00f9 bella bambina tra i tanti marmocchi di una nobile famiglia romana. \u00abSei contenta tesoro? Che bella che sei\u2026 Da\u2019, lascia a me la tua <em>pupilla<\/em>, la conservo io. Non ti serve pi\u00f9 adesso\u00bb. Mia madre mi prese la bambola in legno che tenevo stretta al petto. Dovette tirarla con forza, perch\u00e9 io non la lasciavo andare.<\/p>\n\n\n\n<p>Mi avevano vestita con un abito bianco, mi avevano tagliato tutti i capelli e li avevano appesi a un albero di loto. Non capivo perch\u00e9 dovessi essere tanto contenta, con i miei capelli appesi a un albero e senza pi\u00f9 nemmeno la mia bambola. Per\u00f2 tutti dicevano che dovevo rallegrarmi, che avrei avuto tanti privilegi, ricchezze, onori, che un giorno avrei persino concesso la grazia ai condannati, che la gente per strada sarebbe stata obbligata a cedermi il passo\u2026 Sorridevo perplessa. Che significavano tutte quelle cose? &nbsp;E cosa avrei dovuto fare per guadagnarmele?<\/p>\n\n\n\n<p>Pensavo alla <em>pupilla<\/em> nelle mani di mia madre mentre nell\u2019atrio si alzava un coro di voci femminili: \u00abio sono colei che \u00e8 e che sempre sar\u00e0, nessun uomo ha mai sollevato il mio velo\u00bb. La porta si richiuse sonora alle mie spalle. Fui condotta al piano superiore dove si aprivano gli alloggi delle novizie. Mi fu affidata una camera: quella sarebbe stata la mia casa per i prossimi trent\u2019anni.<\/p>\n\n\n\n<p>Passarono due lustri da quel giorno. Non ero pi\u00f9 una bambina e nemmeno pi\u00f9 una novizia.&nbsp; La mia bellezza sbocciava con l\u2019adolescenza. I miei capelli castani erano cresciuti. Ora li tenevo raccolti in sei ciocche tenute insieme da una benda che avvolgevo attorno al capo, con un velo bianco fissato da una spilla. Ero una sposa pubblica, una madrina della citt\u00e0, mantenuta a spese dello stato, mi occupavo dei sacri obblighi e la vita procedeva tranquilla.<\/p>\n\n\n\n<p>Gli incarichi che mi erano stati affidati sembravano piacevoli. Mi ricordavano le cose che vedevo fare a mia madre in casa quando ero bambina. Badavo al fuoco per non farlo mai spegnere, preparavo focacce a base di farro, contribuivo all\u2019organizzazione delle cerimonie, custodivo le reliquie di culto in una dispensa segreta, nascosta dietro al focolare.<\/p>\n\n\n\n<p>Aprile era il mese che mi piaceva di pi\u00f9. C\u2019erano tante cose da fare per la primavera. Il quindici aprile, io e Lucilla ci recavamo con le altre su per le pendici del Campidoglio, dove era usanza immolare una mucca gravida ed estrarne il feto. Spettava alla nostra custode pi\u00f9 anziana prendere il feto, bruciarlo e conservarne le ceneri. All\u2019inizio mi spaventavo. Mettevo di nascosto le mani davanti agli occhi per non guardare. O meglio, sbirciavo tra le fessure delle dita. Chiedevo a Lucilla: \u00abHanno fatto? Stanno estraendo il vitello? \u00c8 uscito tanto sangue?\u00bb. \u00abTogliti quelle mani dagli occhi!\u201d\u00bb, rispondeva lei, \u00abvuoi farti vedere da tutti? S\u00ec, stanno tirando fuori il feto\u00bb.&nbsp; Poi per\u00f2 mi abituai a quello spettacolo e smisi di sbirciare tra le dita. Prendevamo le ceneri del feto e le mischiavamo con sangue di cavallo e paglia di fava. Era un preparato potente per la fertilit\u00e0.<\/p>\n\n\n\n<p>Altri anni passarono dai giorni della mia adolescenza. I miei privilegi erano tanti, ora lo sapevo. Godevo di un particolare status legale e di mezzi finanziari immensi, anche se non sapevo bene che farmene. Potevo uscire liberamente, andare in giro in carrozza, avere una guardia del corpo, un posto d\u2019onore agli spettacoli; potevo danzare e cantare, fare testamento, ereditare beni, testimoniare ai processi. E avevo anche diritto ad una tomba all\u2019interno delle mura cittadine, cosa impossibile per gli altri. Era tanto, tantissimo. Ma soprattutto, era tantissimo rispetto alle altre donne della mia citt\u00e0. Alla soglia dei miei venticinque anni, potevo dire di essere felice e mi sentivo libera. Poi, un giorno, lo incontrai.<\/p>\n\n\n\n<p>Era il quindici maggio e si celebrava a Roma un importante rito popolare. Tutta la citt\u00e0 andava in processione a Ponte Sublicio, dove le madrine gettavano nel Tevere ventisette fantocci di paglia con mani e piedi legati.&nbsp; Un monito per scongiurare la venuta degli invasori: se provate ad avvicinarvi alla nostra citt\u00e0 vi gettiamo legati nel fiume e vi anneghiamo tutti.<\/p>\n\n\n\n<p>Camminavo a testa bassa, occupata a controllare i fantocci che mi erano stati affidati in una cesta. Notai che i piedi di uno dei pupazzi si erano liberati, il giunco che doveva tenerli uniti si era allentato. Se si fosse sciolto del tutto cadendo nell\u2019acqua\u2026 che malaugurio! Tentai di stringere il nodo, ma il fantoccio mi scivol\u00f2 di mano e cadde a terra. Mi chinai per raccoglierlo. Una mano tesa, nervosa mi anticip\u00f2 e me lo porse. Alzai lo sguardo e incrociai due occhi neri, infuocati, insistenti, che si fissarono nei miei. Deglutii. Fu lui a serrare il nodo attorno alle caviglie del fantoccio di paglia. \u00abMeglio legarle per bene queste caviglie. Non vogliamo presagi funesti per la citt\u00e0, giusto?\u00bb, disse. \u00abGiusto\u00bb, risposi a fil di voce. Lo ringraziai e mi allontanai col cuore in gola, accelerando il passo per raggiungere le altre. Mi voltai una volta sola: lui mi stava guardando.<\/p>\n\n\n\n<p>Pass\u00f2 qualche giorno. Era il crepuscolo e la sera era mite. Mi stavo dirigendo alla fonte per raccogliere un po\u2019 d\u2019acqua. Ero sola. Sapevo che a quell\u2019ora la fonte era deserta. Era l\u2019ora pi\u00f9 bella per starsene in pace a meditare presso l\u2019acqua. Camminavo a passo spedito verso la sorgente ma mi bloccai sui miei passi: accanto alla fonte c\u2019era un cavaliere dell\u2019ordine, in sella, che mi sbarrava la strada. Era lui. Proseguii lentamente verso la sorgente, con i due secchi vuoti in mano, uno per braccio. Non dissi nulla. Lui non disse nulla. Mi inginocchiai alla fonte per raccogliere l\u2019acqua. Con la coda dell\u2019occhio vidi che scendeva da cavallo e si avvicinava. \u00abLascia, ti aiuto io. Sono pesanti\u00bb, disse offrendosi di sollevare i secchi. Nel prendere i secchi, le sue mani sfiorarono le mie, indugiarono sulle mie. Il cuore mi si ferm\u00f2 in gola. Lo sentivo battere all\u2019altezza della glottide. \u00abTi ricordi di me?\u00bb, aggiunse dopo un silenzio. \u00abS\u00ec\u00bb, risposi abbassando lo sguardo per non tradire il tumulto di sensazioni che si scatenavano in me. Con la mano, lui mi alz\u00f2 il mento. I nostri occhi si incrociarono in uno sguardo lunghissimo.<\/p>\n\n\n\n<p>Un turbamento scioccante, che mi accendeva i sensi, era qualcosa da riservare ad altre alcove, non certo alla mia. I presagi erano ovunque, lo sapevo, ma feci finta di non vederli. In quel vortice di emozioni, sentii ad un tratto le sue labbra premere sulle mie. Con la bocca serrata lo guardai fisso. Le nostre pupille erano dilatate dalla stessa paura. Un attimo, un\u2019eternit\u00e0. Poi, lentamente, abbassai le palpebre, schiusi le labbra e non vidi pi\u00f9 nulla. I secchi pieni d\u2019acqua caddero a terra, formando un rivolo tra il trifoglio e le piante di acanto.<\/p>\n\n\n\n<p>Tornai alla fonte quasi tutte le sere. Ci amavamo sotto una quercia solitaria circondata da arbusti di lentisco, le nostre nudit\u00e0 esposte alla brezza notturna, troppo persi in noi stessi per renderci conto del pericolo incombente.<\/p>\n\n\n\n<p>Fulmini, incendi, strane morti improvvise\u2026 Quell\u2019anno la comparsa di presagi funesti aveva riempito la citt\u00e0 di un sacro terrore. I romani si misero a cercare ossessivamente una causa mistica alle loro disgrazie, determinati a trovare un capro espiatorio cui imputare la rottura della pace con gli d\u00e8i. &nbsp;Noi, cos\u00ec inebriati l\u2019uno dall\u2019altra, cos\u00ec dimentichi di ogni avvertimento, commettemmo l\u2019errore di non essere abbastanza cauti. Una sera, un servo ci vide sotto la quercia. Corse a svelare all\u2019autorit\u00e0 religiosa di aver scoperto la ragione di tutta quella serie di presagi. \u00abSacrilegio imperdonabile! I riti sacri sono stati violati da atti impuri!\u00bb. Fui allontanata dai sacra, processata e ritenuta colpevole. I declamatori si prodigarono con molto zelo a sostenere la necessit\u00e0 di una punizione esemplare, vista l\u2019offesa che avevo recato alla citt\u00e0.<\/p>\n\n\n\n<p>La sera in cui eravamo stati scoperti fu l\u2019ultima volta che lo vidi. Lui ricevette la punizione esemplare e venne flagellato a morte, nudo, nel Foro Boario, come uno schiavo comune. Non ebbi neppure modo di piangerlo e dargli sepoltura. In quanto a me, non potendo essere uccisa da mani umane, mi fu comunque concesso l\u2019inconsueto privilegio di prender parte al mio stesso funerale, da viva.<\/p>\n\n\n\n<p>Mi vestirono con abiti funebri e un velo sul capo. Mi fecero salire su una lettiga che mi trasportava, in lugubre pompa, attraverso il Foro Romano verso Porta Collina. Dalla lettiga scorsi mia madre in lacrime, che seguiva il corteo attonito, silenzioso. Mai vidi spettacolo pi\u00f9 agghiacciante del mio funerale. Non riuscivo neppure a piangere la mia morte. La lettiga si ferm\u00f2: eravamo arrivati al Campo. Mi fecero scendere. L\u00e0 mi aspettava il pontefice che, toccandomi il capo, si mise a pronunciare parole misteriose. Mi diedero una lucerna, una provvista di pane, acqua, olio. Guardai mia madre e ripensai alla mia <em>pupilla,<\/em> ai capelli appesi all\u2019albero di loto, al giorno in cui la porta dell\u2019<em>atrium<\/em> si chiuse dietro di me. Mi voltai, chinai il capo e scesi lentamente le scale in pietra che conducevano al sepolcro. Anche quella volta sentii la botola chiudersi alle mie spalle mentre mi muravano viva. Poi il buio. E pi\u00f9 nulla.<\/p>\n\n\n\n<p>***<\/p>\n\n\n\n<p>Sono ancora qui. Sepolta per l\u2019eternit\u00e0 sotto le mura di questo enorme palazzo che chiamano ministero del tesoro. Forse venti metri sotto il piano della strada. Niente pi\u00f9 colline ricoperte di acanto e lentisco, niente fonti sacre, niente pi\u00f9 lettighe. Solo carrozze di ferro che camminano senza cavalli. Non hanno mai neppure trovato le mie ossa sotto tutto il cemento di questo palazzo. Nessuna fonte storica cita il mio nome. Per la storia, non esisto. Del campo scellerato non c\u2019\u00e8 pi\u00f9 traccia, solo qualche ipotesi, forse una leggenda.<\/p>\n\n\n\n<p>La mia anima vaga ancora, inquieta, di notte, tra le strade chiassose di questa citt\u00e0 che tanto mi diede e tanto mi tolse. Da millenni, la mia anima urla la sua rabbia per riscattare la colpa di aver amato. Da millenni, urla una verit\u00e0 che non ha voce, tacita, muta, inespressa, senza nessuno che l\u2019ascolti. Lui non l\u2019ho mai pi\u00f9 incontrato, nemmeno quaggi\u00f9, nel regno delle ombre. E intanto, il fuoco sacro della citt\u00e0 \u00e8 stato spento per sempre dalla furia del tempo. Cos\u00ec sia.<\/p>\n<div class=\"pvc_clear\"><\/div><p id=\"pvc_stats_54516\" class=\"pvc_stats all  \" data-element-id=\"54516\" style=\"\"><i class=\"pvc-stats-icon medium\" aria-hidden=\"true\"><svg aria-hidden=\"true\" focusable=\"false\" data-prefix=\"far\" data-icon=\"chart-bar\" role=\"img\" xmlns=\"http:\/\/www.w3.org\/2000\/svg\" viewBox=\"0 0 512 512\" class=\"svg-inline--fa fa-chart-bar fa-w-16 fa-2x\"><path fill=\"currentColor\" d=\"M396.8 352h22.4c6.4 0 12.8-6.4 12.8-12.8V108.8c0-6.4-6.4-12.8-12.8-12.8h-22.4c-6.4 0-12.8 6.4-12.8 12.8v230.4c0 6.4 6.4 12.8 12.8 12.8zm-192 0h22.4c6.4 0 12.8-6.4 12.8-12.8V140.8c0-6.4-6.4-12.8-12.8-12.8h-22.4c-6.4 0-12.8 6.4-12.8 12.8v198.4c0 6.4 6.4 12.8 12.8 12.8zm96 0h22.4c6.4 0 12.8-6.4 12.8-12.8V204.8c0-6.4-6.4-12.8-12.8-12.8h-22.4c-6.4 0-12.8 6.4-12.8 12.8v134.4c0 6.4 6.4 12.8 12.8 12.8zM496 400H48V80c0-8.84-7.16-16-16-16H16C7.16 64 0 71.16 0 80v336c0 17.67 14.33 32 32 32h464c8.84 0 16-7.16 16-16v-16c0-8.84-7.16-16-16-16zm-387.2-48h22.4c6.4 0 12.8-6.4 12.8-12.8v-70.4c0-6.4-6.4-12.8-12.8-12.8h-22.4c-6.4 0-12.8 6.4-12.8 12.8v70.4c0 6.4 6.4 12.8 12.8 12.8z\" class=\"\"><\/path><\/svg><\/i> <img loading=\"lazy\" decoding=\"async\" width=\"16\" height=\"16\" alt=\"Loading\" src=\"https:\/\/www.raccontinellarete.it\/301\/wp-content\/plugins\/page-views-count\/ajax-loader-2x.gif\" border=0 \/><\/p><div class=\"pvc_clear\"><\/div>","protected":false},"excerpt":{"rendered":"<p>Ego te amata capio, io prendo te mia amata. Con queste parole fui catturata e consacrata al servizio. Rapita alla mia famiglia e affidata al sacro collegio. Alla sua autorit\u00e0, e solo a quella, avrei dovuto rispondere d\u2019ora in poi. Per il bene della citt\u00e0. Me lo ricordo quel giorno. Ero una bambina, la pi\u00f9 [&hellip;]<\/p>\n<div class=\"pvc_clear\"><\/div>\n<p id=\"pvc_stats_54516\" class=\"pvc_stats all  \" data-element-id=\"54516\" style=\"\"><i class=\"pvc-stats-icon medium\" aria-hidden=\"true\"><svg aria-hidden=\"true\" focusable=\"false\" data-prefix=\"far\" data-icon=\"chart-bar\" role=\"img\" xmlns=\"http:\/\/www.w3.org\/2000\/svg\" viewBox=\"0 0 512 512\" class=\"svg-inline--fa fa-chart-bar fa-w-16 fa-2x\"><path fill=\"currentColor\" d=\"M396.8 352h22.4c6.4 0 12.8-6.4 12.8-12.8V108.8c0-6.4-6.4-12.8-12.8-12.8h-22.4c-6.4 0-12.8 6.4-12.8 12.8v230.4c0 6.4 6.4 12.8 12.8 12.8zm-192 0h22.4c6.4 0 12.8-6.4 12.8-12.8V140.8c0-6.4-6.4-12.8-12.8-12.8h-22.4c-6.4 0-12.8 6.4-12.8 12.8v198.4c0 6.4 6.4 12.8 12.8 12.8zm96 0h22.4c6.4 0 12.8-6.4 12.8-12.8V204.8c0-6.4-6.4-12.8-12.8-12.8h-22.4c-6.4 0-12.8 6.4-12.8 12.8v134.4c0 6.4 6.4 12.8 12.8 12.8zM496 400H48V80c0-8.84-7.16-16-16-16H16C7.16 64 0 71.16 0 80v336c0 17.67 14.33 32 32 32h464c8.84 0 16-7.16 16-16v-16c0-8.84-7.16-16-16-16zm-387.2-48h22.4c6.4 0 12.8-6.4 12.8-12.8v-70.4c0-6.4-6.4-12.8-12.8-12.8h-22.4c-6.4 0-12.8 6.4-12.8 12.8v70.4c0 6.4 6.4 12.8 12.8 12.8z\" class=\"\"><\/path><\/svg><\/i> <img loading=\"lazy\" decoding=\"async\" width=\"16\" height=\"16\" alt=\"Loading\" src=\"https:\/\/www.raccontinellarete.it\/301\/wp-content\/plugins\/page-views-count\/ajax-loader-2x.gif\" border=0 \/><\/p>\n<div class=\"pvc_clear\"><\/div>\n","protected":false},"author":28829,"featured_media":0,"comment_status":"open","ping_status":"closed","sticky":false,"template":"","format":"standard","meta":{"footnotes":""},"categories":[676],"tags":[],"class_list":["post-54516","post","type-post","status-publish","format-standard","hentry","category-premio-racconti-nella-rete-2024"],"_links":{"self":[{"href":"https:\/\/www.raccontinellarete.it\/index.php?rest_route=\/wp\/v2\/posts\/54516"}],"collection":[{"href":"https:\/\/www.raccontinellarete.it\/index.php?rest_route=\/wp\/v2\/posts"}],"about":[{"href":"https:\/\/www.raccontinellarete.it\/index.php?rest_route=\/wp\/v2\/types\/post"}],"author":[{"embeddable":true,"href":"https:\/\/www.raccontinellarete.it\/index.php?rest_route=\/wp\/v2\/users\/28829"}],"replies":[{"embeddable":true,"href":"https:\/\/www.raccontinellarete.it\/index.php?rest_route=%2Fwp%2Fv2%2Fcomments&post=54516"}],"version-history":[{"count":2,"href":"https:\/\/www.raccontinellarete.it\/index.php?rest_route=\/wp\/v2\/posts\/54516\/revisions"}],"predecessor-version":[{"id":54557,"href":"https:\/\/www.raccontinellarete.it\/index.php?rest_route=\/wp\/v2\/posts\/54516\/revisions\/54557"}],"wp:attachment":[{"href":"https:\/\/www.raccontinellarete.it\/index.php?rest_route=%2Fwp%2Fv2%2Fmedia&parent=54516"}],"wp:term":[{"taxonomy":"category","embeddable":true,"href":"https:\/\/www.raccontinellarete.it\/index.php?rest_route=%2Fwp%2Fv2%2Fcategories&post=54516"},{"taxonomy":"post_tag","embeddable":true,"href":"https:\/\/www.raccontinellarete.it\/index.php?rest_route=%2Fwp%2Fv2%2Ftags&post=54516"}],"curies":[{"name":"wp","href":"https:\/\/api.w.org\/{rel}","templated":true}]}}