{"id":54218,"date":"2024-05-14T17:41:29","date_gmt":"2024-05-14T16:41:29","guid":{"rendered":"https:\/\/www.raccontinellarete.it\/?p=54218"},"modified":"2024-05-14T17:41:31","modified_gmt":"2024-05-14T16:41:31","slug":"premio-racconti-nella-rete-2024-non-sono-un-nano-di-francesco-maltarello","status":"publish","type":"post","link":"https:\/\/www.raccontinellarete.it\/?p=54218","title":{"rendered":"Premio Racconti nella Rete 2024 &#8220;Non sono un nano&#8221; di Francesco Maltarello"},"content":{"rendered":"\n<p>Sono un bambino.<\/p>\n\n\n\n<p>Mia sorella ascolta dei dischi che mi piacciono, ma non ho ancora capito questa Marinella che scivola \u201cchiss\u00e0 come\u201d\u2026 mi sa che qualcuno ce l\u2019ha spinta, dentro al fiume, ma quando l\u2019ho chiesto mi hanno detto che sono troppo piccolo per capire. Forse pensano che essere piccolo \u00e8 come essere stupido. Buffo, no?<\/p>\n\n\n\n<p>Come quando entro che pap\u00e0 e mamma parlano di qualcosa e pap\u00e0 fa dei colpi di tosse per avvertire mamma e cambiano discorso, e credono che io non me ne accorgo.<\/p>\n\n\n\n<p>Invece io li sento.<\/p>\n\n\n\n<p><em>\u00ab\u00c8 colpa tua se \u00e8 nato cos\u00ec!\u00bb.<\/em><\/p>\n\n\n\n<p><em>\u00abMa io che ne sapevo, scusa?\u00bb.<\/em><\/p>\n\n\n\n<p><em>\u00abHai il sangue pieno di anticorpi che contrastano il mio! Non dire che non lo sapevi! Siamo stati fortunati con Ale, dovevamo fermarci l\u00ec\u00bb.<\/em><\/p>\n\n\n\n<p>E gi\u00f9 parolacce che se le dico io mi lasciano una settimana senza tv. Poi la mamma si chiude in bagno piangendo e pap\u00e0 esce sbattendo la porta e quando torna ha addosso degli odori cattivi.<\/p>\n\n\n\n<p>Mi hanno anche portato da un dottore che dopo avermi smaneggiato da tutte le parti ha detto una sfilza di parole strane che iniziavano tutte con \u201cipo\u201d e ha detto che non avevo degli ormoni, che non so cosa siano, e quando l\u2019ho chiesto mi hanno detto che sono le tracce che lasciano gli animali grandi\u2026 ma credo che mi abbiano detto una cretinata, vero? Questo non \u00e8 buffo, \u00e8 brutto.<\/p>\n\n\n\n<p>A scuola ci vado e mi piace, solo che sono tutti pi\u00f9 grandi. Io faccio la prima elementare, sono alto un metro e cinque, qualcuno mi prende in giro e dice che sono un nano. Io non lo so, per\u00f2 a casa mi leggevano una favola piena di nani che erano simpatici, quindi non penso che sia un insulto.<\/p>\n\n\n\n<p>Poi c\u2019\u00e8 stata un\u2019estate, quando avevo quindici anni, in cui non solo erano tutti diventati pi\u00f9 alti ma avevano anche cambiato voce. Quando pensavano che non li sentissi dicevano &#8220;\u00c8 sempre un nano\u201d e ridacchiavano. Hanno cominciato anche a fare discorsi diversi, andavano in giro con le ragazze e a me non mi ci facevano andare, tanto dicevano che per me era inutile, quindi alla fine restavo per conto mio e io li guardavo sognando di essere come loro, anche se mi sembravano essere diventati tutti un po\u2019 stronzi.<\/p>\n\n\n\n<p>I miei dicevano che per diventare grande dovevo fare delle punture con i famosi ormoni che nel frattempo avevo anche capito cosa erano, e un po\u2019mi facevano crescere ma mica tanto\u2026 Poi hanno detto che dopo una certa et\u00e0 era inutile insistere. E intanto io mi ero abituato e non ci facevo pi\u00f9 caso.<\/p>\n\n\n\n<p>Adesso sono grande, ho sessant\u2019anni e sono alto un metro e quarantacinque.<\/p>\n\n\n\n<p>Vedo tanta gente che fa di tutto per restare giovane e io invece lo rimango e vorrei essere vecchio. La mia pelle \u00e8 rimasta liscia, non mi \u00e8 mai cresciuta la barba, ho giusto qualche capello bianco.<\/p>\n\n\n\n<p>Ascolto la stessa musica di una volta, e c\u2019\u00e8 una canzone di Fabrizio De Andr\u00e9, il cantautore che piaceva a mia sorella, dove a uno basso dicono che un nano \u00e8 una carogna di sicuro\u2026 Forse \u00e8 vero, ma io non sono un nano. Le carogne sono loro.<\/p>\n<div class=\"pvc_clear\"><\/div><p id=\"pvc_stats_54218\" class=\"pvc_stats all  \" data-element-id=\"54218\" style=\"\"><i class=\"pvc-stats-icon medium\" aria-hidden=\"true\"><svg aria-hidden=\"true\" focusable=\"false\" data-prefix=\"far\" data-icon=\"chart-bar\" role=\"img\" xmlns=\"http:\/\/www.w3.org\/2000\/svg\" viewBox=\"0 0 512 512\" class=\"svg-inline--fa fa-chart-bar fa-w-16 fa-2x\"><path fill=\"currentColor\" d=\"M396.8 352h22.4c6.4 0 12.8-6.4 12.8-12.8V108.8c0-6.4-6.4-12.8-12.8-12.8h-22.4c-6.4 0-12.8 6.4-12.8 12.8v230.4c0 6.4 6.4 12.8 12.8 12.8zm-192 0h22.4c6.4 0 12.8-6.4 12.8-12.8V140.8c0-6.4-6.4-12.8-12.8-12.8h-22.4c-6.4 0-12.8 6.4-12.8 12.8v198.4c0 6.4 6.4 12.8 12.8 12.8zm96 0h22.4c6.4 0 12.8-6.4 12.8-12.8V204.8c0-6.4-6.4-12.8-12.8-12.8h-22.4c-6.4 0-12.8 6.4-12.8 12.8v134.4c0 6.4 6.4 12.8 12.8 12.8zM496 400H48V80c0-8.84-7.16-16-16-16H16C7.16 64 0 71.16 0 80v336c0 17.67 14.33 32 32 32h464c8.84 0 16-7.16 16-16v-16c0-8.84-7.16-16-16-16zm-387.2-48h22.4c6.4 0 12.8-6.4 12.8-12.8v-70.4c0-6.4-6.4-12.8-12.8-12.8h-22.4c-6.4 0-12.8 6.4-12.8 12.8v70.4c0 6.4 6.4 12.8 12.8 12.8z\" class=\"\"><\/path><\/svg><\/i> <img loading=\"lazy\" decoding=\"async\" width=\"16\" height=\"16\" alt=\"Loading\" src=\"https:\/\/www.raccontinellarete.it\/301\/wp-content\/plugins\/page-views-count\/ajax-loader-2x.gif\" border=0 \/><\/p><div class=\"pvc_clear\"><\/div>","protected":false},"excerpt":{"rendered":"<p>Sono un bambino. Mia sorella ascolta dei dischi che mi piacciono, ma non ho ancora capito questa Marinella che scivola \u201cchiss\u00e0 come\u201d\u2026 mi sa che qualcuno ce l\u2019ha spinta, dentro al fiume, ma quando l\u2019ho chiesto mi hanno detto che sono troppo piccolo per capire. Forse pensano che essere piccolo \u00e8 come essere stupido. Buffo, [&hellip;]<\/p>\n<div class=\"pvc_clear\"><\/div>\n<p id=\"pvc_stats_54218\" class=\"pvc_stats all  \" data-element-id=\"54218\" style=\"\"><i class=\"pvc-stats-icon medium\" aria-hidden=\"true\"><svg aria-hidden=\"true\" focusable=\"false\" data-prefix=\"far\" data-icon=\"chart-bar\" role=\"img\" xmlns=\"http:\/\/www.w3.org\/2000\/svg\" viewBox=\"0 0 512 512\" class=\"svg-inline--fa fa-chart-bar fa-w-16 fa-2x\"><path fill=\"currentColor\" d=\"M396.8 352h22.4c6.4 0 12.8-6.4 12.8-12.8V108.8c0-6.4-6.4-12.8-12.8-12.8h-22.4c-6.4 0-12.8 6.4-12.8 12.8v230.4c0 6.4 6.4 12.8 12.8 12.8zm-192 0h22.4c6.4 0 12.8-6.4 12.8-12.8V140.8c0-6.4-6.4-12.8-12.8-12.8h-22.4c-6.4 0-12.8 6.4-12.8 12.8v198.4c0 6.4 6.4 12.8 12.8 12.8zm96 0h22.4c6.4 0 12.8-6.4 12.8-12.8V204.8c0-6.4-6.4-12.8-12.8-12.8h-22.4c-6.4 0-12.8 6.4-12.8 12.8v134.4c0 6.4 6.4 12.8 12.8 12.8zM496 400H48V80c0-8.84-7.16-16-16-16H16C7.16 64 0 71.16 0 80v336c0 17.67 14.33 32 32 32h464c8.84 0 16-7.16 16-16v-16c0-8.84-7.16-16-16-16zm-387.2-48h22.4c6.4 0 12.8-6.4 12.8-12.8v-70.4c0-6.4-6.4-12.8-12.8-12.8h-22.4c-6.4 0-12.8 6.4-12.8 12.8v70.4c0 6.4 6.4 12.8 12.8 12.8z\" class=\"\"><\/path><\/svg><\/i> <img loading=\"lazy\" decoding=\"async\" width=\"16\" height=\"16\" alt=\"Loading\" src=\"https:\/\/www.raccontinellarete.it\/301\/wp-content\/plugins\/page-views-count\/ajax-loader-2x.gif\" border=0 \/><\/p>\n<div class=\"pvc_clear\"><\/div>\n","protected":false},"author":26030,"featured_media":0,"comment_status":"open","ping_status":"closed","sticky":false,"template":"","format":"standard","meta":{"footnotes":""},"categories":[676],"tags":[],"class_list":["post-54218","post","type-post","status-publish","format-standard","hentry","category-premio-racconti-nella-rete-2024"],"_links":{"self":[{"href":"https:\/\/www.raccontinellarete.it\/index.php?rest_route=\/wp\/v2\/posts\/54218"}],"collection":[{"href":"https:\/\/www.raccontinellarete.it\/index.php?rest_route=\/wp\/v2\/posts"}],"about":[{"href":"https:\/\/www.raccontinellarete.it\/index.php?rest_route=\/wp\/v2\/types\/post"}],"author":[{"embeddable":true,"href":"https:\/\/www.raccontinellarete.it\/index.php?rest_route=\/wp\/v2\/users\/26030"}],"replies":[{"embeddable":true,"href":"https:\/\/www.raccontinellarete.it\/index.php?rest_route=%2Fwp%2Fv2%2Fcomments&post=54218"}],"version-history":[{"count":2,"href":"https:\/\/www.raccontinellarete.it\/index.php?rest_route=\/wp\/v2\/posts\/54218\/revisions"}],"predecessor-version":[{"id":54228,"href":"https:\/\/www.raccontinellarete.it\/index.php?rest_route=\/wp\/v2\/posts\/54218\/revisions\/54228"}],"wp:attachment":[{"href":"https:\/\/www.raccontinellarete.it\/index.php?rest_route=%2Fwp%2Fv2%2Fmedia&parent=54218"}],"wp:term":[{"taxonomy":"category","embeddable":true,"href":"https:\/\/www.raccontinellarete.it\/index.php?rest_route=%2Fwp%2Fv2%2Fcategories&post=54218"},{"taxonomy":"post_tag","embeddable":true,"href":"https:\/\/www.raccontinellarete.it\/index.php?rest_route=%2Fwp%2Fv2%2Ftags&post=54218"}],"curies":[{"name":"wp","href":"https:\/\/api.w.org\/{rel}","templated":true}]}}