{"id":54038,"date":"2024-05-20T12:28:21","date_gmt":"2024-05-20T11:28:21","guid":{"rendered":"http:\/\/www.raccontinellarete.it\/?p=54038"},"modified":"2024-05-20T12:35:08","modified_gmt":"2024-05-20T11:35:08","slug":"conto-alla-rovescia-per-partecipare-alla-23-edizione-di-racconti-nella-rete-inserisci-il-tuo-racconto-o-soggetto-entro-il-31-maggio","status":"publish","type":"post","link":"https:\/\/www.raccontinellarete.it\/?p=54038","title":{"rendered":"REGISTRATI ED INSERISCI IL RACCONTO per partecipare alla 23^ edizione di Racconti nella Rete. ENTRO IL 31 MAGGIO"},"content":{"rendered":"\n<p><\/p>\n\n\n\n<blockquote class=\"wp-block-quote is-layout-flow wp-block-quote-is-layout-flow\">\n<p><a href=\"https:\/\/www.raccontinellarete.it\/301\/wp-login.php?action=register\"><strong> Registrati qui per inserire subito il racconto <\/strong><\/a><\/p>\n<\/blockquote>\n\n\n\n<p><\/p>\n\n\n\n<p><strong>Ultimi giorni,<\/strong> <strong>fino al 31 maggio, per partecipare alla 23^ edizione del Premio letterario Racconti nella Rete. La premiazione dei vincitori, che si svolger\u00e0 ad ottobre a Lucca nell&#8217;ambito del festival LuccAutori, sar\u00e0 accompagnata da una serie di incontri con grandi personaggi del mondo della cultura e dello spettacolo.&nbsp;&nbsp;Per partecipare al concorso <a href=\"https:\/\/www.raccontinellarete.it\/?page_id=6\">Leggi il regolamento<\/a>.<\/strong><\/p>\n\n\n\n<p><strong>Nel sito <a href=\"https:\/\/www.raccontinellarete.it\">www.raccontinellarete.it<\/a>&nbsp; si possono inserire&nbsp;racconti brevi inediti,&nbsp; con una sezione dedicata anche ai&nbsp;racconti per bambini, e soggetti inediti per cortometraggi.<\/strong>&nbsp;&nbsp;Vengono premiati venticinque racconti che saranno pubblicati&nbsp;ad ottobre in una antologia edita da <strong>Castelvecchi (con la&nbsp;copertina disegnata da Fabio Sironi)<\/strong>. Il vincitore della sezione&nbsp;&nbsp;Corti&nbsp; potr\u00e0 partecipare alla realizzazione del cortometraggio&nbsp;che si girer\u00e0 a Lucca in collaborazione con la <strong>Scuola di&nbsp;Cinema Immagina di Firenze<\/strong> diretta da <strong>Giuseppe Ferlito<\/strong>.&nbsp; <\/p>\n\n\n\n<p>Nel sito <a href=\"https:\/\/www.raccontinellarete.it\">www.raccontinellarete.it<\/a>&nbsp;&nbsp;si pu\u00f2 vedere il&nbsp;cortometraggio <strong>\u201cSepar\u00e8\u201d tratto dal soggetto di Piero Fittipaldi, vincitore della sezione corti 2023 del premio&nbsp;letterario<\/strong>.&nbsp; <a href=\"https:\/\/youtu.be\/Srlxvd2-m_8?si=5m9W9iiZEuONhAuE\" data-type=\"link\" data-id=\"https:\/\/youtu.be\/Srlxvd2-m_8?si=5m9W9iiZEuONhAuE\"><strong>Guarda  il corto &#8220;Separ\u00e8&#8221;<\/strong><\/a><\/p>\n\n\n\n<p>Racconti nella Rete \u00e8 una opportunit\u00e0 per tutti coloro che&nbsp;hanno un racconto nel cassetto e desiderano arrivare alla&nbsp;pubblicazione. Cosa che avviene puntualmente ogni anno&nbsp; con&nbsp;l\u2019antologia dei venticinque vincitori curata da Demetrio&nbsp;Brandi, presidente del premio, che anche quest&#8217;anno sar\u00e0&nbsp;pubblicata da Castelvecchi.&nbsp; Questo concorso letterario ha una sua peculiarit\u00e0: il momento&nbsp;decisamente vitale, emozionante e innovativo della&nbsp;pubblicazione in rete dei racconti, fase altamente&nbsp;significativa sotto il profilo della comunicazione, dello&nbsp;scambio e del confronto culturale. <\/p>\n\n\n\n<p>Consigliamo quindi a&nbsp;chiunque voglia partecipare, di inserire i propri racconti e&nbsp;soggetti in tempo utile per poter essere letti e commentati&nbsp;dalle centinaia di utenti che frequentano il sito.&nbsp;In una sorta di agor\u00e0 virtuale, nel sito&nbsp;<a href=\"https:\/\/www.raccontinellarete.it\">www.raccontinellarete.it<\/a>&nbsp;tutti trovano lo spazio privilegiato per dar voce alle proprie&nbsp;fantasie, memorie o sogni, per saggiare il valore e la qualit\u00e0&nbsp;del proprio lavoro, per incontrare talenti sconosciuti o&nbsp;confrontarsi con diversi stili narrativi, generi e contenuti.&nbsp;&nbsp;<\/p>\n\n\n\n<p>In questi ultimi anni il premio letterario Racconti nella&nbsp;Rete \u00e8 decisamente cresciuto nella popolarit\u00e0 e nella qualit\u00e0&nbsp;degli elaborati, tanto da poter a ragione essere definito un&nbsp;vero e proprio fenomeno mediatico. <\/p>\n\n\n\n<p>Tra i premi che saranno&nbsp;assegnati a Lucca, in occasione del Festival LuccAutori in&nbsp;programma dal 5&nbsp; al 20 ottobre, ci sono il premio&nbsp;Budu\u00e0r per il miglior racconto umoristico,&nbsp; il premio Fondazione AIDR&nbsp; che coinvolger\u00e0 le scuole primarie e secondarie di tutta Italia per arrivare a premiare il testo migliore tra&nbsp; i vincitori pi\u00f9 giovani, il premio Happyin per il miglior racconto di viaggio.&nbsp;&nbsp;Tra gli eventi proposti le mostre&nbsp;&#8220;Racconti a colori&#8221; realizzata con il contributo degli&nbsp;studenti del Liceo Artistico Passaglia di Lucca, &#8220;Trent&#8217;anni di LuccAutori&#8221; con le immagini dei protagonisti del festival e la mostra&nbsp;&#8220;Un bel d\u00ec vedremo&#8221; dedicata&nbsp; a Giacomo Puccini nel centenario della morte a cura di Stefano&nbsp;Giraldi.&nbsp;&nbsp;Altri appuntamenti sono realizzati in collaborazione con la Fondazione Mario Tobino,&nbsp; Fondazione Giovanni Pascoli, Rotary Lucca, Unicoopfirenze.&nbsp;<\/p>\n\n\n\n<p>Per informazioni: <a href=\"mailto:info@raccontinellarete.it\">info@raccontinellarete.it<\/a>&nbsp;&nbsp;tel.0584 651874.&nbsp;<\/p>\n\n\n\n<p><em>La copertina dell&#8217;antologia 2024 che sar\u00e0 pubblicata a settembre con i testi dei 25 racconti vincitori del  premio Racconti nella Rete<\/em><\/p>\n\n\n\n<figure class=\"wp-block-image size-large\"><img loading=\"lazy\" decoding=\"async\" width=\"732\" height=\"1024\" src=\"https:\/\/www.raccontinellarete.it\/301\/wp-content\/uploads\/2023\/12\/Racconti-nella-Rete-2024-copertina-di-Fabio-Sironi-732x1024.jpg\" alt=\"\" class=\"wp-image-53088\" srcset=\"https:\/\/www.raccontinellarete.it\/301\/wp-content\/uploads\/2023\/12\/Racconti-nella-Rete-2024-copertina-di-Fabio-Sironi-732x1024.jpg 732w, https:\/\/www.raccontinellarete.it\/301\/wp-content\/uploads\/2023\/12\/Racconti-nella-Rete-2024-copertina-di-Fabio-Sironi-179x250.jpg 179w, https:\/\/www.raccontinellarete.it\/301\/wp-content\/uploads\/2023\/12\/Racconti-nella-Rete-2024-copertina-di-Fabio-Sironi-768x1075.jpg 768w, https:\/\/www.raccontinellarete.it\/301\/wp-content\/uploads\/2023\/12\/Racconti-nella-Rete-2024-copertina-di-Fabio-Sironi.jpg 886w\" sizes=\"(max-width: 732px) 100vw, 732px\" \/><\/figure>\n<div class=\"pvc_clear\"><\/div><p id=\"pvc_stats_54038\" class=\"pvc_stats all  \" data-element-id=\"54038\" style=\"\"><i class=\"pvc-stats-icon medium\" aria-hidden=\"true\"><svg aria-hidden=\"true\" focusable=\"false\" data-prefix=\"far\" data-icon=\"chart-bar\" role=\"img\" xmlns=\"http:\/\/www.w3.org\/2000\/svg\" viewBox=\"0 0 512 512\" class=\"svg-inline--fa fa-chart-bar fa-w-16 fa-2x\"><path fill=\"currentColor\" d=\"M396.8 352h22.4c6.4 0 12.8-6.4 12.8-12.8V108.8c0-6.4-6.4-12.8-12.8-12.8h-22.4c-6.4 0-12.8 6.4-12.8 12.8v230.4c0 6.4 6.4 12.8 12.8 12.8zm-192 0h22.4c6.4 0 12.8-6.4 12.8-12.8V140.8c0-6.4-6.4-12.8-12.8-12.8h-22.4c-6.4 0-12.8 6.4-12.8 12.8v198.4c0 6.4 6.4 12.8 12.8 12.8zm96 0h22.4c6.4 0 12.8-6.4 12.8-12.8V204.8c0-6.4-6.4-12.8-12.8-12.8h-22.4c-6.4 0-12.8 6.4-12.8 12.8v134.4c0 6.4 6.4 12.8 12.8 12.8zM496 400H48V80c0-8.84-7.16-16-16-16H16C7.16 64 0 71.16 0 80v336c0 17.67 14.33 32 32 32h464c8.84 0 16-7.16 16-16v-16c0-8.84-7.16-16-16-16zm-387.2-48h22.4c6.4 0 12.8-6.4 12.8-12.8v-70.4c0-6.4-6.4-12.8-12.8-12.8h-22.4c-6.4 0-12.8 6.4-12.8 12.8v70.4c0 6.4 6.4 12.8 12.8 12.8z\" class=\"\"><\/path><\/svg><\/i> <img loading=\"lazy\" decoding=\"async\" width=\"16\" height=\"16\" alt=\"Loading\" src=\"https:\/\/www.raccontinellarete.it\/301\/wp-content\/plugins\/page-views-count\/ajax-loader-2x.gif\" border=0 \/><\/p><div class=\"pvc_clear\"><\/div>","protected":false},"excerpt":{"rendered":"<p>Registrati qui per inserire subito il racconto Ultimi giorni, fino al 31 maggio, per partecipare alla 23^ edizione del Premio letterario Racconti nella Rete. La premiazione dei vincitori, che si svolger\u00e0 ad ottobre a Lucca nell&#8217;ambito del festival LuccAutori, sar\u00e0 accompagnata da una serie di incontri con grandi personaggi del mondo della cultura e dello [&hellip;]<\/p>\n<div class=\"pvc_clear\"><\/div>\n<p id=\"pvc_stats_54038\" class=\"pvc_stats all  \" data-element-id=\"54038\" style=\"\"><i class=\"pvc-stats-icon medium\" aria-hidden=\"true\"><svg aria-hidden=\"true\" focusable=\"false\" data-prefix=\"far\" data-icon=\"chart-bar\" role=\"img\" xmlns=\"http:\/\/www.w3.org\/2000\/svg\" viewBox=\"0 0 512 512\" class=\"svg-inline--fa fa-chart-bar fa-w-16 fa-2x\"><path fill=\"currentColor\" d=\"M396.8 352h22.4c6.4 0 12.8-6.4 12.8-12.8V108.8c0-6.4-6.4-12.8-12.8-12.8h-22.4c-6.4 0-12.8 6.4-12.8 12.8v230.4c0 6.4 6.4 12.8 12.8 12.8zm-192 0h22.4c6.4 0 12.8-6.4 12.8-12.8V140.8c0-6.4-6.4-12.8-12.8-12.8h-22.4c-6.4 0-12.8 6.4-12.8 12.8v198.4c0 6.4 6.4 12.8 12.8 12.8zm96 0h22.4c6.4 0 12.8-6.4 12.8-12.8V204.8c0-6.4-6.4-12.8-12.8-12.8h-22.4c-6.4 0-12.8 6.4-12.8 12.8v134.4c0 6.4 6.4 12.8 12.8 12.8zM496 400H48V80c0-8.84-7.16-16-16-16H16C7.16 64 0 71.16 0 80v336c0 17.67 14.33 32 32 32h464c8.84 0 16-7.16 16-16v-16c0-8.84-7.16-16-16-16zm-387.2-48h22.4c6.4 0 12.8-6.4 12.8-12.8v-70.4c0-6.4-6.4-12.8-12.8-12.8h-22.4c-6.4 0-12.8 6.4-12.8 12.8v70.4c0 6.4 6.4 12.8 12.8 12.8z\" class=\"\"><\/path><\/svg><\/i> <img loading=\"lazy\" decoding=\"async\" width=\"16\" height=\"16\" alt=\"Loading\" src=\"https:\/\/www.raccontinellarete.it\/301\/wp-content\/plugins\/page-views-count\/ajax-loader-2x.gif\" border=0 \/><\/p>\n<div class=\"pvc_clear\"><\/div>\n","protected":false},"author":3,"featured_media":53088,"comment_status":"open","ping_status":"closed","sticky":false,"template":"","format":"standard","meta":{"footnotes":""},"categories":[87,547,543,5,4],"tags":[],"class_list":["post-54038","post","type-post","status-publish","format-standard","has-post-thumbnail","hentry","category-comunicato-stampa","category-f-o-r-u-m","category-forum-di-racconti-nella-rete","category-racconti-nella-rete","category-news"],"_links":{"self":[{"href":"https:\/\/www.raccontinellarete.it\/index.php?rest_route=\/wp\/v2\/posts\/54038"}],"collection":[{"href":"https:\/\/www.raccontinellarete.it\/index.php?rest_route=\/wp\/v2\/posts"}],"about":[{"href":"https:\/\/www.raccontinellarete.it\/index.php?rest_route=\/wp\/v2\/types\/post"}],"author":[{"embeddable":true,"href":"https:\/\/www.raccontinellarete.it\/index.php?rest_route=\/wp\/v2\/users\/3"}],"replies":[{"embeddable":true,"href":"https:\/\/www.raccontinellarete.it\/index.php?rest_route=%2Fwp%2Fv2%2Fcomments&post=54038"}],"version-history":[{"count":8,"href":"https:\/\/www.raccontinellarete.it\/index.php?rest_route=\/wp\/v2\/posts\/54038\/revisions"}],"predecessor-version":[{"id":54311,"href":"https:\/\/www.raccontinellarete.it\/index.php?rest_route=\/wp\/v2\/posts\/54038\/revisions\/54311"}],"wp:featuredmedia":[{"embeddable":true,"href":"https:\/\/www.raccontinellarete.it\/index.php?rest_route=\/wp\/v2\/media\/53088"}],"wp:attachment":[{"href":"https:\/\/www.raccontinellarete.it\/index.php?rest_route=%2Fwp%2Fv2%2Fmedia&parent=54038"}],"wp:term":[{"taxonomy":"category","embeddable":true,"href":"https:\/\/www.raccontinellarete.it\/index.php?rest_route=%2Fwp%2Fv2%2Fcategories&post=54038"},{"taxonomy":"post_tag","embeddable":true,"href":"https:\/\/www.raccontinellarete.it\/index.php?rest_route=%2Fwp%2Fv2%2Ftags&post=54038"}],"curies":[{"name":"wp","href":"https:\/\/api.w.org\/{rel}","templated":true}]}}