{"id":53800,"date":"2024-04-08T14:41:08","date_gmt":"2024-04-08T13:41:08","guid":{"rendered":"https:\/\/www.raccontinellarete.it\/?p=53800"},"modified":"2024-04-08T14:41:09","modified_gmt":"2024-04-08T13:41:09","slug":"premio-racconti-nella-rete-2024-blu-di-lorenzo-bellandi-sezione-racconti-per-bambini","status":"publish","type":"post","link":"https:\/\/www.raccontinellarete.it\/?p=53800","title":{"rendered":"Premio Racconti nella Rete 2024 \u201cBlu\u201d di Lorenzo Bellandi (sezione racconti per bambini)"},"content":{"rendered":"\n<p>C&#8217;era una volta un palloncino.<\/p>\n\n\n\n<p>Era bellissimo, di un colore blu cobalto e riempito ad elio. Viveva all&#8217;angolo della strada vicina al parco giochi in centro, accanto alla casetta di mattoncini in tufo, quella con uno splendido giardino scosceso pieno di petunie. Era legato al carrettino del vecchio Ugo, prossimo alla macchina dello zucchero filato.<\/p>\n\n\n\n<p>Oscillava tutti i giorni al vento assieme ai suoi compagni palloncini.<\/p>\n\n\n\n<p>Vedeva il cielo in alto, voleva raggiungerlo\u2026era cos\u00ec vasto e sconfinato. Desiderava congiungersi alle nuvole.<\/p>\n\n\n\n<p>Un giorno pass\u00f2 un bambino, era scortese e viziato e supplic\u00f2 la mamma di comprargli dei palloncini. Pur di accontentarlo e far cessare i suoi lamenti isterici, sbors\u00f2 una banconota e gliene compr\u00f2 dieci, tra cui il nostro protagonista.<\/p>\n\n\n\n<p>A Blu non importava per\u00f2 del suo nuovo padrone, voleva solo andarsene e volare, perch\u00e9 era la sua natura. E un giorno si present\u00f2 l&#8217;occasione, al compleanno del ragazzo. Per festeggiare, all&#8217;arrivo dell\u2019immensa torta guarnita, i genitori decisero di lasciare i palloncini al vento per gioire di quel momento, e cos\u00ec fu.<\/p>\n\n\n\n<p>Blu si liber\u00f2 nell&#8217;aria e pregustava il raggiungimento di altitudini mai viste. La sfortuna volle per\u00f2 che una folata di vento, dopo poche centinaia di metri, lo trascinasse sotto il ramo dell&#8217;antica sequoia nel cortile dell&#8217;orfanatrofio cittadino.<\/p>\n\n\n\n<p>Blu era nel panico, non riusciva a divincolarsi e osservava in lontananza i suoi compagni vibrare sulla sagoma del sole, e fare capriole e parabole seguendo le correnti d&#8217;aria. Non poteva fare niente.<\/p>\n\n\n\n<p>Era distrutto; in un attimo comprese che non avrebbe mai pi\u00f9 potuto andarsene e volare in cielo.<\/p>\n\n\n\n<p>Pi\u00f9 sotto un bambino, che giocava con un cartoncino di succo all&#8217;albicocca consumato, si accorse del palloncino, ma non poteva raggiungerlo perch\u00e9 incastrato troppo in alto.<\/p>\n\n\n\n<p>Lo voleva per s\u00e9, per rallegrare quelle giornate solitarie e tristi.<\/p>\n\n\n\n<p>Gli ricordava il colore del vestito di sua mamma quando si agghindava per le serate di festa in famiglia, prima di finire in orfanatrofio.<\/p>\n\n\n\n<p>Gli ricordava gli occhi del pap\u00e0 quando tornava alla sera e gli riservava una carezza.<\/p>\n\n\n\n<p>Gli ricordava il mare e la sabbia.<\/p>\n\n\n\n<p>Gli ricordava i fiordalisi della nonna, il laghetto di montagna, il cielo quando era ancora azzurro. Per lui aveva perso colore da quando era finito l\u00ec.<\/p>\n\n\n\n<p>Il bambino usciva tutti i giorni a guardare il palloncino, a salutarlo, a raccontargli la sua storia e dirgli come trascorreva le giornate&#8230;ma a Blu non importava. Lui voleva volare, era nella sua natura. Voleva solamente andarsene da l\u00ec.<\/p>\n\n\n\n<p>Passava il tempo e il palloncino si sgonfiava sempre di pi\u00f9, e con lui le speranze di poter prendere il volo e danzare con lo zefiro e gli aquiloni.<\/p>\n\n\n\n<p>Trascorse un anno, e il bambino non manc\u00f2 mai un giorno nel controllare e vegliare quel puntino blu che si faceva sempre pi\u00f9 vicino. Un giorno, ormai stremato, Blu cadde a terra; era la fine.<\/p>\n\n\n\n<p>L&#8217;indomani il bambino lo trov\u00f2, e con grande gioia lo port\u00f2 dentro. Il palloncino era tutto grinzoso e floscio.<\/p>\n\n\n\n<p>Blu sapeva dentro s\u00e9 che sarebbe diventato schiavo di quel monello, desideroso solo di sballottolarlo in<\/p>\n\n\n\n<p>qua e in l\u00e0 per interi pomeriggi. Ma si sbagliava.<\/p>\n\n\n\n<p>Il bambino gli confess\u00f2 che se avesse voluto, avrebbe potuto ristabilirlo con la vecchia bombola ad elio conservata nello scantinato, un tempo usata nelle feste, e farlo scappare via.<\/p>\n\n\n\n<p>Il palloncino era felicissimo, avrebbe potuto tornare a volare e realizzare cos\u00ec la sua natura.<\/p>\n\n\n\n<p>Ma poi cap\u00ec, in un solo istante.<\/p>\n\n\n\n<p>Cap\u00ec che raggiungere il cielo sarebbe stato fantastico, ma che da quel momento non avrebbe avuto pi\u00f9 senso. Quel bambino aveva anteposto la felicit\u00e0 di Blu a quella personale.<\/p>\n\n\n\n<p>Decise allora che la sua natura poteva essere cambiata, perch\u00e9 lui stesso lo desiderava. Avrebbe voluto solo rimanere col ragazzo e fare di tutto per dargli serenit\u00e0.<\/p>\n\n\n\n<p>Nient&#8217;altro. Niente pi\u00f9 elio.<\/p>\n\n\n\n<p>Decise quindi di farsi svuotare e di essere riempito con aria soffiata dal bambino stesso, in modo da diventare un tutt&#8217;uno con lui, rinunciando a volare e legando la sua natura a quella del fanciullo, per sempre.<\/p>\n\n\n\n<p>Non se ne sarebbe pi\u00f9 andato, il peso lo teneva a terra, ed \u00e8 l\u00ec che voleva veramente stare da sempre, solo che ancora non lo aveva capito, fino ad adesso.<\/p>\n\n\n\n<p>Cos\u00ec il bambino lo strinse, ma con delicatezza, e si addorment\u00f2 abbracciandolo.<\/p>\n\n\n\n<p>C&#8217;era malinconia nei suoi ricordi, ma qualcosa era cambiato. Sapeva ora che da quel giorno in poi il cielo, per lui, avrebbe di nuovo avuto un colore diverso. Tendente al blu.<\/p>\n\n\n\n<p><\/p>\n<div class=\"pvc_clear\"><\/div><p id=\"pvc_stats_53800\" class=\"pvc_stats all  \" data-element-id=\"53800\" style=\"\"><i class=\"pvc-stats-icon medium\" aria-hidden=\"true\"><svg aria-hidden=\"true\" focusable=\"false\" data-prefix=\"far\" data-icon=\"chart-bar\" role=\"img\" xmlns=\"http:\/\/www.w3.org\/2000\/svg\" viewBox=\"0 0 512 512\" class=\"svg-inline--fa fa-chart-bar fa-w-16 fa-2x\"><path fill=\"currentColor\" d=\"M396.8 352h22.4c6.4 0 12.8-6.4 12.8-12.8V108.8c0-6.4-6.4-12.8-12.8-12.8h-22.4c-6.4 0-12.8 6.4-12.8 12.8v230.4c0 6.4 6.4 12.8 12.8 12.8zm-192 0h22.4c6.4 0 12.8-6.4 12.8-12.8V140.8c0-6.4-6.4-12.8-12.8-12.8h-22.4c-6.4 0-12.8 6.4-12.8 12.8v198.4c0 6.4 6.4 12.8 12.8 12.8zm96 0h22.4c6.4 0 12.8-6.4 12.8-12.8V204.8c0-6.4-6.4-12.8-12.8-12.8h-22.4c-6.4 0-12.8 6.4-12.8 12.8v134.4c0 6.4 6.4 12.8 12.8 12.8zM496 400H48V80c0-8.84-7.16-16-16-16H16C7.16 64 0 71.16 0 80v336c0 17.67 14.33 32 32 32h464c8.84 0 16-7.16 16-16v-16c0-8.84-7.16-16-16-16zm-387.2-48h22.4c6.4 0 12.8-6.4 12.8-12.8v-70.4c0-6.4-6.4-12.8-12.8-12.8h-22.4c-6.4 0-12.8 6.4-12.8 12.8v70.4c0 6.4 6.4 12.8 12.8 12.8z\" class=\"\"><\/path><\/svg><\/i> <img loading=\"lazy\" decoding=\"async\" width=\"16\" height=\"16\" alt=\"Loading\" src=\"https:\/\/www.raccontinellarete.it\/301\/wp-content\/plugins\/page-views-count\/ajax-loader-2x.gif\" border=0 \/><\/p><div class=\"pvc_clear\"><\/div>","protected":false},"excerpt":{"rendered":"<p>C&#8217;era una volta un palloncino. Era bellissimo, di un colore blu cobalto e riempito ad elio. Viveva all&#8217;angolo della strada vicina al parco giochi in centro, accanto alla casetta di mattoncini in tufo, quella con uno splendido giardino scosceso pieno di petunie. Era legato al carrettino del vecchio Ugo, prossimo alla macchina dello zucchero filato. [&hellip;]<\/p>\n<div class=\"pvc_clear\"><\/div>\n<p id=\"pvc_stats_53800\" class=\"pvc_stats all  \" data-element-id=\"53800\" style=\"\"><i class=\"pvc-stats-icon medium\" aria-hidden=\"true\"><svg aria-hidden=\"true\" focusable=\"false\" data-prefix=\"far\" data-icon=\"chart-bar\" role=\"img\" xmlns=\"http:\/\/www.w3.org\/2000\/svg\" viewBox=\"0 0 512 512\" class=\"svg-inline--fa fa-chart-bar fa-w-16 fa-2x\"><path fill=\"currentColor\" d=\"M396.8 352h22.4c6.4 0 12.8-6.4 12.8-12.8V108.8c0-6.4-6.4-12.8-12.8-12.8h-22.4c-6.4 0-12.8 6.4-12.8 12.8v230.4c0 6.4 6.4 12.8 12.8 12.8zm-192 0h22.4c6.4 0 12.8-6.4 12.8-12.8V140.8c0-6.4-6.4-12.8-12.8-12.8h-22.4c-6.4 0-12.8 6.4-12.8 12.8v198.4c0 6.4 6.4 12.8 12.8 12.8zm96 0h22.4c6.4 0 12.8-6.4 12.8-12.8V204.8c0-6.4-6.4-12.8-12.8-12.8h-22.4c-6.4 0-12.8 6.4-12.8 12.8v134.4c0 6.4 6.4 12.8 12.8 12.8zM496 400H48V80c0-8.84-7.16-16-16-16H16C7.16 64 0 71.16 0 80v336c0 17.67 14.33 32 32 32h464c8.84 0 16-7.16 16-16v-16c0-8.84-7.16-16-16-16zm-387.2-48h22.4c6.4 0 12.8-6.4 12.8-12.8v-70.4c0-6.4-6.4-12.8-12.8-12.8h-22.4c-6.4 0-12.8 6.4-12.8 12.8v70.4c0 6.4 6.4 12.8 12.8 12.8z\" class=\"\"><\/path><\/svg><\/i> <img loading=\"lazy\" decoding=\"async\" width=\"16\" height=\"16\" alt=\"Loading\" src=\"https:\/\/www.raccontinellarete.it\/301\/wp-content\/plugins\/page-views-count\/ajax-loader-2x.gif\" border=0 \/><\/p>\n<div class=\"pvc_clear\"><\/div>\n","protected":false},"author":28185,"featured_media":0,"comment_status":"open","ping_status":"closed","sticky":false,"template":"","format":"standard","meta":{"footnotes":""},"categories":[676],"tags":[],"class_list":["post-53800","post","type-post","status-publish","format-standard","hentry","category-premio-racconti-nella-rete-2024"],"_links":{"self":[{"href":"https:\/\/www.raccontinellarete.it\/index.php?rest_route=\/wp\/v2\/posts\/53800"}],"collection":[{"href":"https:\/\/www.raccontinellarete.it\/index.php?rest_route=\/wp\/v2\/posts"}],"about":[{"href":"https:\/\/www.raccontinellarete.it\/index.php?rest_route=\/wp\/v2\/types\/post"}],"author":[{"embeddable":true,"href":"https:\/\/www.raccontinellarete.it\/index.php?rest_route=\/wp\/v2\/users\/28185"}],"replies":[{"embeddable":true,"href":"https:\/\/www.raccontinellarete.it\/index.php?rest_route=%2Fwp%2Fv2%2Fcomments&post=53800"}],"version-history":[{"count":3,"href":"https:\/\/www.raccontinellarete.it\/index.php?rest_route=\/wp\/v2\/posts\/53800\/revisions"}],"predecessor-version":[{"id":53804,"href":"https:\/\/www.raccontinellarete.it\/index.php?rest_route=\/wp\/v2\/posts\/53800\/revisions\/53804"}],"wp:attachment":[{"href":"https:\/\/www.raccontinellarete.it\/index.php?rest_route=%2Fwp%2Fv2%2Fmedia&parent=53800"}],"wp:term":[{"taxonomy":"category","embeddable":true,"href":"https:\/\/www.raccontinellarete.it\/index.php?rest_route=%2Fwp%2Fv2%2Fcategories&post=53800"},{"taxonomy":"post_tag","embeddable":true,"href":"https:\/\/www.raccontinellarete.it\/index.php?rest_route=%2Fwp%2Fv2%2Ftags&post=53800"}],"curies":[{"name":"wp","href":"https:\/\/api.w.org\/{rel}","templated":true}]}}