{"id":53754,"date":"2024-03-29T18:56:01","date_gmt":"2024-03-29T17:56:01","guid":{"rendered":"http:\/\/www.raccontinellarete.it\/?p=53754"},"modified":"2024-04-29T18:31:28","modified_gmt":"2024-04-29T17:31:28","slug":"racconti-nella-rete-a-modena-sabato-13-aprile-alle-17-30-sala-giacomo-ulivi","status":"publish","type":"post","link":"https:\/\/www.raccontinellarete.it\/?p=53754","title":{"rendered":"Racconti nella Rete a Modena. Sabato 13 aprile alle 17.30 sala Giacomo Ulivi"},"content":{"rendered":"\n<p><strong>Modena \u2013\u00a0Sabato 13 aprile alle 17.30  presso la sala conferenze  Giacomo Ulivi <\/strong>\u00a0\u00e8 in programma la presentazione dell\u2019antologia dei vincitori del premio Racconti nella Rete 2023.\u00a0 A presentare il volume edito da Castelvecchi, ci saranno il presidente del premio letterario e di LuccAutori <strong>Demetrio Brandi<\/strong> e gli scrittori\u00a0<strong>Mariangela Casulli, Elisa De Leonardis, Elisabetta Imperato, Simona Visciglia, Romina Zecchini.\u00a0 <\/strong>Letture di <strong>Gianluca Poggi<\/strong>.\u00a0\u00a0Oltre alle interviste e letture di parte dei racconti inseriti nell\u2019antologia, sar\u00e0 presentato il corto\u00a0\u201cSepar\u00e8\u201d, scritto da <strong>Piero Fittipaldi <\/strong>con la regia di<strong> Giuseppe Ferlito<\/strong>, vincitore della sezione corti dell\u2019edizione 2023. Cortometraggio realizzato in collaborazione con la <strong>Scuola di Cinema Immagina.\u00a0\u00a0\u00a0<\/strong><\/p>\n\n\n\n<p><strong>&#8220;Sar\u00e0 la prima volta del premio Racconti nella Rete a Modena e siamo sicuri che sar\u00e0 un grande successo&#8221; &#8211; dice Demetrio Brandi. &#8220;Ringraziamo la scrittrice Elisabetta Imperato che \u00e8 riuscita a coinvolgere alcune associazioni culturali che hanno collaborato all&#8217;organizzazione dell&#8217;incontro ed il Comune di Modena che ha concesso il patrocinio. <\/strong><\/p>\n\n\n\n<p><strong>&#8220;<\/strong>Il nuovo concorso \u00e8 gi\u00e0 iniziato nel sito\u00a0<a href=\"https:\/\/www.raccontinellarete.it\">www.raccontinellarete.it<\/a>\u00a0e terminer\u00e0 nel prossimo mese di maggio.\u00a0Possono partecipare alla 23^ edizione tutti coloro che hanno un racconto inedito, una favola per bambini o un\u00a0 soggetto per cortometraggio. Non c\u2019\u00e8 limite d\u2019et\u00e0 e tutti gli utenti registrati nel sito possono commentare i racconti in concorso.\u00a0\u00a0Si tratta di una vetrina d\u2019autore. Possono partecipare al Premio tutti coloro che hanno un racconto inedito, oppure un soggetto per la sezione Corti. Racconti nella Rete vuole essere un\u2019opportunit\u00e0 di espressione e confronto fra aspiranti scrittori pi\u00f9 o meno giovani. In una sorta di agor\u00e0 virtuale, tutti trovano infatti lo spazio privilegiato per dar voce alle proprie fantasie, memorie o sogni, per cimentarsi nella scrittura creativa e per saggiare il valore e la qualit\u00e0 del proprio lavoro, incontrando talenti sconosciuti o confrontandosi immediatamente con i diversi stili narrativi, generi e contenuti. E\u2019 questo il momento in cui tutti, dal professionista al dilettante, hanno piena possibilit\u00e0 di espressione e uguale dignit\u00e0 di ascolto.\u00a0\u00a0Molti tra gli autori pubblicati in questi anni nelle antologie hanno ottenuto brillanti risultati in campo letterario. Tra i premi assegnati ai vincitori quello per il pi\u00f9 giovane scrittore (assegnato da Fondazione AIDR\u00a0 Italian Digital Revolution) e per il racconto umoristico (assegnato dal giornale umoristico online Budu\u00e0r). Inoltre il premio al miglior racconto di viaggio assegnato dal portale Happyin.\u00a0\u00a0\u00a0<\/p>\n\n\n\n<p><strong>La premiazione dei 25 vincitori avverr\u00e0 nell\u2019ambito della 30^ edizione del festival LuccAutori, in programma a Lucca dal 5 al 20 ottobre.<\/strong> Tra le novit\u00e0 la copertina della nuova antologia firmata da Fabio Sironi, una mostra fotografica dedicata ai personaggi che sono stati ospiti del festival ed una mostra di importanti artisti contemporanei dedicata a Giacomo Puccini nel centenario della morte.\u00a0Per informazioni tel. 0584.651874\u00a0\u00a0<a href=\"mailto:info@raccontinellarete.itwww.raccontinellarete.it\">info@raccontinellarete.itwww.raccontinellarete.it<\/a>  <\/p>\n\n\n\n<figure class=\"wp-block-image size-large\"><img loading=\"lazy\" decoding=\"async\" width=\"718\" height=\"1024\" src=\"https:\/\/www.raccontinellarete.it\/301\/wp-content\/uploads\/2024\/03\/modena-718x1024.jpg\" alt=\"\" class=\"wp-image-53755\" srcset=\"https:\/\/www.raccontinellarete.it\/301\/wp-content\/uploads\/2024\/03\/modena-718x1024.jpg 718w, https:\/\/www.raccontinellarete.it\/301\/wp-content\/uploads\/2024\/03\/modena-175x250.jpg 175w, https:\/\/www.raccontinellarete.it\/301\/wp-content\/uploads\/2024\/03\/modena-768x1096.jpg 768w, https:\/\/www.raccontinellarete.it\/301\/wp-content\/uploads\/2024\/03\/modena-1076x1536.jpg 1076w, https:\/\/www.raccontinellarete.it\/301\/wp-content\/uploads\/2024\/03\/modena.jpg 1080w\" sizes=\"(max-width: 718px) 100vw, 718px\" \/><\/figure>\n<div class=\"pvc_clear\"><\/div><p id=\"pvc_stats_53754\" class=\"pvc_stats all  \" data-element-id=\"53754\" style=\"\"><i class=\"pvc-stats-icon medium\" aria-hidden=\"true\"><svg aria-hidden=\"true\" focusable=\"false\" data-prefix=\"far\" data-icon=\"chart-bar\" role=\"img\" xmlns=\"http:\/\/www.w3.org\/2000\/svg\" viewBox=\"0 0 512 512\" class=\"svg-inline--fa fa-chart-bar fa-w-16 fa-2x\"><path fill=\"currentColor\" d=\"M396.8 352h22.4c6.4 0 12.8-6.4 12.8-12.8V108.8c0-6.4-6.4-12.8-12.8-12.8h-22.4c-6.4 0-12.8 6.4-12.8 12.8v230.4c0 6.4 6.4 12.8 12.8 12.8zm-192 0h22.4c6.4 0 12.8-6.4 12.8-12.8V140.8c0-6.4-6.4-12.8-12.8-12.8h-22.4c-6.4 0-12.8 6.4-12.8 12.8v198.4c0 6.4 6.4 12.8 12.8 12.8zm96 0h22.4c6.4 0 12.8-6.4 12.8-12.8V204.8c0-6.4-6.4-12.8-12.8-12.8h-22.4c-6.4 0-12.8 6.4-12.8 12.8v134.4c0 6.4 6.4 12.8 12.8 12.8zM496 400H48V80c0-8.84-7.16-16-16-16H16C7.16 64 0 71.16 0 80v336c0 17.67 14.33 32 32 32h464c8.84 0 16-7.16 16-16v-16c0-8.84-7.16-16-16-16zm-387.2-48h22.4c6.4 0 12.8-6.4 12.8-12.8v-70.4c0-6.4-6.4-12.8-12.8-12.8h-22.4c-6.4 0-12.8 6.4-12.8 12.8v70.4c0 6.4 6.4 12.8 12.8 12.8z\" class=\"\"><\/path><\/svg><\/i> <img loading=\"lazy\" decoding=\"async\" width=\"16\" height=\"16\" alt=\"Loading\" src=\"https:\/\/www.raccontinellarete.it\/301\/wp-content\/plugins\/page-views-count\/ajax-loader-2x.gif\" border=0 \/><\/p><div class=\"pvc_clear\"><\/div>","protected":false},"excerpt":{"rendered":"<p>Modena \u2013\u00a0Sabato 13 aprile alle 17.30 presso la sala conferenze Giacomo Ulivi \u00a0\u00e8 in programma la presentazione dell\u2019antologia dei vincitori del premio Racconti nella Rete 2023.\u00a0 A presentare il volume edito da Castelvecchi, ci saranno il presidente del premio letterario e di LuccAutori Demetrio Brandi e gli scrittori\u00a0Mariangela Casulli, Elisa De Leonardis, Elisabetta Imperato, Simona [&hellip;]<\/p>\n<div class=\"pvc_clear\"><\/div>\n<p id=\"pvc_stats_53754\" class=\"pvc_stats all  \" data-element-id=\"53754\" style=\"\"><i class=\"pvc-stats-icon medium\" aria-hidden=\"true\"><svg aria-hidden=\"true\" focusable=\"false\" data-prefix=\"far\" data-icon=\"chart-bar\" role=\"img\" xmlns=\"http:\/\/www.w3.org\/2000\/svg\" viewBox=\"0 0 512 512\" class=\"svg-inline--fa fa-chart-bar fa-w-16 fa-2x\"><path fill=\"currentColor\" d=\"M396.8 352h22.4c6.4 0 12.8-6.4 12.8-12.8V108.8c0-6.4-6.4-12.8-12.8-12.8h-22.4c-6.4 0-12.8 6.4-12.8 12.8v230.4c0 6.4 6.4 12.8 12.8 12.8zm-192 0h22.4c6.4 0 12.8-6.4 12.8-12.8V140.8c0-6.4-6.4-12.8-12.8-12.8h-22.4c-6.4 0-12.8 6.4-12.8 12.8v198.4c0 6.4 6.4 12.8 12.8 12.8zm96 0h22.4c6.4 0 12.8-6.4 12.8-12.8V204.8c0-6.4-6.4-12.8-12.8-12.8h-22.4c-6.4 0-12.8 6.4-12.8 12.8v134.4c0 6.4 6.4 12.8 12.8 12.8zM496 400H48V80c0-8.84-7.16-16-16-16H16C7.16 64 0 71.16 0 80v336c0 17.67 14.33 32 32 32h464c8.84 0 16-7.16 16-16v-16c0-8.84-7.16-16-16-16zm-387.2-48h22.4c6.4 0 12.8-6.4 12.8-12.8v-70.4c0-6.4-6.4-12.8-12.8-12.8h-22.4c-6.4 0-12.8 6.4-12.8 12.8v70.4c0 6.4 6.4 12.8 12.8 12.8z\" class=\"\"><\/path><\/svg><\/i> <img loading=\"lazy\" decoding=\"async\" width=\"16\" height=\"16\" alt=\"Loading\" src=\"https:\/\/www.raccontinellarete.it\/301\/wp-content\/plugins\/page-views-count\/ajax-loader-2x.gif\" border=0 \/><\/p>\n<div class=\"pvc_clear\"><\/div>\n","protected":false},"author":3,"featured_media":53994,"comment_status":"open","ping_status":"closed","sticky":false,"template":"","format":"standard","meta":{"footnotes":""},"categories":[87,5],"tags":[],"class_list":["post-53754","post","type-post","status-publish","format-standard","has-post-thumbnail","hentry","category-comunicato-stampa","category-racconti-nella-rete"],"_links":{"self":[{"href":"https:\/\/www.raccontinellarete.it\/index.php?rest_route=\/wp\/v2\/posts\/53754"}],"collection":[{"href":"https:\/\/www.raccontinellarete.it\/index.php?rest_route=\/wp\/v2\/posts"}],"about":[{"href":"https:\/\/www.raccontinellarete.it\/index.php?rest_route=\/wp\/v2\/types\/post"}],"author":[{"embeddable":true,"href":"https:\/\/www.raccontinellarete.it\/index.php?rest_route=\/wp\/v2\/users\/3"}],"replies":[{"embeddable":true,"href":"https:\/\/www.raccontinellarete.it\/index.php?rest_route=%2Fwp%2Fv2%2Fcomments&post=53754"}],"version-history":[{"count":1,"href":"https:\/\/www.raccontinellarete.it\/index.php?rest_route=\/wp\/v2\/posts\/53754\/revisions"}],"predecessor-version":[{"id":53756,"href":"https:\/\/www.raccontinellarete.it\/index.php?rest_route=\/wp\/v2\/posts\/53754\/revisions\/53756"}],"wp:featuredmedia":[{"embeddable":true,"href":"https:\/\/www.raccontinellarete.it\/index.php?rest_route=\/wp\/v2\/media\/53994"}],"wp:attachment":[{"href":"https:\/\/www.raccontinellarete.it\/index.php?rest_route=%2Fwp%2Fv2%2Fmedia&parent=53754"}],"wp:term":[{"taxonomy":"category","embeddable":true,"href":"https:\/\/www.raccontinellarete.it\/index.php?rest_route=%2Fwp%2Fv2%2Fcategories&post=53754"},{"taxonomy":"post_tag","embeddable":true,"href":"https:\/\/www.raccontinellarete.it\/index.php?rest_route=%2Fwp%2Fv2%2Ftags&post=53754"}],"curies":[{"name":"wp","href":"https:\/\/api.w.org\/{rel}","templated":true}]}}