{"id":53642,"date":"2024-03-20T20:21:15","date_gmt":"2024-03-20T19:21:15","guid":{"rendered":"https:\/\/www.raccontinellarete.it\/?p=53642"},"modified":"2024-03-20T20:21:16","modified_gmt":"2024-03-20T19:21:16","slug":"premio-racconti-nella-rete-2024-suffisso-al-vento-di-chiara-dito","status":"publish","type":"post","link":"https:\/\/www.raccontinellarete.it\/?p=53642","title":{"rendered":"Premio Racconti nella Rete 2024 &#8220;Suffisso al vento&#8221; di Chiara Dito"},"content":{"rendered":"\n<pre class=\"wp-block-code\"><code>                                                                                                            <\/code><\/pre>\n\n\n\n<p>Capitolo III<br>Inizierei dal terzo capitolo, se siete tutti d\u2019accordo.<br>Vi starete chiedendo -io al vostro posto lo farei- perch\u00e9 proprio dal terzo?<br>E perch\u00e9 non invece dal secondo o dall\u2019ultimo, per esempio.<br>Potrei dire che dal secondo inizia un epico Via col Vento e che dall\u2019ultimo, a salire o viceversa, un visionario 4321 di Paul Auster.<br>Ecco, ora\u2026 per onest\u00e0 intellettuale \u2013 o per mera vigliaccheria comparativa \u2013 pur volendo cedere all\u2019impulso di quei cinque minuti di immodestia egoica di cui sono capace- anzi capacissima- dinanzi a cotanta belt\u00e0 letteraria depongo la penna.<br>Probabilmente questo incipit avr\u00e0 gi\u00e0 creato qualche aspettativa nei lovers e molti punti di attacco negli haters. Funziona cos\u00ec se non ho mal compreso giusto?<br>Tutti hanno un\u2019opinione.<br>Anzi rettifico, che le parole hanno un peso &#8211; ma pure le opinioni mi pare -tutti si sentono chiamati ad esprimere. Un\u2019opinione.<br>Preferibilmente divisa. Meglio se divisiva. Nettamente buona o nettamente cattiva.<br>In una ghibellinica disputa tra lovers e haters, mi arriva l\u2019eco di gente divisa. Ma che non regna.<br>Il<em> divide et impera <\/em>resta solo sbiadito vessillo di audace condottiero.<br>A noi \u00e8 rimasto il <em>divide.<\/em><br>Non imperiamo. N\u00e9 all\u2019esterno e forse neanche all\u2019interno del nostro quadrato di mondo.<br>Divisi e colonizzati dalla tirannia di un invisibile imperialismo virtuale.<br>Ma questa, per carit\u00e0, \u00e8 solo una mesta riflessione.<br>O con &#8211; divisione?<br>Ci devo riflettere.<br>Vi aggiorno.<\/p>\n\n\n\n<p>Capitolo IV<\/p>\n\n\n\n<p>Ho riflettuto.<br>E con -divido la riflessione. Se vi va potete continuare a leggere. Se non vi va, lo capir\u00f2.<br>Riflettevo sul fatto che, non so voi, ma io non riesco a trovare una Definizione.<br>Mi spiego meglio. Tra follower, influencer, lover, hater\u2026 io inizio a sentirmi un p\u00f2 spaesata.<br>Cio\u00e8 io chi sono tra questi? La cosa pi\u00f9 vicina a me \u00e8 solo il suffisso probabilmente.<br><em>Io sono un suffisso.<\/em><br><em>Una ER.<\/em><br>Che se fossi romana pure pure avrei la speranza di poter aggiungere qualcosa\u2026<br>Che so: Er meio &#8230;Er peggio\u2026per dirne una.<br>Ma niente.<br>Manco quello.<br>Potrei, al massimo, ribaltare la ER e farla diventare RE.<br>Cos\u00ec potrei diventare Re. O Re -gina. O Re -gista.<br>Regista mi piace. Evoca l\u2019illusorio conforto del controllo.<br>Quindi volendo procedere, una volta trovata una definizione non \u00e8 mica finita qua.<br>La mia definizione potr\u00e0 essere abbastanza??<br>Sar\u00e0 instagrammabile, tik toktabile, twitterabile\u2026<br><em>Meta papabile?<\/em><br>Non ci avevo mica pensato. Ero talmente concentrata sul dare una definizione di me stessa che non ho fatto i conti con la fase cruciale.<br>L\u2019Approvazione.<br>Bulimica e indistinta. Da parte di chiunque emetta ossigeno e anidride carbonica su questo pianeta e sia dotato di pollice opponibile.<br>Ma allora mi chiedo\u2026<br>Da quando il con-senso ha offuscato il senso?<br>Da quando la con-divisione \u00e8 diventata divisione?<br>Quando \u00e8 successo?<br>Voi lo sapete?<br>Ci devo riflettere.<br>Vi aggiorno.<\/p>\n\n\n\n<p>Capitolo V<\/p>\n\n\n\n<p>Ho riflettuto.<br>Ma temo di non poter fornire nessuna risposta illuminante.<br>Figuriamoci se riesco a trovare una soluzione all\u2019affanno della definizione, allo sforzo dell\u2019approvazione o al pellegrinaggio verso la meta papabilit\u00e0.<br>Finora di evidenza palmare c\u2019\u00e8 solo la consapevolezza non riuscir\u00f2 mai a essere sensazionale senza sforzo.<br>Sono pur sempre solo un suffisso, in fondo.<br>Ci ho provato, ve lo giuro.<br>A mettere un sacco di lettere davanti alla er\u2026 Risultato?<br>Sono diventata esperta di pilates al muro, di come fare l\u2019uovo al tegamino a forma di cuore, di quali scarpe fanno tendenza, di come fare una foto all\u2019indietro con le orecchie da renna e di come apparecchiare la tavola con i tacchi a spillo, passando per rassegne stampa, ansa, finanza e pure previsioni meteo.<br>Perch\u00e9 l\u2019opinione conta.<br>Bisogna averla. Anzi \u2026Bisogna esprimerla, se no che ce l\u2019hai a fare?!<br>Quindi sinora ho estrapolato tre e dico ben tre, punti di riflessione.<br>Che tutto sommato non sono poco per un semplice suffisso.<br>Definizione. Opinione. Approvazione.<br>Se riesco a raggiungere la triade forse sono arrivata alla meta. Alla papabilit\u00e0 invece \u2026ce ne vuole.<br>Ma piuttosto, secondo voi basteranno?<br>Ci devo riflettere.<br>Vi aggiorno.<\/p>\n\n\n\n<p>Capitolo VI<\/p>\n\n\n\n<p>Ho riflettuto.<br>Mi sento confusamente divisa. Tra quello che sono e quello che forse dovrei essere.<br>E se non ci riesco? Se mi perdo tra un post, una storia, un reel e un articolo?<br>E se poi mi smarrisco nell\u2019Etere?<br>Cosa accade alla mia definizione se esaurisco lo spazio di archiviazione?<br>E se non trovo la definizione, cosa ne sar\u00e0 dell\u2019approvazione?<br>Sar\u00f2 condannata all\u2019oblio digitale perpetuo?<br>Confinata nella invisibilit\u00e0 meta sociale?<br>Ci devo pensare.<br>Ho riflettuto.<br>E vi dico che ci ho provato, giuro. Ma sono pur sempre un suffisso.<br>Sono sempre un puntino che tenta di allungare le braccia e le gambe per incontrare gli altri puntini.<br>E si allunga, si allunga per unire i punti e vedere cosa viene fuori.<br>Alla fine, mi \u00e8 sembrato che la vignetta assomigliasse pi\u00f9 all\u2019impiccato che a una delicata costellazione.<br>Ve lo ricordate il giochino? Ecco \u2026il mio \u201cunisci i punti\u201d assomiglia pi\u00f9 al gioco dell\u2019impiccato.<br>Mi immaginavo una Via Lattea fatta di pixel scintillanti e invece\u2026<br>Alla fine, mi sa tanto che questa tensione non \u00e8 la mia strada.<br>Non \u00e8 la mia Via Lattea.<br>Ci ho riflettuto. Non ho una definizione. E non so darvi un\u2019opinione.<br>Di sicuro non avr\u00f2 la vostra approvazione.<br>Quindi al momento, se non vi spiace, io resterei com\u2019ero.<\/p>\n\n\n\n<p>Anzi, resto com\u2019ER<\/p>\n<div class=\"pvc_clear\"><\/div><p id=\"pvc_stats_53642\" class=\"pvc_stats all  \" data-element-id=\"53642\" style=\"\"><i class=\"pvc-stats-icon medium\" aria-hidden=\"true\"><svg aria-hidden=\"true\" focusable=\"false\" data-prefix=\"far\" data-icon=\"chart-bar\" role=\"img\" xmlns=\"http:\/\/www.w3.org\/2000\/svg\" viewBox=\"0 0 512 512\" class=\"svg-inline--fa fa-chart-bar fa-w-16 fa-2x\"><path fill=\"currentColor\" d=\"M396.8 352h22.4c6.4 0 12.8-6.4 12.8-12.8V108.8c0-6.4-6.4-12.8-12.8-12.8h-22.4c-6.4 0-12.8 6.4-12.8 12.8v230.4c0 6.4 6.4 12.8 12.8 12.8zm-192 0h22.4c6.4 0 12.8-6.4 12.8-12.8V140.8c0-6.4-6.4-12.8-12.8-12.8h-22.4c-6.4 0-12.8 6.4-12.8 12.8v198.4c0 6.4 6.4 12.8 12.8 12.8zm96 0h22.4c6.4 0 12.8-6.4 12.8-12.8V204.8c0-6.4-6.4-12.8-12.8-12.8h-22.4c-6.4 0-12.8 6.4-12.8 12.8v134.4c0 6.4 6.4 12.8 12.8 12.8zM496 400H48V80c0-8.84-7.16-16-16-16H16C7.16 64 0 71.16 0 80v336c0 17.67 14.33 32 32 32h464c8.84 0 16-7.16 16-16v-16c0-8.84-7.16-16-16-16zm-387.2-48h22.4c6.4 0 12.8-6.4 12.8-12.8v-70.4c0-6.4-6.4-12.8-12.8-12.8h-22.4c-6.4 0-12.8 6.4-12.8 12.8v70.4c0 6.4 6.4 12.8 12.8 12.8z\" class=\"\"><\/path><\/svg><\/i> <img loading=\"lazy\" decoding=\"async\" width=\"16\" height=\"16\" alt=\"Loading\" src=\"https:\/\/www.raccontinellarete.it\/301\/wp-content\/plugins\/page-views-count\/ajax-loader-2x.gif\" border=0 \/><\/p><div class=\"pvc_clear\"><\/div>","protected":false},"excerpt":{"rendered":"<p>Capitolo IIIInizierei dal terzo capitolo, se siete tutti d\u2019accordo.Vi starete chiedendo -io al vostro posto lo farei- perch\u00e9 proprio dal terzo?E perch\u00e9 non invece dal secondo o dall\u2019ultimo, per esempio.Potrei dire che dal secondo inizia un epico Via col Vento e che dall\u2019ultimo, a salire o viceversa, un visionario 4321 di Paul Auster.Ecco, ora\u2026 per [&hellip;]<\/p>\n<div class=\"pvc_clear\"><\/div>\n<p id=\"pvc_stats_53642\" class=\"pvc_stats all  \" data-element-id=\"53642\" style=\"\"><i class=\"pvc-stats-icon medium\" aria-hidden=\"true\"><svg aria-hidden=\"true\" focusable=\"false\" data-prefix=\"far\" data-icon=\"chart-bar\" role=\"img\" xmlns=\"http:\/\/www.w3.org\/2000\/svg\" viewBox=\"0 0 512 512\" class=\"svg-inline--fa fa-chart-bar fa-w-16 fa-2x\"><path fill=\"currentColor\" d=\"M396.8 352h22.4c6.4 0 12.8-6.4 12.8-12.8V108.8c0-6.4-6.4-12.8-12.8-12.8h-22.4c-6.4 0-12.8 6.4-12.8 12.8v230.4c0 6.4 6.4 12.8 12.8 12.8zm-192 0h22.4c6.4 0 12.8-6.4 12.8-12.8V140.8c0-6.4-6.4-12.8-12.8-12.8h-22.4c-6.4 0-12.8 6.4-12.8 12.8v198.4c0 6.4 6.4 12.8 12.8 12.8zm96 0h22.4c6.4 0 12.8-6.4 12.8-12.8V204.8c0-6.4-6.4-12.8-12.8-12.8h-22.4c-6.4 0-12.8 6.4-12.8 12.8v134.4c0 6.4 6.4 12.8 12.8 12.8zM496 400H48V80c0-8.84-7.16-16-16-16H16C7.16 64 0 71.16 0 80v336c0 17.67 14.33 32 32 32h464c8.84 0 16-7.16 16-16v-16c0-8.84-7.16-16-16-16zm-387.2-48h22.4c6.4 0 12.8-6.4 12.8-12.8v-70.4c0-6.4-6.4-12.8-12.8-12.8h-22.4c-6.4 0-12.8 6.4-12.8 12.8v70.4c0 6.4 6.4 12.8 12.8 12.8z\" class=\"\"><\/path><\/svg><\/i> <img loading=\"lazy\" decoding=\"async\" width=\"16\" height=\"16\" alt=\"Loading\" src=\"https:\/\/www.raccontinellarete.it\/301\/wp-content\/plugins\/page-views-count\/ajax-loader-2x.gif\" border=0 \/><\/p>\n<div class=\"pvc_clear\"><\/div>\n","protected":false},"author":27859,"featured_media":0,"comment_status":"open","ping_status":"closed","sticky":false,"template":"","format":"standard","meta":{"footnotes":""},"categories":[676],"tags":[],"class_list":["post-53642","post","type-post","status-publish","format-standard","hentry","category-premio-racconti-nella-rete-2024"],"_links":{"self":[{"href":"https:\/\/www.raccontinellarete.it\/index.php?rest_route=\/wp\/v2\/posts\/53642"}],"collection":[{"href":"https:\/\/www.raccontinellarete.it\/index.php?rest_route=\/wp\/v2\/posts"}],"about":[{"href":"https:\/\/www.raccontinellarete.it\/index.php?rest_route=\/wp\/v2\/types\/post"}],"author":[{"embeddable":true,"href":"https:\/\/www.raccontinellarete.it\/index.php?rest_route=\/wp\/v2\/users\/27859"}],"replies":[{"embeddable":true,"href":"https:\/\/www.raccontinellarete.it\/index.php?rest_route=%2Fwp%2Fv2%2Fcomments&post=53642"}],"version-history":[{"count":3,"href":"https:\/\/www.raccontinellarete.it\/index.php?rest_route=\/wp\/v2\/posts\/53642\/revisions"}],"predecessor-version":[{"id":53692,"href":"https:\/\/www.raccontinellarete.it\/index.php?rest_route=\/wp\/v2\/posts\/53642\/revisions\/53692"}],"wp:attachment":[{"href":"https:\/\/www.raccontinellarete.it\/index.php?rest_route=%2Fwp%2Fv2%2Fmedia&parent=53642"}],"wp:term":[{"taxonomy":"category","embeddable":true,"href":"https:\/\/www.raccontinellarete.it\/index.php?rest_route=%2Fwp%2Fv2%2Fcategories&post=53642"},{"taxonomy":"post_tag","embeddable":true,"href":"https:\/\/www.raccontinellarete.it\/index.php?rest_route=%2Fwp%2Fv2%2Ftags&post=53642"}],"curies":[{"name":"wp","href":"https:\/\/api.w.org\/{rel}","templated":true}]}}