{"id":53623,"date":"2024-03-13T11:23:05","date_gmt":"2024-03-13T10:23:05","guid":{"rendered":"http:\/\/www.raccontinellarete.it\/?p=53623"},"modified":"2024-03-13T11:23:06","modified_gmt":"2024-03-13T10:23:06","slug":"premio-racconti-nella-rete-2024-minus-di-nicola-giannini","status":"publish","type":"post","link":"https:\/\/www.raccontinellarete.it\/?p=53623","title":{"rendered":"Premio Racconti nella Rete 2024 &#8220;Minus&#8221; di Nicola Giannini"},"content":{"rendered":"\n<p>Osserviamo nel nostro presente il caminetto davanti a noi; pensiamo poi di osservare noi di fronte al caminetto, la stanza che ci racchiude, la casa che circonda la stanza, il giardino che perimetra la casa e a seguire il quartiere, la citt\u00e0, la regione, il continente, il pianeta terra, la galassia e l\u2019universo senza confini.<\/p>\n\n\n\n<p>Ora prendendo coscienza di questo contesto spaziale non ci sar\u00e0 difficile capire che la nostra conoscenza \u00e8 costantemente influenzata tra le altre variabili, anche dal punto di osservazione e percezione nello spazio.<\/p>\n\n\n\n<p>Lo stesso vale per il tempo. Infatti, con un occhio pi\u00f9 attento avremo maggiore consapevolezza di quanto poco \u00e8 il tempo in cui \u00e8 presente l\u2019essere umano sulla terra e di quanto alle forme viventi di questo pianeta resti cos\u00ec poco da vivere considerando la vitale dipendenza verso quella stella chiamata Sole, che una volta terminato il suo calore, condanner\u00e0 la vita sul pianeta a una fatale trasformazione.<\/p>\n\n\n\n<p>Ora vi porto una testimonianza pervenuta parecchi anni avanti, oltre l\u2019estinzione del Sole, di un conglomerato di molecole di materia pensante (che di seguito chiamer\u00f2 Minus) con il quale ho avuto modo di relazionarmi: commossa mi ha raccontato che l\u2019evento pi\u00f9 contraddittorio, ma anche pi\u00f9 accattivante che aveva colpito la sua attenzione, era appunto stato il traguardo raggiunto dall\u2019uomo nell\u2019arrivare alla capacit\u00e0 del pensiero(e dell\u2019azione) morale. Minus era stata seduta per un attimo su un candido crinale lunare e aveva osservato la cosa da vicino e la questione aveva catturato il suo interesse per qualche migliaio di anni. Dapprima la questione le aveva suscitato il sentore della degenerazione: a farne le spese era stato l\u2019istinto, ovvero quanto di pi\u00f9 sincero; ma ad una seconda analisi il dato era rivoluzionario: l\u2019uomo pensava se stesso ed era stato capace di commiserarsi e provare empatia (senza finalit\u00e0 ulteriore). Interessante anche la fine di questa morale: si estinse in breve tempo su larga scala, quando tra gli umani le parole con le quali loro stessi designavano pace, uguaglianza e rispetto avevano perso rilevanza. Per la verit\u00e0 i vari dogmi culturali non avevano mai funzionato e sul finire erano pure ridotti a orpello, ad una mano di vernice sulla muffa imperante, tuttavia avevano precedentemente dato stabilit\u00e0 ed una cornice di senso, seppur del tutto arbitraria. Materialmente la morale scomparve allo scoppio dell\u2019ultima guerra; il progresso scientifico aveva consentito bombe capaci di annientare ogni forma vivente in pochi millesimi di secondo; per il pianeta terra tuttavia la vita prosegui anche in seguito per qualche milione di anni.<\/p>\n\n\n\n<p>Minus in proposito, capt\u00f2 un ultimo dialogo \u201cmorale\u201d tra due umani: un nonno alticcio e la sua nipote ritirati in un austero bunker antiatomico e di l\u00ec a poco morti sotto l\u2019ultima deflagrazione di una scarica di bombe ormai partite in automatico.&nbsp;<\/p>\n\n\n\n<p>&#8211; \u201cCara Caterina ricorda sempre \u2013 esordiva il nonno in uno dei suoi ultimi monologhi \u2013 ricorda sempre, semmai tu ne dovessi incontrare ancora hi hi hi\u2013 ripeteva sghignazzando &#8211; che l&#8217;uomo rimane lo stesso in ogni cultura aldil\u00e0 dei vestiti che porta; altres\u00ec \u00e8&nbsp;ricorrente la divisione anche negli stessi popoli, tra oppressori e oppressi, fanatici e persone miti. Ricorda sempre che chi governa non \u00e8 il popolo, ma \u00e8 un&#8217;\u00e9lite che lo rappresenta. Perch\u00e9 deve pagare con la vita, con sofferenze atroci, chi come noi non ha colpa? Le nostre prerogative sono sempre state altre; la religione\/i costumi della propria cultura ci sono piovuti addosso appena nati e si \u00e8 avuto solo la colpa di essere cresciuti nel posto sbagliato al momento sbagliato. La violenza genera violenza e spirali di vendette, non occorre vivere questa guerra per capirlo e nemmeno essere storici affermati.&nbsp;La cultura del fanatismo si sarebbe dovuta combattere, con la cultura della sana dialettica filosofica\/scientifica non subordinata a poteri forti, e non con il catechismo.\u201d<\/p>\n\n\n\n<p>Caterina ribatteva: &#8211; \u201cNonno, possono sussistere quasi tutti gli abitanti del mondo a gridare pace, ma finch\u00e9 ci sono poteri forti gli uomini non possono nulla. Ed in ogni caso la pace finisce nel momento in cui si genera un&#8217;ingiustizia e l\u2019agire immorale \u00e8 una caratteristica intrinseca della maggioranza degli essere umani\u201d.<\/p>\n\n\n\n<p>Il nonno a seguito di una boccata di pipa proseguiva: \u201cSe si genera un&#8217;ingiustizia bisogna porgere l\u2019altra guancia\u201d &#8211; hi hi hi. &#8211; \u201cPurtroppo molti parlano del Natale, senza avere le giuste cognizioni storiche e ancora peggio senza ereditare e trasmettere il senso del vero messaggio cristiano di cui, s\u00ec, la nostra cultura doveva andare orgogliosa ovvero l&#8217;amore come carit\u00e0, nel senso pi\u00f9 autentico del termine&#8230; e invece \u00e8 stato trasformato da un momento che doveva essere di riflessione, sobriet\u00e0 e solidariet\u00e0, in una celebrazione del festival del consumismo in cui si \u00e8 rovesciato il messaggio cristiano all&#8217;insegna dell&#8217;ipocrisia. Con questo &#8211; se voi giovani vi professate cristiani &#8211; voglio dire, date senso alle vostre parole, ai vostri fatti: senn\u00f2 vi trovate a ripetere le stesse azioni e gli stessi riti senza viverne il significato autentico e dunque tanto vale che per voi Credenti di questo tipo, torni la messa in latino!\u201d &#8211; hi hi hi sghignazzava. \u201cQuanti pasti si potrebbero dare a chi \u00e8 meno fortunato con tutta l&#8217;energia sprecata per le luci di Natale? Serve coerenza bimbi, prima di tutto, se ci si professa fedeli di Ges\u00f9, altrimenti continuiamo a ripetere rituali vuoti!\u201d Nel frattempo un cataclisma di bombe e lampi squarciarono il terreno sotto di loro in una grossa crepa mentre cadevano i calcinacci e Caterina piangendo abbracciata al nonno gli chiese:&nbsp;<\/p>\n\n\n\n<p>\u201c- Ma come siamo arrivati a tanto nonno? Non ce la faccio pi\u00f9, moriremo\u2026\u201d<\/p>\n\n\n\n<p>&#8211; \u201cCaterina \u00e8 l&#8217;indifferenza che uccide i vivi. Eppure, quando qualcuno muore come noi, non mancheranno fazzoletti bagnati, frasi di circostanza anche da parte di estranei. E\u2019 morto il rispetto per l&#8217;altro vivente che\u2026\u201d A seguire pi\u00f9 nulla, in quanto la successiva atomica all\u2019ennesima potenza fin\u00ec per annientare anche quel fazzoletto di seminterrato e il pensiero morale per\u00ec per sempre.<\/p>\n<div class=\"pvc_clear\"><\/div><p id=\"pvc_stats_53623\" class=\"pvc_stats all  \" data-element-id=\"53623\" style=\"\"><i class=\"pvc-stats-icon medium\" aria-hidden=\"true\"><svg aria-hidden=\"true\" focusable=\"false\" data-prefix=\"far\" data-icon=\"chart-bar\" role=\"img\" xmlns=\"http:\/\/www.w3.org\/2000\/svg\" viewBox=\"0 0 512 512\" class=\"svg-inline--fa fa-chart-bar fa-w-16 fa-2x\"><path fill=\"currentColor\" d=\"M396.8 352h22.4c6.4 0 12.8-6.4 12.8-12.8V108.8c0-6.4-6.4-12.8-12.8-12.8h-22.4c-6.4 0-12.8 6.4-12.8 12.8v230.4c0 6.4 6.4 12.8 12.8 12.8zm-192 0h22.4c6.4 0 12.8-6.4 12.8-12.8V140.8c0-6.4-6.4-12.8-12.8-12.8h-22.4c-6.4 0-12.8 6.4-12.8 12.8v198.4c0 6.4 6.4 12.8 12.8 12.8zm96 0h22.4c6.4 0 12.8-6.4 12.8-12.8V204.8c0-6.4-6.4-12.8-12.8-12.8h-22.4c-6.4 0-12.8 6.4-12.8 12.8v134.4c0 6.4 6.4 12.8 12.8 12.8zM496 400H48V80c0-8.84-7.16-16-16-16H16C7.16 64 0 71.16 0 80v336c0 17.67 14.33 32 32 32h464c8.84 0 16-7.16 16-16v-16c0-8.84-7.16-16-16-16zm-387.2-48h22.4c6.4 0 12.8-6.4 12.8-12.8v-70.4c0-6.4-6.4-12.8-12.8-12.8h-22.4c-6.4 0-12.8 6.4-12.8 12.8v70.4c0 6.4 6.4 12.8 12.8 12.8z\" class=\"\"><\/path><\/svg><\/i> <img loading=\"lazy\" decoding=\"async\" width=\"16\" height=\"16\" alt=\"Loading\" src=\"https:\/\/www.raccontinellarete.it\/301\/wp-content\/plugins\/page-views-count\/ajax-loader-2x.gif\" border=0 \/><\/p><div class=\"pvc_clear\"><\/div>","protected":false},"excerpt":{"rendered":"<p>Osserviamo nel nostro presente il caminetto davanti a noi; pensiamo poi di osservare noi di fronte al caminetto, la stanza che ci racchiude, la casa che circonda la stanza, il giardino che perimetra la casa e a seguire il quartiere, la citt\u00e0, la regione, il continente, il pianeta terra, la galassia e l\u2019universo senza confini. [&hellip;]<\/p>\n<div class=\"pvc_clear\"><\/div>\n<p id=\"pvc_stats_53623\" class=\"pvc_stats all  \" data-element-id=\"53623\" style=\"\"><i class=\"pvc-stats-icon medium\" aria-hidden=\"true\"><svg aria-hidden=\"true\" focusable=\"false\" data-prefix=\"far\" data-icon=\"chart-bar\" role=\"img\" xmlns=\"http:\/\/www.w3.org\/2000\/svg\" viewBox=\"0 0 512 512\" class=\"svg-inline--fa fa-chart-bar fa-w-16 fa-2x\"><path fill=\"currentColor\" d=\"M396.8 352h22.4c6.4 0 12.8-6.4 12.8-12.8V108.8c0-6.4-6.4-12.8-12.8-12.8h-22.4c-6.4 0-12.8 6.4-12.8 12.8v230.4c0 6.4 6.4 12.8 12.8 12.8zm-192 0h22.4c6.4 0 12.8-6.4 12.8-12.8V140.8c0-6.4-6.4-12.8-12.8-12.8h-22.4c-6.4 0-12.8 6.4-12.8 12.8v198.4c0 6.4 6.4 12.8 12.8 12.8zm96 0h22.4c6.4 0 12.8-6.4 12.8-12.8V204.8c0-6.4-6.4-12.8-12.8-12.8h-22.4c-6.4 0-12.8 6.4-12.8 12.8v134.4c0 6.4 6.4 12.8 12.8 12.8zM496 400H48V80c0-8.84-7.16-16-16-16H16C7.16 64 0 71.16 0 80v336c0 17.67 14.33 32 32 32h464c8.84 0 16-7.16 16-16v-16c0-8.84-7.16-16-16-16zm-387.2-48h22.4c6.4 0 12.8-6.4 12.8-12.8v-70.4c0-6.4-6.4-12.8-12.8-12.8h-22.4c-6.4 0-12.8 6.4-12.8 12.8v70.4c0 6.4 6.4 12.8 12.8 12.8z\" class=\"\"><\/path><\/svg><\/i> <img loading=\"lazy\" decoding=\"async\" width=\"16\" height=\"16\" alt=\"Loading\" src=\"https:\/\/www.raccontinellarete.it\/301\/wp-content\/plugins\/page-views-count\/ajax-loader-2x.gif\" border=0 \/><\/p>\n<div class=\"pvc_clear\"><\/div>\n","protected":false},"author":28029,"featured_media":0,"comment_status":"open","ping_status":"closed","sticky":false,"template":"","format":"standard","meta":{"footnotes":""},"categories":[676],"tags":[],"class_list":["post-53623","post","type-post","status-publish","format-standard","hentry","category-premio-racconti-nella-rete-2024"],"_links":{"self":[{"href":"https:\/\/www.raccontinellarete.it\/index.php?rest_route=\/wp\/v2\/posts\/53623"}],"collection":[{"href":"https:\/\/www.raccontinellarete.it\/index.php?rest_route=\/wp\/v2\/posts"}],"about":[{"href":"https:\/\/www.raccontinellarete.it\/index.php?rest_route=\/wp\/v2\/types\/post"}],"author":[{"embeddable":true,"href":"https:\/\/www.raccontinellarete.it\/index.php?rest_route=\/wp\/v2\/users\/28029"}],"replies":[{"embeddable":true,"href":"https:\/\/www.raccontinellarete.it\/index.php?rest_route=%2Fwp%2Fv2%2Fcomments&post=53623"}],"version-history":[{"count":1,"href":"https:\/\/www.raccontinellarete.it\/index.php?rest_route=\/wp\/v2\/posts\/53623\/revisions"}],"predecessor-version":[{"id":53624,"href":"https:\/\/www.raccontinellarete.it\/index.php?rest_route=\/wp\/v2\/posts\/53623\/revisions\/53624"}],"wp:attachment":[{"href":"https:\/\/www.raccontinellarete.it\/index.php?rest_route=%2Fwp%2Fv2%2Fmedia&parent=53623"}],"wp:term":[{"taxonomy":"category","embeddable":true,"href":"https:\/\/www.raccontinellarete.it\/index.php?rest_route=%2Fwp%2Fv2%2Fcategories&post=53623"},{"taxonomy":"post_tag","embeddable":true,"href":"https:\/\/www.raccontinellarete.it\/index.php?rest_route=%2Fwp%2Fv2%2Ftags&post=53623"}],"curies":[{"name":"wp","href":"https:\/\/api.w.org\/{rel}","templated":true}]}}