{"id":53491,"date":"2024-02-16T14:56:39","date_gmt":"2024-02-16T13:56:39","guid":{"rendered":"http:\/\/www.raccontinellarete.it\/?p=53491"},"modified":"2024-04-29T18:29:31","modified_gmt":"2024-04-29T17:29:31","slug":"sabato-2-marzo-racconti-nella-rete-a-roma","status":"publish","type":"post","link":"https:\/\/www.raccontinellarete.it\/?p=53491","title":{"rendered":"Sabato 2 marzo Racconti nella Rete a Roma"},"content":{"rendered":"\n<p><\/p>\n\n\n\n<p><strong>Roma &#8211;&nbsp;&nbsp;Sabato 2 marzo alle 11 alla Biblioteca Flaminia, via Fracassini 9,&nbsp;&nbsp;il presidente del premio letterario Racconti nella Rete, Demetrio Brandi, ed alcuni autori vincitori del concorso presentano l\u2019antologia Racconti nella Rete 2023 edita da Castelvecchi.<\/strong><\/p>\n\n\n\n<p>Oltre alle interviste e letture di parte dei racconti inseriti nell\u2019antologia, sar\u00e0 presentato il corto <strong>\u201cSepar\u00e8\u201d, scritto da Piero Fittipaldi con la regia di Giuseppe Ferlito<\/strong>, vincitore della sezione corti dell\u2019edizione 2023. Cortometraggio realizzato in collaborazione con la Scuola di Cinema Immagina. Saranno presenti gli scrittori&nbsp;<strong>Walter Di Mauro, Marco Sgroi, Simona Visciglia, Ilaria Pizzini , Elisabetta Storri, Pietro Senatore, Katia Molinari, Caterina Fiume.<\/strong><\/p>\n\n\n\n<p>&#8220;Roma \u00e8 una citt\u00e0 che ha sempre accolto con grande entusiasmo le presentazioni del premio letterario ed anche in questa occasione siamo certi che ci sar\u00e0 una bella platea con tanti aspiranti scrittori&#8221; &#8211; dice il presidente Demetrio Brandi.&nbsp;Il nuovo concorso \u00e8 gi\u00e0 iniziato nel sito <a href=\"https:\/\/www.raccontinellarete.it\">www.raccontinellarete.it<\/a> e terminer\u00e0 nel prossimo mese di maggio.&nbsp;Possono partecipare alla 23^ edizione tutti coloro che hanno un racconto inedito, una favola per bambini o un&nbsp; soggetto per cortometraggio. Non c\u2019\u00e8 limite d\u2019et\u00e0 e tutti gli utenti registrati nel sito possono commentare i racconti in concorso. &#8220;Come avviene da oltre vent&#8217;anni&#8221; &#8211; dice Brandi &#8211; &#8220;la promozione del premio proseguir\u00e0 fino a maggio in varie citt\u00e0 italiane&#8221;.&nbsp;<\/p>\n\n\n\n<p>Si tratta di una vetrina d\u2019autore. Possono partecipare al Premio tutti coloro che hanno un racconto inedito, oppure un soggetto per la sezione Corti. Racconti nella Rete vuole essere un\u2019opportunit\u00e0 di espressione e confronto fra aspiranti scrittori pi\u00f9 o meno giovani. In una sorta di agor\u00e0 virtuale, tutti trovano infatti lo spazio privilegiato per dar voce alle proprie fantasie, memorie o sogni, per cimentarsi nella scrittura creativa e per saggiare il valore e la qualit\u00e0 del proprio lavoro, incontrando talenti sconosciuti o confrontandosi immediatamente con i diversi stili narrativi, generi e contenuti. E\u2019 questo il momento in cui tutti, dal professionista al dilettante, hanno piena possibilit\u00e0 di espressione e uguale dignit\u00e0 di ascolto.&nbsp;<\/p>\n\n\n\n<p>Gli autori fino ai 25 anni di et\u00e0&nbsp; potranno usufruire di uno sconto sulla quota di partecipazione al premio 2024 \u2013 sezioni racconti e corti. Baster\u00e0 segnalare l&#8217;adesione con una e-mail indirizzata a <a href=\"mailto:info@raccontinellarete.it\">info@raccontinellarete.it<\/a> . \u201cQuesta agevolazione\u201d \u2013 dice Demetrio Brandi, presidente del Premio \u2013 \u201c\u00e8 rivolta ai giovani talenti letterari, uno stimolo in pi\u00f9 per farli partecipare ad una vetrina sempre pi\u00f9 importante per gli autori emergenti.\u201d Molti tra gli autori pubblicati in questi anni nelle antologie hanno ottenuto brillanti risultati in campo letterario. Tra i premi assegnati ai vincitori quello per il pi\u00f9 giovane scrittore (assegnato da Fondazione AIDR&nbsp; Italian Digital Revolution) e per il racconto umoristico (assegnato dal giornale umoristico online Budu\u00e0r). Inoltre il premio al miglior racconto di viaggio assegnato dal portale Happyin.&nbsp; &nbsp;La premiazione dei 25 vincitori avverr\u00e0 nell&#8217;ambito della 30^ edizione del festival LuccAutori, in programma a Lucca dal 5 al 20 ottobre. Tra le novit\u00e0 la copertina della nuova antologia firmata da Fabio Sironi e una mostra di artisti contemporanei dedicata a Giacomo Puccini nel centenario della morte.<\/p>\n\n\n\n<p>Per informazioni tel. 0584.651874&nbsp; <a href=\"mailto:info@raccontinellarete.it\">info@raccontinellarete.it<\/a><a href=\"https:\/\/www.raccontinellarete.it\">www.raccontinellarete.it<\/a><\/p>\n\n\n\n<figure class=\"wp-block-image size-large\"><img loading=\"lazy\" decoding=\"async\" width=\"724\" height=\"1024\" src=\"https:\/\/www.raccontinellarete.it\/301\/wp-content\/uploads\/2024\/02\/locandina-roma-2-marzo-2024-biblioteca-flaminia-724x1024.png\" alt=\"\" class=\"wp-image-53519\" srcset=\"https:\/\/www.raccontinellarete.it\/301\/wp-content\/uploads\/2024\/02\/locandina-roma-2-marzo-2024-biblioteca-flaminia-724x1024.png 724w, https:\/\/www.raccontinellarete.it\/301\/wp-content\/uploads\/2024\/02\/locandina-roma-2-marzo-2024-biblioteca-flaminia-177x250.png 177w, https:\/\/www.raccontinellarete.it\/301\/wp-content\/uploads\/2024\/02\/locandina-roma-2-marzo-2024-biblioteca-flaminia-768x1086.png 768w, https:\/\/www.raccontinellarete.it\/301\/wp-content\/uploads\/2024\/02\/locandina-roma-2-marzo-2024-biblioteca-flaminia-1086x1536.png 1086w, https:\/\/www.raccontinellarete.it\/301\/wp-content\/uploads\/2024\/02\/locandina-roma-2-marzo-2024-biblioteca-flaminia.png 1414w\" sizes=\"(max-width: 724px) 100vw, 724px\" \/><\/figure>\n<div class=\"pvc_clear\"><\/div><p id=\"pvc_stats_53491\" class=\"pvc_stats all  \" data-element-id=\"53491\" style=\"\"><i class=\"pvc-stats-icon medium\" aria-hidden=\"true\"><svg aria-hidden=\"true\" focusable=\"false\" data-prefix=\"far\" data-icon=\"chart-bar\" role=\"img\" xmlns=\"http:\/\/www.w3.org\/2000\/svg\" viewBox=\"0 0 512 512\" class=\"svg-inline--fa fa-chart-bar fa-w-16 fa-2x\"><path fill=\"currentColor\" d=\"M396.8 352h22.4c6.4 0 12.8-6.4 12.8-12.8V108.8c0-6.4-6.4-12.8-12.8-12.8h-22.4c-6.4 0-12.8 6.4-12.8 12.8v230.4c0 6.4 6.4 12.8 12.8 12.8zm-192 0h22.4c6.4 0 12.8-6.4 12.8-12.8V140.8c0-6.4-6.4-12.8-12.8-12.8h-22.4c-6.4 0-12.8 6.4-12.8 12.8v198.4c0 6.4 6.4 12.8 12.8 12.8zm96 0h22.4c6.4 0 12.8-6.4 12.8-12.8V204.8c0-6.4-6.4-12.8-12.8-12.8h-22.4c-6.4 0-12.8 6.4-12.8 12.8v134.4c0 6.4 6.4 12.8 12.8 12.8zM496 400H48V80c0-8.84-7.16-16-16-16H16C7.16 64 0 71.16 0 80v336c0 17.67 14.33 32 32 32h464c8.84 0 16-7.16 16-16v-16c0-8.84-7.16-16-16-16zm-387.2-48h22.4c6.4 0 12.8-6.4 12.8-12.8v-70.4c0-6.4-6.4-12.8-12.8-12.8h-22.4c-6.4 0-12.8 6.4-12.8 12.8v70.4c0 6.4 6.4 12.8 12.8 12.8z\" class=\"\"><\/path><\/svg><\/i> <img loading=\"lazy\" decoding=\"async\" width=\"16\" height=\"16\" alt=\"Loading\" src=\"https:\/\/www.raccontinellarete.it\/301\/wp-content\/plugins\/page-views-count\/ajax-loader-2x.gif\" border=0 \/><\/p><div class=\"pvc_clear\"><\/div>","protected":false},"excerpt":{"rendered":"<p>Roma &#8211;&nbsp;&nbsp;Sabato 2 marzo alle 11 alla Biblioteca Flaminia, via Fracassini 9,&nbsp;&nbsp;il presidente del premio letterario Racconti nella Rete, Demetrio Brandi, ed alcuni autori vincitori del concorso presentano l\u2019antologia Racconti nella Rete 2023 edita da Castelvecchi. Oltre alle interviste e letture di parte dei racconti inseriti nell\u2019antologia, sar\u00e0 presentato il corto \u201cSepar\u00e8\u201d, scritto da Piero [&hellip;]<\/p>\n<div class=\"pvc_clear\"><\/div>\n<p id=\"pvc_stats_53491\" class=\"pvc_stats all  \" data-element-id=\"53491\" style=\"\"><i class=\"pvc-stats-icon medium\" aria-hidden=\"true\"><svg aria-hidden=\"true\" focusable=\"false\" data-prefix=\"far\" data-icon=\"chart-bar\" role=\"img\" xmlns=\"http:\/\/www.w3.org\/2000\/svg\" viewBox=\"0 0 512 512\" class=\"svg-inline--fa fa-chart-bar fa-w-16 fa-2x\"><path fill=\"currentColor\" d=\"M396.8 352h22.4c6.4 0 12.8-6.4 12.8-12.8V108.8c0-6.4-6.4-12.8-12.8-12.8h-22.4c-6.4 0-12.8 6.4-12.8 12.8v230.4c0 6.4 6.4 12.8 12.8 12.8zm-192 0h22.4c6.4 0 12.8-6.4 12.8-12.8V140.8c0-6.4-6.4-12.8-12.8-12.8h-22.4c-6.4 0-12.8 6.4-12.8 12.8v198.4c0 6.4 6.4 12.8 12.8 12.8zm96 0h22.4c6.4 0 12.8-6.4 12.8-12.8V204.8c0-6.4-6.4-12.8-12.8-12.8h-22.4c-6.4 0-12.8 6.4-12.8 12.8v134.4c0 6.4 6.4 12.8 12.8 12.8zM496 400H48V80c0-8.84-7.16-16-16-16H16C7.16 64 0 71.16 0 80v336c0 17.67 14.33 32 32 32h464c8.84 0 16-7.16 16-16v-16c0-8.84-7.16-16-16-16zm-387.2-48h22.4c6.4 0 12.8-6.4 12.8-12.8v-70.4c0-6.4-6.4-12.8-12.8-12.8h-22.4c-6.4 0-12.8 6.4-12.8 12.8v70.4c0 6.4 6.4 12.8 12.8 12.8z\" class=\"\"><\/path><\/svg><\/i> <img loading=\"lazy\" decoding=\"async\" width=\"16\" height=\"16\" alt=\"Loading\" src=\"https:\/\/www.raccontinellarete.it\/301\/wp-content\/plugins\/page-views-count\/ajax-loader-2x.gif\" border=0 \/><\/p>\n<div class=\"pvc_clear\"><\/div>\n","protected":false},"author":3,"featured_media":53992,"comment_status":"open","ping_status":"closed","sticky":false,"template":"","format":"standard","meta":{"footnotes":""},"categories":[87,5],"tags":[],"class_list":["post-53491","post","type-post","status-publish","format-standard","has-post-thumbnail","hentry","category-comunicato-stampa","category-racconti-nella-rete"],"_links":{"self":[{"href":"https:\/\/www.raccontinellarete.it\/index.php?rest_route=\/wp\/v2\/posts\/53491"}],"collection":[{"href":"https:\/\/www.raccontinellarete.it\/index.php?rest_route=\/wp\/v2\/posts"}],"about":[{"href":"https:\/\/www.raccontinellarete.it\/index.php?rest_route=\/wp\/v2\/types\/post"}],"author":[{"embeddable":true,"href":"https:\/\/www.raccontinellarete.it\/index.php?rest_route=\/wp\/v2\/users\/3"}],"replies":[{"embeddable":true,"href":"https:\/\/www.raccontinellarete.it\/index.php?rest_route=%2Fwp%2Fv2%2Fcomments&post=53491"}],"version-history":[{"count":6,"href":"https:\/\/www.raccontinellarete.it\/index.php?rest_route=\/wp\/v2\/posts\/53491\/revisions"}],"predecessor-version":[{"id":53993,"href":"https:\/\/www.raccontinellarete.it\/index.php?rest_route=\/wp\/v2\/posts\/53491\/revisions\/53993"}],"wp:featuredmedia":[{"embeddable":true,"href":"https:\/\/www.raccontinellarete.it\/index.php?rest_route=\/wp\/v2\/media\/53992"}],"wp:attachment":[{"href":"https:\/\/www.raccontinellarete.it\/index.php?rest_route=%2Fwp%2Fv2%2Fmedia&parent=53491"}],"wp:term":[{"taxonomy":"category","embeddable":true,"href":"https:\/\/www.raccontinellarete.it\/index.php?rest_route=%2Fwp%2Fv2%2Fcategories&post=53491"},{"taxonomy":"post_tag","embeddable":true,"href":"https:\/\/www.raccontinellarete.it\/index.php?rest_route=%2Fwp%2Fv2%2Ftags&post=53491"}],"curies":[{"name":"wp","href":"https:\/\/api.w.org\/{rel}","templated":true}]}}