{"id":53408,"date":"2024-02-04T13:38:39","date_gmt":"2024-02-04T12:38:39","guid":{"rendered":"http:\/\/www.raccontinellarete.it\/?p=53408"},"modified":"2024-02-04T13:38:40","modified_gmt":"2024-02-04T12:38:40","slug":"premio-racconti-nella-rete-2024-south-korea-2040-di-stefania-pontieri","status":"publish","type":"post","link":"https:\/\/www.raccontinellarete.it\/?p=53408","title":{"rendered":"Premio Racconti nella Rete 2024 &#8220;South Korea 2040&#8221; di Stefania Pontieri"},"content":{"rendered":"\n<p><\/p>\n\n\n\n<p>L\u2019umanit\u00e0 \u00e8 ormai decimata. Quasi tutti i&nbsp;<em>vax<\/em>&nbsp;si sono estinti, tranne me, mia sorella e qualche altro migliaio di persone, nessuno sa bene perch\u00e9. Pochi sparuti&nbsp;<em>no vax<\/em>, decimati anch\u2019essi dalla variante&nbsp;<em>Omega 2,&nbsp;<\/em>vagano in un mondo ormai semideserto, provvisto di infinite risorse che chi \u00e8 rimasto non sa n\u00e9 pu\u00f2 gestire. L\u2019umanit\u00e0 si \u00e8 ridotta di circa 6 miliardi e mezzo di individui, spazzati via dal Covid o dai vaccini che, in meno di 10 anni dalle prime somministrazioni, hanno iniziato a mietere le prime vittime. Tutti insieme se ne sono andati questi esseri umani, come per un macabro appuntamento con la morte, e nel giro di 2 anni l\u2019umanit\u00e0 \u00e8 quasi sparita. Nel 2030 i primi casi, poi il buio.<\/p>\n\n\n\n<p>Quelli che sono rimasti, prima hanno preso le armi, poi hanno iniziato a nascondersi per paura, infine si sono spostati, concentrandosi nelle campagne dell\u2019area temperata. Le citt\u00e0, deserti di cemento in un mondo desolato e immenso, sono state abbandonate.&nbsp;&nbsp;<\/p>\n\n\n\n<p>I&nbsp;<em>no vax<\/em>&nbsp;per un po\u2019, nei primi mesi, cantavano vittoria, giravano per le strade soddisfatti, con grandi cartelli. Poi hanno iniziato ad avere paura anche loro: nessuno che reagiva alle loro provocazioni, le strade vuote, i morti lasciati l\u00ec, sotto i ponti, lungo i marciapiedi, sui sediolini delle metropolitane, al parco. Erano soli, non c\u2019era pi\u00f9 nessuno ad ascoltarli: le televisioni tacevano, i giornali non stampavano, Internet ha cessato di funzionare.&nbsp;<\/p>\n\n\n\n<p>Appartengo ad una piccola comunit\u00e0 caucasica, 1200 esemplari&nbsp;<em>vax&nbsp;<\/em>vivi, rarissimi. Viaggiamo ormai da sei anni, a piedi o su mezzi di fortuna, alla ricerca di un luogo ospitale e pacifico. Adesso procediamo lungo la costa coreana, la nostra meta \u00e8 Fukuoka in Giappone, poi Kagoshima, in fine ci imbarcheremo per Okinawa, l\u2019Eden che mia madre sognava. Mi sono riposata solo un po\u2019, ma basta cos\u00ec, non voglio fermarmi, voglio andare ancora avanti, verso quel mare celeste che mamma mi mostrava, vivere di nulla al sole, pescare e poi accendere un fuoco, abbrustolire il pesce sulla spiaggia e dimenticare tutto il male. Voglio salvare dall\u2019oblio solo gli occhi verdi di mia madre, il sorriso aperto di pap\u00e0 e quella cucina bianca bianca, di quando ero ragazzina e sedevamo, noi quattro, a parlare di tutto, e si rideva e a volte si piangeva.&nbsp;<\/p>\n\n\n\n<p>Mia sorella \u00e8 accanto a me, guarda l\u2019orizzonte calmo che ci invita.&nbsp;&nbsp;Ha una piccola cicatrice sulla guancia destra, ricordo dell\u2019unghiata di Pietro cattivo all\u2019asilo. Pietro cattivo\u2026chiss\u00e0 dove sei ora? Chiss\u00e0 se ti sei salvato e scappi come noi verso un altro orizzonte?&nbsp;<\/p>\n\n\n\n<p>Lei mi guarda dietro gli occhiali spessi con un mezzo sorriso.<\/p>\n\n\n\n<p>Siamo pronte, dice sospirando.&nbsp;<\/p>\n\n\n\n<p>S\u00ec, tra un po\u2019 \u00e8 ora, si riparte.<\/p>\n\n\n\n<p><\/p>\n<div class=\"pvc_clear\"><\/div><p id=\"pvc_stats_53408\" class=\"pvc_stats all  \" data-element-id=\"53408\" style=\"\"><i class=\"pvc-stats-icon medium\" aria-hidden=\"true\"><svg aria-hidden=\"true\" focusable=\"false\" data-prefix=\"far\" data-icon=\"chart-bar\" role=\"img\" xmlns=\"http:\/\/www.w3.org\/2000\/svg\" viewBox=\"0 0 512 512\" class=\"svg-inline--fa fa-chart-bar fa-w-16 fa-2x\"><path fill=\"currentColor\" d=\"M396.8 352h22.4c6.4 0 12.8-6.4 12.8-12.8V108.8c0-6.4-6.4-12.8-12.8-12.8h-22.4c-6.4 0-12.8 6.4-12.8 12.8v230.4c0 6.4 6.4 12.8 12.8 12.8zm-192 0h22.4c6.4 0 12.8-6.4 12.8-12.8V140.8c0-6.4-6.4-12.8-12.8-12.8h-22.4c-6.4 0-12.8 6.4-12.8 12.8v198.4c0 6.4 6.4 12.8 12.8 12.8zm96 0h22.4c6.4 0 12.8-6.4 12.8-12.8V204.8c0-6.4-6.4-12.8-12.8-12.8h-22.4c-6.4 0-12.8 6.4-12.8 12.8v134.4c0 6.4 6.4 12.8 12.8 12.8zM496 400H48V80c0-8.84-7.16-16-16-16H16C7.16 64 0 71.16 0 80v336c0 17.67 14.33 32 32 32h464c8.84 0 16-7.16 16-16v-16c0-8.84-7.16-16-16-16zm-387.2-48h22.4c6.4 0 12.8-6.4 12.8-12.8v-70.4c0-6.4-6.4-12.8-12.8-12.8h-22.4c-6.4 0-12.8 6.4-12.8 12.8v70.4c0 6.4 6.4 12.8 12.8 12.8z\" class=\"\"><\/path><\/svg><\/i> <img loading=\"lazy\" decoding=\"async\" width=\"16\" height=\"16\" alt=\"Loading\" src=\"https:\/\/www.raccontinellarete.it\/301\/wp-content\/plugins\/page-views-count\/ajax-loader-2x.gif\" border=0 \/><\/p><div class=\"pvc_clear\"><\/div>","protected":false},"excerpt":{"rendered":"<p>L\u2019umanit\u00e0 \u00e8 ormai decimata. Quasi tutti i&nbsp;vax&nbsp;si sono estinti, tranne me, mia sorella e qualche altro migliaio di persone, nessuno sa bene perch\u00e9. Pochi sparuti&nbsp;no vax, decimati anch\u2019essi dalla variante&nbsp;Omega 2,&nbsp;vagano in un mondo ormai semideserto, provvisto di infinite risorse che chi \u00e8 rimasto non sa n\u00e9 pu\u00f2 gestire. L\u2019umanit\u00e0 si \u00e8 ridotta di circa [&hellip;]<\/p>\n<div class=\"pvc_clear\"><\/div>\n<p id=\"pvc_stats_53408\" class=\"pvc_stats all  \" data-element-id=\"53408\" style=\"\"><i class=\"pvc-stats-icon medium\" aria-hidden=\"true\"><svg aria-hidden=\"true\" focusable=\"false\" data-prefix=\"far\" data-icon=\"chart-bar\" role=\"img\" xmlns=\"http:\/\/www.w3.org\/2000\/svg\" viewBox=\"0 0 512 512\" class=\"svg-inline--fa fa-chart-bar fa-w-16 fa-2x\"><path fill=\"currentColor\" d=\"M396.8 352h22.4c6.4 0 12.8-6.4 12.8-12.8V108.8c0-6.4-6.4-12.8-12.8-12.8h-22.4c-6.4 0-12.8 6.4-12.8 12.8v230.4c0 6.4 6.4 12.8 12.8 12.8zm-192 0h22.4c6.4 0 12.8-6.4 12.8-12.8V140.8c0-6.4-6.4-12.8-12.8-12.8h-22.4c-6.4 0-12.8 6.4-12.8 12.8v198.4c0 6.4 6.4 12.8 12.8 12.8zm96 0h22.4c6.4 0 12.8-6.4 12.8-12.8V204.8c0-6.4-6.4-12.8-12.8-12.8h-22.4c-6.4 0-12.8 6.4-12.8 12.8v134.4c0 6.4 6.4 12.8 12.8 12.8zM496 400H48V80c0-8.84-7.16-16-16-16H16C7.16 64 0 71.16 0 80v336c0 17.67 14.33 32 32 32h464c8.84 0 16-7.16 16-16v-16c0-8.84-7.16-16-16-16zm-387.2-48h22.4c6.4 0 12.8-6.4 12.8-12.8v-70.4c0-6.4-6.4-12.8-12.8-12.8h-22.4c-6.4 0-12.8 6.4-12.8 12.8v70.4c0 6.4 6.4 12.8 12.8 12.8z\" class=\"\"><\/path><\/svg><\/i> <img loading=\"lazy\" decoding=\"async\" width=\"16\" height=\"16\" alt=\"Loading\" src=\"https:\/\/www.raccontinellarete.it\/301\/wp-content\/plugins\/page-views-count\/ajax-loader-2x.gif\" border=0 \/><\/p>\n<div class=\"pvc_clear\"><\/div>\n","protected":false},"author":27794,"featured_media":0,"comment_status":"open","ping_status":"closed","sticky":false,"template":"","format":"standard","meta":{"footnotes":""},"categories":[676],"tags":[],"class_list":["post-53408","post","type-post","status-publish","format-standard","hentry","category-premio-racconti-nella-rete-2024"],"_links":{"self":[{"href":"https:\/\/www.raccontinellarete.it\/index.php?rest_route=\/wp\/v2\/posts\/53408"}],"collection":[{"href":"https:\/\/www.raccontinellarete.it\/index.php?rest_route=\/wp\/v2\/posts"}],"about":[{"href":"https:\/\/www.raccontinellarete.it\/index.php?rest_route=\/wp\/v2\/types\/post"}],"author":[{"embeddable":true,"href":"https:\/\/www.raccontinellarete.it\/index.php?rest_route=\/wp\/v2\/users\/27794"}],"replies":[{"embeddable":true,"href":"https:\/\/www.raccontinellarete.it\/index.php?rest_route=%2Fwp%2Fv2%2Fcomments&post=53408"}],"version-history":[{"count":3,"href":"https:\/\/www.raccontinellarete.it\/index.php?rest_route=\/wp\/v2\/posts\/53408\/revisions"}],"predecessor-version":[{"id":53424,"href":"https:\/\/www.raccontinellarete.it\/index.php?rest_route=\/wp\/v2\/posts\/53408\/revisions\/53424"}],"wp:attachment":[{"href":"https:\/\/www.raccontinellarete.it\/index.php?rest_route=%2Fwp%2Fv2%2Fmedia&parent=53408"}],"wp:term":[{"taxonomy":"category","embeddable":true,"href":"https:\/\/www.raccontinellarete.it\/index.php?rest_route=%2Fwp%2Fv2%2Fcategories&post=53408"},{"taxonomy":"post_tag","embeddable":true,"href":"https:\/\/www.raccontinellarete.it\/index.php?rest_route=%2Fwp%2Fv2%2Ftags&post=53408"}],"curies":[{"name":"wp","href":"https:\/\/api.w.org\/{rel}","templated":true}]}}