{"id":5328,"date":"2011-02-19T18:38:32","date_gmt":"2011-02-19T17:38:32","guid":{"rendered":"http:\/\/www.raccontinellarete.it\/?p=5328"},"modified":"2011-02-19T18:38:32","modified_gmt":"2011-02-19T17:38:32","slug":"premio-racconti-nella-rete-2011-dialogo-notturno-di-lorenzo-semprini","status":"publish","type":"post","link":"https:\/\/www.raccontinellarete.it\/?p=5328","title":{"rendered":"Premio Racconti nella Rete 2011 &#8220;Dialogo notturno&#8221; di Lorenzo Semprini"},"content":{"rendered":"<p>Scena del racconto:<\/p>\n<p>Buio. Un faro illumina il centro del luogo del racconto dove c\u2019\u00e8 una sedia modello \u201csavonarola\u201d.<\/p>\n<p>Accanto alla sedia, in terra, una brocca e una coppa d\u2019argento.<\/p>\n<p>Personaggi del racconto:<\/p>\n<p>&#8211;\u00a0\u00a0\u00a0\u00a0\u00a0\u00a0\u00a0\u00a0\u00a0\u00a0\u00a0\u00a0\u00a0\u00a0\u00a0\u00a0\u00a0\u00a0\u00a0\u00a0 Uomo di mezza et\u00e0. Vestito con tunica bianca. E\u2019 seduto sulla sedia.<\/p>\n<p>&#8211;\u00a0\u00a0\u00a0\u00a0\u00a0\u00a0\u00a0\u00a0\u00a0\u00a0\u00a0\u00a0\u00a0\u00a0\u00a0\u00a0\u00a0\u00a0\u00a0\u00a0 Voce femminile fuori dal luogo del racconto. Et\u00e0 indefinibile.<\/p>\n<p>L\u2019uomo \u00e8 chiamato P<\/p>\n<p>La voce \u00e8 chiamata C<\/p>\n<p>Nel corso del racconto l\u2019uomo continua a versarsi e bere vino dalla brocca. Vuole ubriacarsi. Dimenticare. E\u2019 roso dal rimorso, a volte arriva ad essere disperato.<\/p>\n<p>La voce durante il dialogo passa da un tono consolatorio a uno indagatorio.<\/p>\n<p>Il dialogo non \u00e8, ma potrebbe essere, interiore. La tempistica e il ritmo delle battute non deve riflettere realismo, si potrebbe passare dal lentissimo, esasperante, al velocissimo. Potrebbe essere sussurrato nei momenti di rabbia e gridato nei momenti di riflessione.<\/p>\n<p>Vi \u00e8 sempre la possibilit\u00e0 che la necessit\u00e0 del non realismo del dialogo sia dettata dal fatto che lo stesso potrebbe non aver mai avuto luogo, ma essere stato solo immaginato. E\u2019 solo un racconto dopotutto.<\/p>\n<p>Inizio del racconto :<\/p>\n<p>P : Non volevo ulteriori problemi, ecco tutto!<\/p>\n<p>Gli ultimi tempi non sono stati facili\u2026 e le notizie viaggiano veloci. E i giudizi ancor di pi\u00f9.<\/p>\n<p>Ma che ne sanno quelli di cosa significa essere qui? Credono che sia facile tenere a bada questi esaltati col loro dio noiosissimo e crudele. Con le loro leggi che li ossessionano fino al parossismo. A quelli basta niente per scatenarsi.<\/p>\n<p>Quel uomo era innocente, lo so. Ma non lo era per loro. Sono degli ipocriti, si attaccano alle parole quando non possono aver ragione con prove e fatti concreti.<\/p>\n<p>C: Hai deciso per il giusto dunque, perch\u00e9 ci pensi ancora?<\/p>\n<p>P: Perch\u00e9 me ne sono fregato della giustizia. Ho lasciato martoriare e uccidere un uomo quando potevo salvarlo. Io non ero cos\u00ec una volta\u2026 cosa sono diventato?<\/p>\n<p>C: Ci vuole diplomazia per governare, il coraggio serve solo quando si deve conquistare. E in quanto alla giustizia poi, a cosa \u00e8 mai servita?<\/p>\n<p>P: Tutto quello che abbiamo creato vedr\u00e0 la sua dissoluzione se tutti noi continuiamo a comportarci cos\u00ec.<\/p>\n<p>Il potere non pu\u00f2 essere conservato a questo modo, o ti inganna. Il potere va riconquistato giorno per giorno, nulla deve essere dato per scontato, specialmente quando si ha la testa di uno straniero nella sua terra sotto il proprio piede.<\/p>\n<p>C: Tu sbagli. Si governa con la saggezza.<\/p>\n<p>Io credo che tu ti stia auto punendo, e non ne capisco la ragione. Per un pazzo visionario? Una specie di guaritore senza tetto?<\/p>\n<p>P: Sono ben consapevole che mi sto auto punendo, visto che ho errato. E quando si sbaglia non conta per chi si sbaglia, conta solo l\u2019errore. E quel che dico \u00e8 giusto, e un giorno ricadr\u00e0 su tutti noi.<\/p>\n<p>C: Ma che farnetichi? Tutto questo sar\u00e0 presto dimenticato, cos\u00ec come tu te ne dimenticherai. Ma quante condanne hai fatto tu stesso eseguire? Non tutte erano poi cos\u00ec necessarie, ma sei sempre stato cosciente che erano comunque utili ad uno scopo superiore.<\/p>\n<p>P: Quando ho mandato uomini a morte io ho agito. Mi sono preso le mie responsabilit\u00e0 e sono sempre stato pronto a pagarne le conseguenze. Stavolta ho subito gli eventi. Sono stato un debole, lo capisci? Lo avessi ammazzato io stesso sarebbe stato meglio. Non si manca quando non si fa la scelta giusta, ma quando si rinuncia a scegliere per paura delle conseguenze di una scelta sbagliata.<\/p>\n<p>C: Dunque hai avuto paura?<\/p>\n<p>P: No\u2026 non credo di\u2026 non posso aver avuto paura! Questo no!<\/p>\n<p>C: Eppure hai appena usato la parola paura.<\/p>\n<p>P: Non volevo dire paura. Evidentemente ho usato una parola che non volevo usare.<\/p>\n<p>C: Ecco vedi? Sei confuso. Smettila di tormentarti inutilmente e vedrai che tutto si sistemer\u00e0. Il tempo aggiusta sempre tutto.<\/p>\n<p>P: Non stavolta, lo sento. Il tempo stavolta canceller\u00e0, spazzer\u00e0 via tutto meno quel che ho commesso.<\/p>\n<p>C: Scadi nel ridicolo ora. Questa \u00e8 megalomania. Un governatore di uno stato periferico che lascia condannare a morte un povero pazzo vagabondo\u2026 ma ti ascolti? Come puoi credere che questo avvenimento abbia qualcosa da dire alla storia? Stai perdendo il senso della realt\u00e0, delle proporzioni. Forse \u00e8 l\u2019idea di essere stato dimenticato qui, ai margini dell\u2019impero che ti fa sragionare. Ma anche questa \u00e8 paranoia, non dovresti reagire cos\u00ec. Dopotutto potrebbe essere una buona prova questo incarico. Per alcuni prima di te questo posto ha portato poi nuove glorie e fortune.<\/p>\n<p>P: Cosa importano glorie e fortune? La mia indecisione, l\u2019unica della mia intera esistenza, mi sopravviver\u00e0. Eccola tutta la mia gloria!<\/p>\n<p>C: Un pazzo fanatico! Ucciso da altri pazzi fanatici! Ma che gloria puoi ottenere da una cosa simile?<\/p>\n<p>P: Una gloria infamante\u2026<\/p>\n<p>C: Vattene a dormire, domani avrai dimenticato tutto.<\/p>\n<p>La tua indecisione poi\u2026 quel uomo, anche se innocente, non meritava comunque nessuna decisione. Non era nessuno, ma poteva diventare qualcosa\u2026 cio\u00e8 un problema! Una grana, la scusa per una nuova rivolta. E allora s\u00ec che ne avresti dovuti far ammazzare parecchi. Non che anche questo sarebbe poi stato un dramma, un po\u2019 di pulizia di questa gente non fa mai male, per\u00f2 ti saresti dovuto sporcare le mani. Invece cos\u00ec le tue mani sono pulite\u2026 limpide!<\/p>\n<p>P: Con le mie mani pulite ho lasciato uccidere la giustizia\u2026 queste mani, come dici tu\u2026 limpide, saranno la mia vergogna\u2026 con le mie mani ho commesso una colpa che ricadr\u00e0 su tutti noi\u2026 ora lo vedo. Mi \u00e8 tutto chiaro.<\/p>\n<p>C: Ma cosa vedi? Stai delirando\u2026 avrai la febbre\u2026 e poi continui a bere e a bere\u2026 sei ubriaco. Vattene a dormire, metti fine a questa giornata.<\/p>\n<p>P: Si, forse ho la febbre. E\u2019 questo caldo maledetto, mi opprime. Lo odio questo clima, lo odio questo paese e odio questa gente\u2026 e quello che mi hanno fatto fare.<\/p>\n<p>Certo che bevo! Come potrei non bere? Voglio bere\u2026 voglio dimenticare\u2026 ma non ci riesco. E\u2019 strano anzi. Pi\u00f9 bevo e pi\u00f9 comprendo, e vedo chiaramente quello che ci aspetta.<\/p>\n<p>C: Ma se non riesci nemmeno a vederti quanto sei patetico, cosa credi di poter predire? Farnetichi, ecco tutto.<\/p>\n<p>P: Tu non hai visto gli occhi di quel uomo\u2026 ora capisco che \u00e8 attraverso quegli occhi che io ho visto quel che ti sto dicendo.<\/p>\n<p>C: Ma certo, gli occhi di un disperato. Ti sarai lasciato suggestionare ed ora ti tornano in mente. Ma come hai potuto poi? Tu che ben altri occhi di uomini terribili, scaltri, pieni di odio e rabbia, furore e terrore hai visto, prima che si chiudessero per sempre per mano tua. Non ti suggestionarono quelli? Non vedesti nulla attraverso loro? Ma come, non te li ricordi pi\u00f9 tutti quegli occhi? Proprio gli occhi di questo derelitto hai scelto per inventarti il tuo dramma?<\/p>\n<p>P: No, non li ricordo pi\u00f9 tutti gli altri occhi. E\u2019 come se non li avessi mai incrociati dopo che gli occhi di quel uomo mi hanno fissato. Perch\u00e9 tu non li hai visti, quegli occhi.<\/p>\n<p>C: Povero ingenuo\u2026 ti credevo pi\u00f9 furbo. Dopo tutto questo tempo mi accorgo di non conoscerti affatto. Lo sai le storie che giravano su di lui no? Probabilmente era un buon ipnotizzatore, ecco spiegato l\u2019arcano.<\/p>\n<p>P: Forse in quelle storie c\u2019era del vero. C\u2019\u00e8 sempre del vero nelle storie che racconta la gente. Le persone mentono, ma la gente dice il vero.<\/p>\n<p>C: Bene, allora c\u2019\u00e8 stato del vero anche nella stessa gente che ne ha chiesto la morte a gran voce. Non ti sovviene come urlavano la loro verit\u00e0 quegli invasati che chiami gente?<\/p>\n<p>P: Si, certo. Le loro grida ancora mi trapassano le orecchie\u2026 ma infatti anche loro pagheranno, e terribilmente.<\/p>\n<p>C: Dunque tutti pagheranno? L\u2019impero, tu, tutti noi, tutti loro\u2026 tutti! Tutti pagheranno per lui? Per un figlio di falegname\u2026<\/p>\n<p>P: Si, perch\u00e9 tu non li hai visti, quegli occhi.<\/p>\n<p>Buoi &#8212;&#8212;&#8212; lentissimo.<\/p>\n<p>Fine del racconto.<\/p>\n<div class=\"pvc_clear\"><\/div>\n<p id=\"pvc_stats_5328\" class=\"pvc_stats all  \" data-element-id=\"5328\" style=\"\"><i class=\"pvc-stats-icon medium\" aria-hidden=\"true\"><svg aria-hidden=\"true\" focusable=\"false\" data-prefix=\"far\" data-icon=\"chart-bar\" role=\"img\" xmlns=\"http:\/\/www.w3.org\/2000\/svg\" viewBox=\"0 0 512 512\" class=\"svg-inline--fa fa-chart-bar fa-w-16 fa-2x\"><path fill=\"currentColor\" d=\"M396.8 352h22.4c6.4 0 12.8-6.4 12.8-12.8V108.8c0-6.4-6.4-12.8-12.8-12.8h-22.4c-6.4 0-12.8 6.4-12.8 12.8v230.4c0 6.4 6.4 12.8 12.8 12.8zm-192 0h22.4c6.4 0 12.8-6.4 12.8-12.8V140.8c0-6.4-6.4-12.8-12.8-12.8h-22.4c-6.4 0-12.8 6.4-12.8 12.8v198.4c0 6.4 6.4 12.8 12.8 12.8zm96 0h22.4c6.4 0 12.8-6.4 12.8-12.8V204.8c0-6.4-6.4-12.8-12.8-12.8h-22.4c-6.4 0-12.8 6.4-12.8 12.8v134.4c0 6.4 6.4 12.8 12.8 12.8zM496 400H48V80c0-8.84-7.16-16-16-16H16C7.16 64 0 71.16 0 80v336c0 17.67 14.33 32 32 32h464c8.84 0 16-7.16 16-16v-16c0-8.84-7.16-16-16-16zm-387.2-48h22.4c6.4 0 12.8-6.4 12.8-12.8v-70.4c0-6.4-6.4-12.8-12.8-12.8h-22.4c-6.4 0-12.8 6.4-12.8 12.8v70.4c0 6.4 6.4 12.8 12.8 12.8z\" class=\"\"><\/path><\/svg><\/i> <img loading=\"lazy\" decoding=\"async\" width=\"16\" height=\"16\" alt=\"Loading\" src=\"https:\/\/www.raccontinellarete.it\/301\/wp-content\/plugins\/page-views-count\/ajax-loader-2x.gif\" border=0 \/><\/p>\n<div class=\"pvc_clear\"><\/div>\n","protected":false},"excerpt":{"rendered":"<p>Scena del racconto: Buio. Un faro illumina il centro del luogo del racconto dove c\u2019\u00e8 una sedia modello \u201csavonarola\u201d. Accanto alla sedia, in terra, una brocca e una coppa d\u2019argento. Personaggi del racconto: &#8211;\u00a0\u00a0\u00a0\u00a0\u00a0\u00a0\u00a0\u00a0\u00a0\u00a0\u00a0\u00a0\u00a0\u00a0\u00a0\u00a0\u00a0\u00a0\u00a0\u00a0 Uomo di mezza et\u00e0. Vestito con tunica bianca. E\u2019 seduto sulla sedia. &#8211;\u00a0\u00a0\u00a0\u00a0\u00a0\u00a0\u00a0\u00a0\u00a0\u00a0\u00a0\u00a0\u00a0\u00a0\u00a0\u00a0\u00a0\u00a0\u00a0\u00a0 Voce femminile fuori dal luogo del racconto. Et\u00e0 [&hellip;]<\/p>\n<div class=\"pvc_clear\"><\/div>\n<p id=\"pvc_stats_5328\" class=\"pvc_stats all  \" data-element-id=\"5328\" style=\"\"><i class=\"pvc-stats-icon medium\" aria-hidden=\"true\"><svg aria-hidden=\"true\" focusable=\"false\" data-prefix=\"far\" data-icon=\"chart-bar\" role=\"img\" xmlns=\"http:\/\/www.w3.org\/2000\/svg\" viewBox=\"0 0 512 512\" class=\"svg-inline--fa fa-chart-bar fa-w-16 fa-2x\"><path fill=\"currentColor\" d=\"M396.8 352h22.4c6.4 0 12.8-6.4 12.8-12.8V108.8c0-6.4-6.4-12.8-12.8-12.8h-22.4c-6.4 0-12.8 6.4-12.8 12.8v230.4c0 6.4 6.4 12.8 12.8 12.8zm-192 0h22.4c6.4 0 12.8-6.4 12.8-12.8V140.8c0-6.4-6.4-12.8-12.8-12.8h-22.4c-6.4 0-12.8 6.4-12.8 12.8v198.4c0 6.4 6.4 12.8 12.8 12.8zm96 0h22.4c6.4 0 12.8-6.4 12.8-12.8V204.8c0-6.4-6.4-12.8-12.8-12.8h-22.4c-6.4 0-12.8 6.4-12.8 12.8v134.4c0 6.4 6.4 12.8 12.8 12.8zM496 400H48V80c0-8.84-7.16-16-16-16H16C7.16 64 0 71.16 0 80v336c0 17.67 14.33 32 32 32h464c8.84 0 16-7.16 16-16v-16c0-8.84-7.16-16-16-16zm-387.2-48h22.4c6.4 0 12.8-6.4 12.8-12.8v-70.4c0-6.4-6.4-12.8-12.8-12.8h-22.4c-6.4 0-12.8 6.4-12.8 12.8v70.4c0 6.4 6.4 12.8 12.8 12.8z\" class=\"\"><\/path><\/svg><\/i> <img loading=\"lazy\" decoding=\"async\" width=\"16\" height=\"16\" alt=\"Loading\" src=\"https:\/\/www.raccontinellarete.it\/301\/wp-content\/plugins\/page-views-count\/ajax-loader-2x.gif\" border=0 \/><\/p>\n<div class=\"pvc_clear\"><\/div>\n","protected":false},"author":1484,"featured_media":0,"comment_status":"open","ping_status":"closed","sticky":false,"template":"","format":"standard","meta":{"footnotes":""},"categories":[14],"tags":[],"class_list":["post-5328","post","type-post","status-publish","format-standard","hentry","category-premio-racconti-nella-rete-2011"],"_links":{"self":[{"href":"https:\/\/www.raccontinellarete.it\/index.php?rest_route=\/wp\/v2\/posts\/5328"}],"collection":[{"href":"https:\/\/www.raccontinellarete.it\/index.php?rest_route=\/wp\/v2\/posts"}],"about":[{"href":"https:\/\/www.raccontinellarete.it\/index.php?rest_route=\/wp\/v2\/types\/post"}],"author":[{"embeddable":true,"href":"https:\/\/www.raccontinellarete.it\/index.php?rest_route=\/wp\/v2\/users\/1484"}],"replies":[{"embeddable":true,"href":"https:\/\/www.raccontinellarete.it\/index.php?rest_route=%2Fwp%2Fv2%2Fcomments&post=5328"}],"version-history":[{"count":3,"href":"https:\/\/www.raccontinellarete.it\/index.php?rest_route=\/wp\/v2\/posts\/5328\/revisions"}],"predecessor-version":[{"id":5336,"href":"https:\/\/www.raccontinellarete.it\/index.php?rest_route=\/wp\/v2\/posts\/5328\/revisions\/5336"}],"wp:attachment":[{"href":"https:\/\/www.raccontinellarete.it\/index.php?rest_route=%2Fwp%2Fv2%2Fmedia&parent=5328"}],"wp:term":[{"taxonomy":"category","embeddable":true,"href":"https:\/\/www.raccontinellarete.it\/index.php?rest_route=%2Fwp%2Fv2%2Fcategories&post=5328"},{"taxonomy":"post_tag","embeddable":true,"href":"https:\/\/www.raccontinellarete.it\/index.php?rest_route=%2Fwp%2Fv2%2Ftags&post=5328"}],"curies":[{"name":"wp","href":"https:\/\/api.w.org\/{rel}","templated":true}]}}