{"id":53067,"date":"2023-12-14T19:48:20","date_gmt":"2023-12-14T18:48:20","guid":{"rendered":"https:\/\/www.raccontinellarete.it\/?p=53067"},"modified":"2023-12-14T19:48:21","modified_gmt":"2023-12-14T18:48:21","slug":"premio-racconti-nella-rete-2024-respiro-di-adele-massi","status":"publish","type":"post","link":"https:\/\/www.raccontinellarete.it\/?p=53067","title":{"rendered":"Premio Racconti nella Rete 2024 &#8220;Respiro&#8221; di Adele Massi"},"content":{"rendered":"\n<p class=\"has-text-align-left\">Ho fatto tutto quello che sognavo di fare. Perfino cose stupide. Per resistere per cinque lunghi mesi. Non volevo farmi sopraffare. Anche se tutto perde senso, si annulla. Neanche la vita fatta in precedenza, vissuta intensamente, aveva pi\u00f9 senso. Mi ero concentrata sulla cura, giorno dopo giorno. Come se il protocollo fosse la mia seconda pelle. Poi ho finito la terapia e sono crollata. Di botto. Mi ha sorpreso. E ora sono in balia di me stessa. Non ho finito. Ho la sensazione che tutto stia cominciando adesso. \u00c8 come se l\u2019incubo stia cominciando ora. La paura che ricominci, che mi riprenda ancora a tradimento. Come la prima volta. La paura di morire, credo. La paura di essere incapace di riaffrontare tutto, di nuovo. Un\u2019immagine si presenta con prepotenza alla mia mente. <\/p>\n\n\n\n<p class=\"has-text-align-left\">Sono sul ciglio di un precipizio, su una montagna alta. L\u2019aria \u00e8 tersa, la luce magnifica. Sono terrorizzata dall\u2019altezza. Guardo sotto e mi sento male. L\u2019atterraggio \u00e8 un francobollo piccolo cos\u00ec. I colori del cielo e dei boschi sono brillanti. Sul pendio che declina bruscamente ci sono decine di parapendii colorati. I piloti sono in attesa che il vento sia favorevole. Sono lunghi momenti d\u2019attesa. Io ho paura. Ho il respiro bloccato. Allaccio il casco e penso. Che ci faccio qui? Non devo pensare al vuoto. Devo fare solo un salto e muovere le gambe. Libero la mente. Mi concentro sul decollo. Non penso al vuoto. Devo saltare. Comincio a correre e mi sento sollevare da uno strappo. Riapro gli occhi. Sono in volo. \u00c8 un volo carnale, plastico, forte, fisico. Volo. Come tutti gli altri. Mi aspettavo il silenzio. Invece il volo \u00e8 pieno di suoni. <\/p>\n\n\n\n<p class=\"has-text-align-left\">Sento il vento che fischia tra le corde, gli uccelli che passano e frusciano. L\u2019aria sul viso mi scompiglia i capelli. Galleggio nel sole, nel fresco degli elementi. Perch\u00e9 ho cos\u00ec tanta paura? Sono quasi a rischio zero di recidiva. Voglio scendere e atterrare e, al tempo stesso, non finirla mai. La morte l\u2019ho sfiorata. Devo accompagnare questo pensiero. Non fare finta di nulla. No, non ce la faccio. Io non ho la forza per riaffrontare tutto questo, non posso. Ho ancora paura? S\u00ec, tanta, ma sto volando e sono contenta. \u00c8 bello, \u00e8 come navigare nell\u2019aria. Vedo i cordini intrecciati. Capisco immediatamente. Molti sono caduti cos\u00ec. Mi posso schiantare. Ho qui le analisi. Perdo quota rapidamente. Sono incapace di parlare. Il respiro si ferma, contraggo lo stomaco. <\/p>\n\n\n\n<p class=\"has-text-align-left\">Mi preparo all\u2019impatto. I cordini sono intrecciati. Altri sono morti. La terra si avvicina in fretta. Riconosco il prato, l\u2019atterraggio, gli altri piloti. Come sono le analisi? Non sono pi\u00f9 malata. Trattengo il respiro. La cassa toracica rimane bloccata. Sono atterrata. Sono illesa. Mi stendo sull\u2019erba a braccia aperte. Guardo il cielo azzurro. Sono viva. Respiro.<\/p>\n\n\n\n<p><\/p>\n<div class=\"pvc_clear\"><\/div><p id=\"pvc_stats_53067\" class=\"pvc_stats all  \" data-element-id=\"53067\" style=\"\"><i class=\"pvc-stats-icon medium\" aria-hidden=\"true\"><svg aria-hidden=\"true\" focusable=\"false\" data-prefix=\"far\" data-icon=\"chart-bar\" role=\"img\" xmlns=\"http:\/\/www.w3.org\/2000\/svg\" viewBox=\"0 0 512 512\" class=\"svg-inline--fa fa-chart-bar fa-w-16 fa-2x\"><path fill=\"currentColor\" d=\"M396.8 352h22.4c6.4 0 12.8-6.4 12.8-12.8V108.8c0-6.4-6.4-12.8-12.8-12.8h-22.4c-6.4 0-12.8 6.4-12.8 12.8v230.4c0 6.4 6.4 12.8 12.8 12.8zm-192 0h22.4c6.4 0 12.8-6.4 12.8-12.8V140.8c0-6.4-6.4-12.8-12.8-12.8h-22.4c-6.4 0-12.8 6.4-12.8 12.8v198.4c0 6.4 6.4 12.8 12.8 12.8zm96 0h22.4c6.4 0 12.8-6.4 12.8-12.8V204.8c0-6.4-6.4-12.8-12.8-12.8h-22.4c-6.4 0-12.8 6.4-12.8 12.8v134.4c0 6.4 6.4 12.8 12.8 12.8zM496 400H48V80c0-8.84-7.16-16-16-16H16C7.16 64 0 71.16 0 80v336c0 17.67 14.33 32 32 32h464c8.84 0 16-7.16 16-16v-16c0-8.84-7.16-16-16-16zm-387.2-48h22.4c6.4 0 12.8-6.4 12.8-12.8v-70.4c0-6.4-6.4-12.8-12.8-12.8h-22.4c-6.4 0-12.8 6.4-12.8 12.8v70.4c0 6.4 6.4 12.8 12.8 12.8z\" class=\"\"><\/path><\/svg><\/i> <img loading=\"lazy\" decoding=\"async\" width=\"16\" height=\"16\" alt=\"Loading\" src=\"https:\/\/www.raccontinellarete.it\/301\/wp-content\/plugins\/page-views-count\/ajax-loader-2x.gif\" border=0 \/><\/p><div class=\"pvc_clear\"><\/div>","protected":false},"excerpt":{"rendered":"<p>Ho fatto tutto quello che sognavo di fare. Perfino cose stupide. Per resistere per cinque lunghi mesi. Non volevo farmi sopraffare. Anche se tutto perde senso, si annulla. Neanche la vita fatta in precedenza, vissuta intensamente, aveva pi\u00f9 senso. Mi ero concentrata sulla cura, giorno dopo giorno. Come se il protocollo fosse la mia seconda [&hellip;]<\/p>\n<div class=\"pvc_clear\"><\/div>\n<p id=\"pvc_stats_53067\" class=\"pvc_stats all  \" data-element-id=\"53067\" style=\"\"><i class=\"pvc-stats-icon medium\" aria-hidden=\"true\"><svg aria-hidden=\"true\" focusable=\"false\" data-prefix=\"far\" data-icon=\"chart-bar\" role=\"img\" xmlns=\"http:\/\/www.w3.org\/2000\/svg\" viewBox=\"0 0 512 512\" class=\"svg-inline--fa fa-chart-bar fa-w-16 fa-2x\"><path fill=\"currentColor\" d=\"M396.8 352h22.4c6.4 0 12.8-6.4 12.8-12.8V108.8c0-6.4-6.4-12.8-12.8-12.8h-22.4c-6.4 0-12.8 6.4-12.8 12.8v230.4c0 6.4 6.4 12.8 12.8 12.8zm-192 0h22.4c6.4 0 12.8-6.4 12.8-12.8V140.8c0-6.4-6.4-12.8-12.8-12.8h-22.4c-6.4 0-12.8 6.4-12.8 12.8v198.4c0 6.4 6.4 12.8 12.8 12.8zm96 0h22.4c6.4 0 12.8-6.4 12.8-12.8V204.8c0-6.4-6.4-12.8-12.8-12.8h-22.4c-6.4 0-12.8 6.4-12.8 12.8v134.4c0 6.4 6.4 12.8 12.8 12.8zM496 400H48V80c0-8.84-7.16-16-16-16H16C7.16 64 0 71.16 0 80v336c0 17.67 14.33 32 32 32h464c8.84 0 16-7.16 16-16v-16c0-8.84-7.16-16-16-16zm-387.2-48h22.4c6.4 0 12.8-6.4 12.8-12.8v-70.4c0-6.4-6.4-12.8-12.8-12.8h-22.4c-6.4 0-12.8 6.4-12.8 12.8v70.4c0 6.4 6.4 12.8 12.8 12.8z\" class=\"\"><\/path><\/svg><\/i> <img loading=\"lazy\" decoding=\"async\" width=\"16\" height=\"16\" alt=\"Loading\" src=\"https:\/\/www.raccontinellarete.it\/301\/wp-content\/plugins\/page-views-count\/ajax-loader-2x.gif\" border=0 \/><\/p>\n<div class=\"pvc_clear\"><\/div>\n","protected":false},"author":27318,"featured_media":0,"comment_status":"open","ping_status":"closed","sticky":false,"template":"","format":"standard","meta":{"footnotes":""},"categories":[676],"tags":[],"class_list":["post-53067","post","type-post","status-publish","format-standard","hentry","category-premio-racconti-nella-rete-2024"],"_links":{"self":[{"href":"https:\/\/www.raccontinellarete.it\/index.php?rest_route=\/wp\/v2\/posts\/53067"}],"collection":[{"href":"https:\/\/www.raccontinellarete.it\/index.php?rest_route=\/wp\/v2\/posts"}],"about":[{"href":"https:\/\/www.raccontinellarete.it\/index.php?rest_route=\/wp\/v2\/types\/post"}],"author":[{"embeddable":true,"href":"https:\/\/www.raccontinellarete.it\/index.php?rest_route=\/wp\/v2\/users\/27318"}],"replies":[{"embeddable":true,"href":"https:\/\/www.raccontinellarete.it\/index.php?rest_route=%2Fwp%2Fv2%2Fcomments&post=53067"}],"version-history":[{"count":2,"href":"https:\/\/www.raccontinellarete.it\/index.php?rest_route=\/wp\/v2\/posts\/53067\/revisions"}],"predecessor-version":[{"id":53070,"href":"https:\/\/www.raccontinellarete.it\/index.php?rest_route=\/wp\/v2\/posts\/53067\/revisions\/53070"}],"wp:attachment":[{"href":"https:\/\/www.raccontinellarete.it\/index.php?rest_route=%2Fwp%2Fv2%2Fmedia&parent=53067"}],"wp:term":[{"taxonomy":"category","embeddable":true,"href":"https:\/\/www.raccontinellarete.it\/index.php?rest_route=%2Fwp%2Fv2%2Fcategories&post=53067"},{"taxonomy":"post_tag","embeddable":true,"href":"https:\/\/www.raccontinellarete.it\/index.php?rest_route=%2Fwp%2Fv2%2Ftags&post=53067"}],"curies":[{"name":"wp","href":"https:\/\/api.w.org\/{rel}","templated":true}]}}