{"id":53023,"date":"2023-12-01T18:53:36","date_gmt":"2023-12-01T17:53:36","guid":{"rendered":"https:\/\/www.raccontinellarete.it\/?p=53023"},"modified":"2023-12-01T19:15:24","modified_gmt":"2023-12-01T18:15:24","slug":"luccautori-a-sanremo-celebra-italo-calvino","status":"publish","type":"post","link":"https:\/\/www.raccontinellarete.it\/?p=53023","title":{"rendered":"LuccAutori a Sanremo celebra Italo Calvino"},"content":{"rendered":"\n<p><strong>Marted\u00ec 5 dicembre alle 16.30 al Casin\u00f2 di Sanremo, il festival LuccAutori celebra Italo Calvino nella serata del Premio Letterario Internazionale Casin\u00f2 di Sanremo Antonio Semeria. Un &nbsp;&#8220;Omaggio a Italo Calvino&#8221; a conclusione dell\u2019anno del centenario.<\/strong><\/p>\n\n\n\n<p>I Marted\u00ec Letterari e il Premio Letterario Internazionale Casin\u00f2 di Sanremo Antonio Semeria, edizione del decennale,&nbsp; presentano l\u2019antologia dedicata alle tematiche calviniane dal titolo: \u201cCamminando sul sentiero dei nidi di Ragno\u201d (De Ferrari). &nbsp;<\/p>\n\n\n\n<p>L\u2019opera, curata da Marzia Taruffi contiene alcuni&nbsp; importanti contributi firmati dal Prof. Francesco Sabatini, dal prof. Francesco De Nicola, dal Prof. Aldo Mola, dallo scrittore Marino Magliani, che hanno affrontato chi l\u2019incontro personale, chi il rapporto con la lingua, chi il pensiero giovanile,&nbsp; originali apporti all\u2019omaggio a Calvino nel centenario dalla nascita. La seconda parte dell\u2019opera contiene gli undici racconti vincitori delle sezioni speciali del Premio Semeria&nbsp; finalizzati alle tematiche calviniane.&nbsp;&nbsp;<\/p>\n\n\n\n<p><strong>A completamento le vignette di illustri disegnatori , che sanciscono il gemellaggio tra LuccAutori e il format Premio letterario Racconti nella Rete con il presidente e direttore artistico Demetrio Brandi.&nbsp; I disegni sono stati presentati al festival LuccAutori nell&#8217;ambito della mostra &#8220;Italo Italo&#8221; a cura di Stefano Giraldi.<\/strong>&nbsp; Saranno presenti il prof. Francesco De Nicola che parler\u00e0 sulla poetica calviniana, il prof. Aldo Mola,&nbsp; lo scrittore Marino Magliani, lo storico Matteo Moraglia, il giornalista e saggista Carlo Sburlati.&nbsp;<\/p>\n\n\n\n<p>\u201cIl Volume, con le sue illustri presenze, che voglio ricordare e ringraziare, il prof. Francesco Sabatini, il prof. Francesco De Nicola, il prof Aldo Mola, lo scrittore Marino Magliani, con l\u2019apporto del presidente di LuccAutori Demetrio Brandi,&nbsp; diviene un omaggio alla poetica del Nostro, rivissuta in un processo di contestualizzazione, in un continuum spazio temporale, costituito da nuove vicende, sensazioni ed immagini, che gli scrittori premiati hanno reinventato sulla strada che porta a San Giovanni.\u201d Sottolinea, dalle pagine dell\u2019opera,&nbsp; il Presidente del Casin\u00f2 e Amministratore Delegato Dott. Gian Carlo Ghinamo con i consiglieri avv. Lucia Artusi e dott. Eugenio Nocita.<\/p>\n\n\n\n<p>Durante l\u2019incontro verr\u00e0 presentato dalla Direttrice&nbsp; Barbara Borsotto il foulard creato dalla casa di Moda Daphn\u00e8 dedicato a Italo&nbsp; Calvino e alla via di San Giovanni, un gioiello che va a completare la collezione di opere in seta che la Maison ha dedicato ai grandi personaggi ed eventi che caratterizzano la Riviera di Ponente&nbsp; e&nbsp; la Costa Azzurra a livello internazionale.<\/p>\n\n\n\n<p>Il&nbsp; prossimo appuntamento con i Marted\u00ec Letterari sar\u00e0 luned\u00ec 11 dicembre ore 18.00 in sala privata. Luigi Bisignani e Paolo Madron presentano l\u2019opera \u201cI potenti al tempo di Giorgia\u201d ( Chiarelettere).<\/p>\n\n\n\n<figure class=\"wp-block-image size-full\"><img loading=\"lazy\" decoding=\"async\" width=\"526\" height=\"789\" src=\"https:\/\/www.raccontinellarete.it\/301\/wp-content\/uploads\/2023\/12\/copertina-de-angelis.jpg\" alt=\"\" class=\"wp-image-53024\" srcset=\"https:\/\/www.raccontinellarete.it\/301\/wp-content\/uploads\/2023\/12\/copertina-de-angelis.jpg 526w, https:\/\/www.raccontinellarete.it\/301\/wp-content\/uploads\/2023\/12\/copertina-de-angelis-167x250.jpg 167w\" sizes=\"(max-width: 526px) 100vw, 526px\" \/><\/figure>\n<div class=\"pvc_clear\"><\/div><p id=\"pvc_stats_53023\" class=\"pvc_stats all  \" data-element-id=\"53023\" style=\"\"><i class=\"pvc-stats-icon medium\" aria-hidden=\"true\"><svg aria-hidden=\"true\" focusable=\"false\" data-prefix=\"far\" data-icon=\"chart-bar\" role=\"img\" xmlns=\"http:\/\/www.w3.org\/2000\/svg\" viewBox=\"0 0 512 512\" class=\"svg-inline--fa fa-chart-bar fa-w-16 fa-2x\"><path fill=\"currentColor\" d=\"M396.8 352h22.4c6.4 0 12.8-6.4 12.8-12.8V108.8c0-6.4-6.4-12.8-12.8-12.8h-22.4c-6.4 0-12.8 6.4-12.8 12.8v230.4c0 6.4 6.4 12.8 12.8 12.8zm-192 0h22.4c6.4 0 12.8-6.4 12.8-12.8V140.8c0-6.4-6.4-12.8-12.8-12.8h-22.4c-6.4 0-12.8 6.4-12.8 12.8v198.4c0 6.4 6.4 12.8 12.8 12.8zm96 0h22.4c6.4 0 12.8-6.4 12.8-12.8V204.8c0-6.4-6.4-12.8-12.8-12.8h-22.4c-6.4 0-12.8 6.4-12.8 12.8v134.4c0 6.4 6.4 12.8 12.8 12.8zM496 400H48V80c0-8.84-7.16-16-16-16H16C7.16 64 0 71.16 0 80v336c0 17.67 14.33 32 32 32h464c8.84 0 16-7.16 16-16v-16c0-8.84-7.16-16-16-16zm-387.2-48h22.4c6.4 0 12.8-6.4 12.8-12.8v-70.4c0-6.4-6.4-12.8-12.8-12.8h-22.4c-6.4 0-12.8 6.4-12.8 12.8v70.4c0 6.4 6.4 12.8 12.8 12.8z\" class=\"\"><\/path><\/svg><\/i> <img loading=\"lazy\" decoding=\"async\" width=\"16\" height=\"16\" alt=\"Loading\" src=\"https:\/\/www.raccontinellarete.it\/301\/wp-content\/plugins\/page-views-count\/ajax-loader-2x.gif\" border=0 \/><\/p><div class=\"pvc_clear\"><\/div>","protected":false},"excerpt":{"rendered":"<p>Marted\u00ec 5 dicembre alle 16.30 al Casin\u00f2 di Sanremo, il festival LuccAutori celebra Italo Calvino nella serata del Premio Letterario Internazionale Casin\u00f2 di Sanremo Antonio Semeria. Un &nbsp;&#8220;Omaggio a Italo Calvino&#8221; a conclusione dell\u2019anno del centenario. I Marted\u00ec Letterari e il Premio Letterario Internazionale Casin\u00f2 di Sanremo Antonio Semeria, edizione del decennale,&nbsp; presentano l\u2019antologia dedicata [&hellip;]<\/p>\n<div class=\"pvc_clear\"><\/div>\n<p id=\"pvc_stats_53023\" class=\"pvc_stats all  \" data-element-id=\"53023\" style=\"\"><i class=\"pvc-stats-icon medium\" aria-hidden=\"true\"><svg aria-hidden=\"true\" focusable=\"false\" data-prefix=\"far\" data-icon=\"chart-bar\" role=\"img\" xmlns=\"http:\/\/www.w3.org\/2000\/svg\" viewBox=\"0 0 512 512\" class=\"svg-inline--fa fa-chart-bar fa-w-16 fa-2x\"><path fill=\"currentColor\" d=\"M396.8 352h22.4c6.4 0 12.8-6.4 12.8-12.8V108.8c0-6.4-6.4-12.8-12.8-12.8h-22.4c-6.4 0-12.8 6.4-12.8 12.8v230.4c0 6.4 6.4 12.8 12.8 12.8zm-192 0h22.4c6.4 0 12.8-6.4 12.8-12.8V140.8c0-6.4-6.4-12.8-12.8-12.8h-22.4c-6.4 0-12.8 6.4-12.8 12.8v198.4c0 6.4 6.4 12.8 12.8 12.8zm96 0h22.4c6.4 0 12.8-6.4 12.8-12.8V204.8c0-6.4-6.4-12.8-12.8-12.8h-22.4c-6.4 0-12.8 6.4-12.8 12.8v134.4c0 6.4 6.4 12.8 12.8 12.8zM496 400H48V80c0-8.84-7.16-16-16-16H16C7.16 64 0 71.16 0 80v336c0 17.67 14.33 32 32 32h464c8.84 0 16-7.16 16-16v-16c0-8.84-7.16-16-16-16zm-387.2-48h22.4c6.4 0 12.8-6.4 12.8-12.8v-70.4c0-6.4-6.4-12.8-12.8-12.8h-22.4c-6.4 0-12.8 6.4-12.8 12.8v70.4c0 6.4 6.4 12.8 12.8 12.8z\" class=\"\"><\/path><\/svg><\/i> <img loading=\"lazy\" decoding=\"async\" width=\"16\" height=\"16\" alt=\"Loading\" src=\"https:\/\/www.raccontinellarete.it\/301\/wp-content\/plugins\/page-views-count\/ajax-loader-2x.gif\" border=0 \/><\/p>\n<div class=\"pvc_clear\"><\/div>\n","protected":false},"author":3,"featured_media":53026,"comment_status":"open","ping_status":"closed","sticky":false,"template":"","format":"standard","meta":{"footnotes":""},"categories":[87,5],"tags":[],"class_list":["post-53023","post","type-post","status-publish","format-standard","has-post-thumbnail","hentry","category-comunicato-stampa","category-racconti-nella-rete"],"_links":{"self":[{"href":"https:\/\/www.raccontinellarete.it\/index.php?rest_route=\/wp\/v2\/posts\/53023"}],"collection":[{"href":"https:\/\/www.raccontinellarete.it\/index.php?rest_route=\/wp\/v2\/posts"}],"about":[{"href":"https:\/\/www.raccontinellarete.it\/index.php?rest_route=\/wp\/v2\/types\/post"}],"author":[{"embeddable":true,"href":"https:\/\/www.raccontinellarete.it\/index.php?rest_route=\/wp\/v2\/users\/3"}],"replies":[{"embeddable":true,"href":"https:\/\/www.raccontinellarete.it\/index.php?rest_route=%2Fwp%2Fv2%2Fcomments&post=53023"}],"version-history":[{"count":2,"href":"https:\/\/www.raccontinellarete.it\/index.php?rest_route=\/wp\/v2\/posts\/53023\/revisions"}],"predecessor-version":[{"id":53027,"href":"https:\/\/www.raccontinellarete.it\/index.php?rest_route=\/wp\/v2\/posts\/53023\/revisions\/53027"}],"wp:featuredmedia":[{"embeddable":true,"href":"https:\/\/www.raccontinellarete.it\/index.php?rest_route=\/wp\/v2\/media\/53026"}],"wp:attachment":[{"href":"https:\/\/www.raccontinellarete.it\/index.php?rest_route=%2Fwp%2Fv2%2Fmedia&parent=53023"}],"wp:term":[{"taxonomy":"category","embeddable":true,"href":"https:\/\/www.raccontinellarete.it\/index.php?rest_route=%2Fwp%2Fv2%2Fcategories&post=53023"},{"taxonomy":"post_tag","embeddable":true,"href":"https:\/\/www.raccontinellarete.it\/index.php?rest_route=%2Fwp%2Fv2%2Ftags&post=53023"}],"curies":[{"name":"wp","href":"https:\/\/api.w.org\/{rel}","templated":true}]}}