{"id":53012,"date":"2023-11-22T20:06:13","date_gmt":"2023-11-22T19:06:13","guid":{"rendered":"https:\/\/www.raccontinellarete.it\/?p=53012"},"modified":"2023-11-22T20:06:14","modified_gmt":"2023-11-22T19:06:14","slug":"giovedi-23-novembre-al-cinema-centrale-di-lucca-proiezione-del-corto-separe","status":"publish","type":"post","link":"https:\/\/www.raccontinellarete.it\/?p=53012","title":{"rendered":"Gioved\u00ec 23 novembre al cinema\u00a0Centrale\u00a0di Lucca\u00a0 proiezione del corto &#8220;Separ\u00e8&#8221;\u00a0"},"content":{"rendered":"\n<p><br><strong>Lucca &#8211; Gioved\u00ec 23 novembre alle 21 al cinema Centrale<\/strong>, grazie all&#8217;ospitalit\u00e0 del Circolo del Cinema di Lucca che lo ha inserito nella sua programmazione, verr\u00e0 proiettato il corto\u00a0 &#8220;<strong>SEPARE&#8217;<\/strong> &#8220;, con\u00a0 Hussein Hazem Reda, Noemi Pasta, Pawel Tadeusz Palus e Caterina Marchetti.\u00a0 \u00a0Regia di Giuseppe Ferlito. Soggetto e sceneggiatura\u00a0 di Piero Fittipaldi, <strong>vincitore della sezione corti\u00a0del 22\u00b0 premio letterario Racconti nella Rete<\/strong>. <\/p>\n\n\n\n<p>Il corto \u00e8 stato prodotto da\u00a0 <strong>LuccAutori\u00a0 e\u00a0 Scuola di Cinema Immagina<\/strong>.\u00a0 \u00a0\u00a0Aiuto regista Giovanni Malik, colonna sonora di Luigi Maria Mennella,\u00a0 assistente alla regia Nadia Mascioli, segretaria di produzione Sabrina Brocchini.\u00a0&#8220;Ringraziamo il Comune e la citt\u00e0 di Lucca che ogni anno ci permettono di realizzare in citt\u00e0 le riprese dei corti vincitori&#8221; &#8211; dice Demetrio Brandi, presidente del premio &#8211;\u00a0 e un particolare ringraziamento va a Ilaria e Rosa per aver messo a disposizione la loro casa per le riprese degli interni.\u00a0\u00a0Si tratta del 14\u00b0 corto girato a Lucca da quando \u00e8 stata creata la nuova sezione nel sito del premio Racconti nella Rete. L&#8217;accoglienza ricevuta al festival LuccAutori ci spinge a proporlo alle manifestazioni pi\u00f9 importanti&#8221;.\u00a0 Il corto precede la proiezione alle 21.15 del film &#8220;Sick of Myself&#8221;, scritto, diretto e montato da Kristoffer Borgli.<strong>\u201cSepar\u00e8\u201d nasce dall\u2019idea che nonostante i tanti mezzi a disposizione, sia sempre pi\u00f9 difficile comunicare in modo \u201creale\u201d \u2013\u00a0dice Piero Fittipaldi, gi\u00e0 vincitore in passato della sezione racconti del premio Racconti nella Rete. \u201cHo voluto immaginare una piccola storia che mette in scena un paradosso trasformando una parete \u2013 oggetto nato per dividere, da cui il\u00a0 separ\u00e8 del titolo \u2013 \u00a0in uno strumento che unisce, avvicina, \u201capre\u201d a un nuovo linguaggio \u201canalogico\u201d.<\/strong>Guido \u00e8 un trentenne tranquillo e silenzioso che vive in un piccolo appartamento. Quando Marta, la nuova inquilina, va ad abitare nell\u2019appartamento adiacente al suo, entrambi scopriranno che la sottile parete che divide i loro due appartamenti diventer\u00e0 un inaspettato mezzo per comunicare nevrosi ed emozioni.\u00a0Piero Fittipaldi, napoletano,\u00a0\u00a0\u00e8 un copywriter pubblicitario, scrive pubblicit\u00e0 da pi\u00f9 di quindici anni, e da un po\u2019 di tempo la insegna. \u201cMi occupo di progetti di comunicazione a tutto tondo, dalla carta stampata al web, dagli spot video a quelli radio\u201d \u2013 dice Fittipaldi. \u201cScrivo perch\u00e9 leggo, e leggo perch\u00e9 la narrativa mi ha fatto vivere mondi straordinari, a cui ogni tanto provo ad aggiungere qualcosa di mio con brevi racconti. Purtroppo non ho il tempo e la costanza per qualcosa di pi\u00f9 lungo e corposo.\u00a0Curiosit\u00e0: sono cos\u00ec affezionato a Racconti nella Rete che da quando sono stato tra i vincitori come autore di racconti, cerco di entrare nell\u2019albo d\u2019oro anche in quello per corti. Finalmente ci sono riuscito. Ma ora l\u2019anno prossimo a cosa partecipo?\u201d<\/p>\n\n\n\n<figure class=\"wp-block-image size-full\"><img loading=\"lazy\" decoding=\"async\" width=\"720\" height=\"618\" src=\"https:\/\/www.raccontinellarete.it\/301\/wp-content\/uploads\/2023\/11\/piero-fittipaldi-e-giuseppe-ferlito-durante-le-riprese-Copia.jpg\" alt=\"\" class=\"wp-image-53013\" srcset=\"https:\/\/www.raccontinellarete.it\/301\/wp-content\/uploads\/2023\/11\/piero-fittipaldi-e-giuseppe-ferlito-durante-le-riprese-Copia.jpg 720w, https:\/\/www.raccontinellarete.it\/301\/wp-content\/uploads\/2023\/11\/piero-fittipaldi-e-giuseppe-ferlito-durante-le-riprese-Copia-291x250.jpg 291w\" sizes=\"(max-width: 720px) 100vw, 720px\" \/><\/figure>\n<div class=\"pvc_clear\"><\/div><p id=\"pvc_stats_53012\" class=\"pvc_stats all  \" data-element-id=\"53012\" style=\"\"><i class=\"pvc-stats-icon medium\" aria-hidden=\"true\"><svg aria-hidden=\"true\" focusable=\"false\" data-prefix=\"far\" data-icon=\"chart-bar\" role=\"img\" xmlns=\"http:\/\/www.w3.org\/2000\/svg\" viewBox=\"0 0 512 512\" class=\"svg-inline--fa fa-chart-bar fa-w-16 fa-2x\"><path fill=\"currentColor\" d=\"M396.8 352h22.4c6.4 0 12.8-6.4 12.8-12.8V108.8c0-6.4-6.4-12.8-12.8-12.8h-22.4c-6.4 0-12.8 6.4-12.8 12.8v230.4c0 6.4 6.4 12.8 12.8 12.8zm-192 0h22.4c6.4 0 12.8-6.4 12.8-12.8V140.8c0-6.4-6.4-12.8-12.8-12.8h-22.4c-6.4 0-12.8 6.4-12.8 12.8v198.4c0 6.4 6.4 12.8 12.8 12.8zm96 0h22.4c6.4 0 12.8-6.4 12.8-12.8V204.8c0-6.4-6.4-12.8-12.8-12.8h-22.4c-6.4 0-12.8 6.4-12.8 12.8v134.4c0 6.4 6.4 12.8 12.8 12.8zM496 400H48V80c0-8.84-7.16-16-16-16H16C7.16 64 0 71.16 0 80v336c0 17.67 14.33 32 32 32h464c8.84 0 16-7.16 16-16v-16c0-8.84-7.16-16-16-16zm-387.2-48h22.4c6.4 0 12.8-6.4 12.8-12.8v-70.4c0-6.4-6.4-12.8-12.8-12.8h-22.4c-6.4 0-12.8 6.4-12.8 12.8v70.4c0 6.4 6.4 12.8 12.8 12.8z\" class=\"\"><\/path><\/svg><\/i> <img loading=\"lazy\" decoding=\"async\" width=\"16\" height=\"16\" alt=\"Loading\" src=\"https:\/\/www.raccontinellarete.it\/301\/wp-content\/plugins\/page-views-count\/ajax-loader-2x.gif\" border=0 \/><\/p><div class=\"pvc_clear\"><\/div>","protected":false},"excerpt":{"rendered":"<p>Lucca &#8211; Gioved\u00ec 23 novembre alle 21 al cinema Centrale, grazie all&#8217;ospitalit\u00e0 del Circolo del Cinema di Lucca che lo ha inserito nella sua programmazione, verr\u00e0 proiettato il corto\u00a0 &#8220;SEPARE&#8217; &#8220;, con\u00a0 Hussein Hazem Reda, Noemi Pasta, Pawel Tadeusz Palus e Caterina Marchetti.\u00a0 \u00a0Regia di Giuseppe Ferlito. Soggetto e sceneggiatura\u00a0 di Piero Fittipaldi, vincitore della [&hellip;]<\/p>\n<div class=\"pvc_clear\"><\/div>\n<p id=\"pvc_stats_53012\" class=\"pvc_stats all  \" data-element-id=\"53012\" style=\"\"><i class=\"pvc-stats-icon medium\" aria-hidden=\"true\"><svg aria-hidden=\"true\" focusable=\"false\" data-prefix=\"far\" data-icon=\"chart-bar\" role=\"img\" xmlns=\"http:\/\/www.w3.org\/2000\/svg\" viewBox=\"0 0 512 512\" class=\"svg-inline--fa fa-chart-bar fa-w-16 fa-2x\"><path fill=\"currentColor\" d=\"M396.8 352h22.4c6.4 0 12.8-6.4 12.8-12.8V108.8c0-6.4-6.4-12.8-12.8-12.8h-22.4c-6.4 0-12.8 6.4-12.8 12.8v230.4c0 6.4 6.4 12.8 12.8 12.8zm-192 0h22.4c6.4 0 12.8-6.4 12.8-12.8V140.8c0-6.4-6.4-12.8-12.8-12.8h-22.4c-6.4 0-12.8 6.4-12.8 12.8v198.4c0 6.4 6.4 12.8 12.8 12.8zm96 0h22.4c6.4 0 12.8-6.4 12.8-12.8V204.8c0-6.4-6.4-12.8-12.8-12.8h-22.4c-6.4 0-12.8 6.4-12.8 12.8v134.4c0 6.4 6.4 12.8 12.8 12.8zM496 400H48V80c0-8.84-7.16-16-16-16H16C7.16 64 0 71.16 0 80v336c0 17.67 14.33 32 32 32h464c8.84 0 16-7.16 16-16v-16c0-8.84-7.16-16-16-16zm-387.2-48h22.4c6.4 0 12.8-6.4 12.8-12.8v-70.4c0-6.4-6.4-12.8-12.8-12.8h-22.4c-6.4 0-12.8 6.4-12.8 12.8v70.4c0 6.4 6.4 12.8 12.8 12.8z\" class=\"\"><\/path><\/svg><\/i> <img loading=\"lazy\" decoding=\"async\" width=\"16\" height=\"16\" alt=\"Loading\" src=\"https:\/\/www.raccontinellarete.it\/301\/wp-content\/plugins\/page-views-count\/ajax-loader-2x.gif\" border=0 \/><\/p>\n<div class=\"pvc_clear\"><\/div>\n","protected":false},"author":3,"featured_media":53013,"comment_status":"open","ping_status":"closed","sticky":false,"template":"","format":"standard","meta":{"footnotes":""},"categories":[87,547,543,5],"tags":[],"class_list":["post-53012","post","type-post","status-publish","format-standard","has-post-thumbnail","hentry","category-comunicato-stampa","category-f-o-r-u-m","category-forum-di-racconti-nella-rete","category-racconti-nella-rete"],"_links":{"self":[{"href":"https:\/\/www.raccontinellarete.it\/index.php?rest_route=\/wp\/v2\/posts\/53012"}],"collection":[{"href":"https:\/\/www.raccontinellarete.it\/index.php?rest_route=\/wp\/v2\/posts"}],"about":[{"href":"https:\/\/www.raccontinellarete.it\/index.php?rest_route=\/wp\/v2\/types\/post"}],"author":[{"embeddable":true,"href":"https:\/\/www.raccontinellarete.it\/index.php?rest_route=\/wp\/v2\/users\/3"}],"replies":[{"embeddable":true,"href":"https:\/\/www.raccontinellarete.it\/index.php?rest_route=%2Fwp%2Fv2%2Fcomments&post=53012"}],"version-history":[{"count":1,"href":"https:\/\/www.raccontinellarete.it\/index.php?rest_route=\/wp\/v2\/posts\/53012\/revisions"}],"predecessor-version":[{"id":53014,"href":"https:\/\/www.raccontinellarete.it\/index.php?rest_route=\/wp\/v2\/posts\/53012\/revisions\/53014"}],"wp:featuredmedia":[{"embeddable":true,"href":"https:\/\/www.raccontinellarete.it\/index.php?rest_route=\/wp\/v2\/media\/53013"}],"wp:attachment":[{"href":"https:\/\/www.raccontinellarete.it\/index.php?rest_route=%2Fwp%2Fv2%2Fmedia&parent=53012"}],"wp:term":[{"taxonomy":"category","embeddable":true,"href":"https:\/\/www.raccontinellarete.it\/index.php?rest_route=%2Fwp%2Fv2%2Fcategories&post=53012"},{"taxonomy":"post_tag","embeddable":true,"href":"https:\/\/www.raccontinellarete.it\/index.php?rest_route=%2Fwp%2Fv2%2Ftags&post=53012"}],"curies":[{"name":"wp","href":"https:\/\/api.w.org\/{rel}","templated":true}]}}