{"id":53004,"date":"2023-11-21T15:44:26","date_gmt":"2023-11-21T14:44:26","guid":{"rendered":"http:\/\/www.raccontinellarete.it\/?p=53004"},"modified":"2023-11-21T15:44:28","modified_gmt":"2023-11-21T14:44:28","slug":"premio-racconti-nella-rete-2024-nodo-scorsoio-di-paola-fabbri","status":"publish","type":"post","link":"https:\/\/www.raccontinellarete.it\/?p=53004","title":{"rendered":"Premio Racconti nella Rete 2024 &#8220;Nodo Scorsoio&#8221; di Paola Fabbri"},"content":{"rendered":"\n<p>Tutti i nodi vengono al pettine! I proverbi e i detti popolari su di me hanno sempre avuto una gran presa e continuano a farlo. Poi sapete io i nodi al pettine l\u00ec conosco bene, perch\u00e9\u00a0 con i capelli stile afro che mi ritrovo ce ne sono venuti a migliaia a incastrarsi nel pettine nel corso della mia vita soprattutto quando la mia chioma era foltissima e lunga da coprirmi la schiena fino alle vertebre lombari. Io mi posso pettinare solo quando li lavo questi capelli, altrimenti sarei rimasta calva e a oggi li tengo corti proprio perch\u00e9 quelle vertebre che ho menzionato prima e le cervicali, non riuscirebbero pi\u00f9 a tollerare il tempo che impiegavo per sbrogliare la matassa dei capelli che ricopriva la mia testa e si adagiava lungo la schiena. <\/p>\n\n\n\n<p>Quella posizione a capo chino, come se chiedessi indulgenza per ogni nodo sciolto, come se stessi l\u00ec a espiare mentre mi prendevo cura della mia testa mi catapulta in una dimensione parallela: in uno scenario dove l&#8217;azione nella materia di sciogliere i nodi fa s\u00ec che me ne produca uno grosso in gola, che appena lo sento mi fa sbarrare gli occhi! Un po&#8217; per osservare meglio e comprendere come mai \u00e8 arrivata quella sensazione di soffocamento e commozione, un po&#8217; per capire che sensazaione \u00e8. Allora sempre in parallelo nelle dimensioni da dentro a fuori e viceversa, mi sento un cappio intorno al collo che ha un vigoroso nodo scorsoio, cos\u00ec stretto e saldo che mi blocca l\u00ec in quel preciso momento e che vuole che i miei pensieri e movimenti siano altrettanto precisi e cauti, perch\u00e9 a seconda di come mi muovo ci posso restare secca. Eppure sono qui a usare acqua e balsami per favorire il processo di dissolvimento, a modulare i movimenti con il pettine perch\u00e9 si sfacciano quei nodi, non \u00e8 poi un ambiente cos\u00ec arido! Anzi c&#8217;\u00e8 del viscidume e mentre pettino, i nodi da sotto la nuca scivolano\u00a0 in basso gi\u00f9 per la lunghezza dei capelli e qualcuno si dissolve, portando via dalla chioma un groviglietto di lunghi peli neri, che metto da una parte sul lavandino ad aspettare che abbia finito il lavoro.<\/p>\n\n\n\n<p>Mi alzo un po&#8217; pianino do sollievo alla spina e guardo quel mucchietto nero che ho iniziato ad accumulare per poi essere buttato via, reso.<\/p>\n\n\n\n<p>Faccio piano perch\u00e9 il cappio \u00e8 attaccato da qualche parte, sembra direzionato da essenze che hanno e non hanno a che fare con me e cerco di identificare l&#8217; emozione che prima ho guardato con gli occhi sgranati ed ecco che riconosco, mi rinvengo! Sono stata sorpresa dalla paura, respiro, un sollievo mi agevola a continuare a pettinare, un briciolo di sicurezza che detrona subito la paura dal centro della scena e comincio a schernirla\u2026-&#8221; Eh no cara mia! Non sei tu oggi la protagonista, sei falsa, menzognera e boriosa! Non ti lascio prima attrice, sei solo una maschera! Io lo so che c&#8217;\u00e8 dietro, l&#8217;ho scovata! L&#8217;ho sentita mi ha parlato, mi ha voluto intaccare con tutta la sua violenza subdola e silente, ma oggi l&#8217;ho intesa, forza avanti vieni allo scoperto!&#8221;<\/p>\n\n\n\n<p>Si presenta lenta lenta e titubante, si presenta rannicchiata, deforme e ingarbugliata come i ciuffi di capelli morti sul lavandino. Nonostante gli scrolloni del cappio; come fossero avvertimenti, sento dal profondo la rabbia che mi si inietta negli occhi, mi fa accelerare a respirare; il cappio stringe \u00e8 comandato, ma la rabbia mi aiuta mi divincolo e la nomino: -&#8221; Vergogna!&#8221;- . Ecco ora sei sotto i riflettori e la luce ti brucia, lo stesso effetto dicono che faccia ai vampiri ma, oltre a lei non ne ho incontrati o non lo ricordo al momento.<\/p>\n\n\n\n<p>Anche perch\u00e9 lei la vergogna \u00e8 una grande regista, da il ruolo a tutti: all&#8217;insicurezza il principale, che mina ogni mio passo perch\u00e9 mi vengono e da insicura tentenno e mi impaurisco e commetto errori e fraintendimenti che avrei voluto evitare. Allora nel suo copione ci mette l&#8217; ansia che mi prende perch\u00e9 voglio riparare, sottrarre a quel male gli altri le persone preziose che voglio solo proteggere, voglio vedere esprimersi, voglio essere libera di amare, con tutti i rischi, a tutti i costi.<\/p>\n\n\n\n<p>Rilancia, mette sul piatto il rifiuto \u00e8 diventata una partita a carte e vede e adesso ha trasformato la paura in terrore, che bastarda!<\/p>\n\n\n\n<p>Affanno, controllo, respiro iniziano i mantra mi dominano la rabbia che senn\u00f2 si tramuta anche lei <em>e <\/em>in distruzione. E da vampa torna tizzoni, c&#8217;\u00e8 un&#8217; atmosfera rossa, rosa e arancione come davanti al fuoco con nonna Iole che conta novelle e dice proverbi, mentre si gioca una mano a carte; sta a me a calare. Metto una mano sul cappio lo fermo, do io l&#8217;oscillazione, butto gi\u00f9 l&#8217;appeso che in quella posizione ci sa stare, prendo con le molle un tizzone governo il fuoco di preparazione per ardere quei ciuffi di vergogna e vederli bruciare di modo da liberare l&#8217; amore che si \u00e8 ammalato per perdonare un abbandono lontano, vissuto come un&#8217;ingiustizia, un tradimento. La vorrei torturare le vorrei fare innumerevoli cicatrici con i tizzoni e sentirla urlare, ma ho imparato qualcosa da lei, la terr\u00f2 l\u00ec da usare a dosi infinitesimali, a mio pieno piacimento per i rapporti sociali e tenere a bada l&#8217;impeto di dire quello che penso quando non \u00e8 autentico, la tengo l\u00ec la vergogna per evitare di evitare e svilire i miei simili, ci voglio riuscire. Allora mi avr\u00e0 suo malgrado insegnato un po&#8217; ad amare.<\/p>\n\n\n\n<p>I nodi dai capelli per oggi li ho levati e si \u00e8 formato un nido, mi faccio un turbante in testa, mi guardo negli occhi allo specchio, prendo i capelli e prima di buttarli nel cestino li guardo e mi chiedo da dove vengono, penso se nella mia linea di famiglia ci sia stato qualche schiavo nero deportato, incatenato al collo, venduto, violato, torturato, picchiato, triste, tanto triste per tutto questo, schiacciato, usato, terrorizzato, monetizzato, deriso, qualcuno che la vergogna avesse ucciso dentro, mentre lui portava semplicemente con se tanta ingenuit\u00e0,&nbsp; buona fede, forse ignoranza ecc\u2026Ho pensato che la mia vergogna potesse essere stata sua e che mi arrivasse da l\u00ec.<\/p>\n\n\n\n<p>In questo ultimo periodo per i miei capelli, nonostante adesso siano corti e decisamente convinti a comportarsi come gli pare, provo un amore di madre, provo l&#8217;orgoglio delle mamme di sperimentare l&#8217; amore incondizionato e lo mando a quel mio avo schiavo nero deportato e usurpato in ogni parte del suo essere che, con grande generosit\u00e0, vorrei dire misericordia, mi sussurra dentro da lontano che a tutto questo,( all&#8217;amore mancato, alla trascuratezza, il menefreghismo, la manipolazione, alla cattiveria che magari per sensibilit\u00e0 si pu\u00f2 percepire dall&#8217; esterno, ma che risuona dentro),si pu\u00f2 provare a rispondere iniziando a avere un po&#8217; di compassione per se stessi e provo ad iniziarmi ad amare . Fanculo vergogna!!!! Con immensa gratitudine. Grazie.<\/p>\n\n\n\n<p><\/p>\n\n\n\n<p><\/p>\n<div class=\"pvc_clear\"><\/div><p id=\"pvc_stats_53004\" class=\"pvc_stats all  \" data-element-id=\"53004\" style=\"\"><i class=\"pvc-stats-icon medium\" aria-hidden=\"true\"><svg aria-hidden=\"true\" focusable=\"false\" data-prefix=\"far\" data-icon=\"chart-bar\" role=\"img\" xmlns=\"http:\/\/www.w3.org\/2000\/svg\" viewBox=\"0 0 512 512\" class=\"svg-inline--fa fa-chart-bar fa-w-16 fa-2x\"><path fill=\"currentColor\" d=\"M396.8 352h22.4c6.4 0 12.8-6.4 12.8-12.8V108.8c0-6.4-6.4-12.8-12.8-12.8h-22.4c-6.4 0-12.8 6.4-12.8 12.8v230.4c0 6.4 6.4 12.8 12.8 12.8zm-192 0h22.4c6.4 0 12.8-6.4 12.8-12.8V140.8c0-6.4-6.4-12.8-12.8-12.8h-22.4c-6.4 0-12.8 6.4-12.8 12.8v198.4c0 6.4 6.4 12.8 12.8 12.8zm96 0h22.4c6.4 0 12.8-6.4 12.8-12.8V204.8c0-6.4-6.4-12.8-12.8-12.8h-22.4c-6.4 0-12.8 6.4-12.8 12.8v134.4c0 6.4 6.4 12.8 12.8 12.8zM496 400H48V80c0-8.84-7.16-16-16-16H16C7.16 64 0 71.16 0 80v336c0 17.67 14.33 32 32 32h464c8.84 0 16-7.16 16-16v-16c0-8.84-7.16-16-16-16zm-387.2-48h22.4c6.4 0 12.8-6.4 12.8-12.8v-70.4c0-6.4-6.4-12.8-12.8-12.8h-22.4c-6.4 0-12.8 6.4-12.8 12.8v70.4c0 6.4 6.4 12.8 12.8 12.8z\" class=\"\"><\/path><\/svg><\/i> <img loading=\"lazy\" decoding=\"async\" width=\"16\" height=\"16\" alt=\"Loading\" src=\"https:\/\/www.raccontinellarete.it\/301\/wp-content\/plugins\/page-views-count\/ajax-loader-2x.gif\" border=0 \/><\/p><div class=\"pvc_clear\"><\/div>","protected":false},"excerpt":{"rendered":"<p>Tutti i nodi vengono al pettine! I proverbi e i detti popolari su di me hanno sempre avuto una gran presa e continuano a farlo. Poi sapete io i nodi al pettine l\u00ec conosco bene, perch\u00e9\u00a0 con i capelli stile afro che mi ritrovo ce ne sono venuti a migliaia a incastrarsi nel pettine nel [&hellip;]<\/p>\n<div class=\"pvc_clear\"><\/div>\n<p id=\"pvc_stats_53004\" class=\"pvc_stats all  \" data-element-id=\"53004\" style=\"\"><i class=\"pvc-stats-icon medium\" aria-hidden=\"true\"><svg aria-hidden=\"true\" focusable=\"false\" data-prefix=\"far\" data-icon=\"chart-bar\" role=\"img\" xmlns=\"http:\/\/www.w3.org\/2000\/svg\" viewBox=\"0 0 512 512\" class=\"svg-inline--fa fa-chart-bar fa-w-16 fa-2x\"><path fill=\"currentColor\" d=\"M396.8 352h22.4c6.4 0 12.8-6.4 12.8-12.8V108.8c0-6.4-6.4-12.8-12.8-12.8h-22.4c-6.4 0-12.8 6.4-12.8 12.8v230.4c0 6.4 6.4 12.8 12.8 12.8zm-192 0h22.4c6.4 0 12.8-6.4 12.8-12.8V140.8c0-6.4-6.4-12.8-12.8-12.8h-22.4c-6.4 0-12.8 6.4-12.8 12.8v198.4c0 6.4 6.4 12.8 12.8 12.8zm96 0h22.4c6.4 0 12.8-6.4 12.8-12.8V204.8c0-6.4-6.4-12.8-12.8-12.8h-22.4c-6.4 0-12.8 6.4-12.8 12.8v134.4c0 6.4 6.4 12.8 12.8 12.8zM496 400H48V80c0-8.84-7.16-16-16-16H16C7.16 64 0 71.16 0 80v336c0 17.67 14.33 32 32 32h464c8.84 0 16-7.16 16-16v-16c0-8.84-7.16-16-16-16zm-387.2-48h22.4c6.4 0 12.8-6.4 12.8-12.8v-70.4c0-6.4-6.4-12.8-12.8-12.8h-22.4c-6.4 0-12.8 6.4-12.8 12.8v70.4c0 6.4 6.4 12.8 12.8 12.8z\" class=\"\"><\/path><\/svg><\/i> <img loading=\"lazy\" decoding=\"async\" width=\"16\" height=\"16\" alt=\"Loading\" src=\"https:\/\/www.raccontinellarete.it\/301\/wp-content\/plugins\/page-views-count\/ajax-loader-2x.gif\" border=0 \/><\/p>\n<div class=\"pvc_clear\"><\/div>\n","protected":false},"author":27189,"featured_media":0,"comment_status":"open","ping_status":"closed","sticky":false,"template":"","format":"standard","meta":{"footnotes":""},"categories":[676],"tags":[],"class_list":["post-53004","post","type-post","status-publish","format-standard","hentry","category-premio-racconti-nella-rete-2024"],"_links":{"self":[{"href":"https:\/\/www.raccontinellarete.it\/index.php?rest_route=\/wp\/v2\/posts\/53004"}],"collection":[{"href":"https:\/\/www.raccontinellarete.it\/index.php?rest_route=\/wp\/v2\/posts"}],"about":[{"href":"https:\/\/www.raccontinellarete.it\/index.php?rest_route=\/wp\/v2\/types\/post"}],"author":[{"embeddable":true,"href":"https:\/\/www.raccontinellarete.it\/index.php?rest_route=\/wp\/v2\/users\/27189"}],"replies":[{"embeddable":true,"href":"https:\/\/www.raccontinellarete.it\/index.php?rest_route=%2Fwp%2Fv2%2Fcomments&post=53004"}],"version-history":[{"count":3,"href":"https:\/\/www.raccontinellarete.it\/index.php?rest_route=\/wp\/v2\/posts\/53004\/revisions"}],"predecessor-version":[{"id":53009,"href":"https:\/\/www.raccontinellarete.it\/index.php?rest_route=\/wp\/v2\/posts\/53004\/revisions\/53009"}],"wp:attachment":[{"href":"https:\/\/www.raccontinellarete.it\/index.php?rest_route=%2Fwp%2Fv2%2Fmedia&parent=53004"}],"wp:term":[{"taxonomy":"category","embeddable":true,"href":"https:\/\/www.raccontinellarete.it\/index.php?rest_route=%2Fwp%2Fv2%2Fcategories&post=53004"},{"taxonomy":"post_tag","embeddable":true,"href":"https:\/\/www.raccontinellarete.it\/index.php?rest_route=%2Fwp%2Fv2%2Ftags&post=53004"}],"curies":[{"name":"wp","href":"https:\/\/api.w.org\/{rel}","templated":true}]}}