{"id":52591,"date":"2023-10-11T18:06:02","date_gmt":"2023-10-11T17:06:02","guid":{"rendered":"http:\/\/www.raccontinellarete.it\/?p=52591"},"modified":"2023-10-11T18:41:03","modified_gmt":"2023-10-11T17:41:03","slug":"partecipa-anche-tu-alla-23-edizione-del-premio-racconti-nella-rete-iscrizioni-nel-sito-raccontinellarete-it","status":"publish","type":"post","link":"https:\/\/www.raccontinellarete.it\/?p=52591","title":{"rendered":"Partecipa anche tu al 23\u00b0 Premio Racconti nella Rete. Iscrizioni su raccontinellarete.it"},"content":{"rendered":"\n<p><strong>Al via la 23^ edizione del Premio Letterario \u201cRacconti nelle Rete\u201d.<\/strong> Un concorso nazionale che permette di pubblicare in rete un racconto breve o un soggetto per corti con la semplice registrazione&nbsp; nel sito&nbsp;<a href=\"https:\/\/www.raccontinellarete.it\">www.raccontinellarete.it<\/a>. Nato da un\u2019idea del giornalista Demetrio Brandi, il Premio Racconti nella Rete \u00e8 collegato al <strong>30\u00b0 Festival letterario LuccAutori <\/strong>in programma a Lucca nel mese di ottobre. <\/p>\n\n\n\n<p><strong>I 25 vincitori saranno pubblicati nell\u2019antologia edita da Castelvecchi.<\/strong>&nbsp; Il premio letterario si sviluppa fino al 31 maggio 2024 nel sito&nbsp;www.raccontinellarete.it&nbsp;, dove gli scrittori possono pubblicare i loro racconti oltre che leggerli e commentarli. Numerosi sono gli appuntamenti con il premio e gli scrittori vincitori in programma nelle pi\u00f9 importanti citt\u00e0 italiane. Un calendario che trovate nel sito del concorso.&nbsp; Si tratta di una vetrina d\u2019autore. <\/p>\n\n\n\n<p>Possono partecipare al Premio tutti coloro che hanno un racconto inedito, oppure un soggetto per la sezione Corti. Racconti nella Rete vuole essere un\u2019opportunit\u00e0 di espressione e confronto fra aspiranti scrittori pi\u00f9 o meno giovani. In una sorta di agor\u00e0 virtuale, tutti trovano infatti lo spazio privilegiato per dar voce alle proprie fantasie, memorie o sogni, per cimentarsi nella scrittura creativa e per saggiare il valore e la qualit\u00e0 del proprio lavoro, incontrando talenti sconosciuti o confrontandosi immediatamente con i diversi stili narrativi, generi e contenuti.&nbsp; <\/p>\n\n\n\n<p>Gli autori fino ai 25 anni di et\u00e0 potranno usufruire di uno sconto di dieci euro sulla quota di partecipazione al premio. Molti tra gli autori pubblicati in questi anni nelle antologie hanno ottenuto brillanti risultati in campo letterario. E\u2019 importante ricordare che il giornale Budu\u00e0r assegner\u00e0 un premio al miglior racconto umoristico mentre la Fondazione AIDR , con una promozione capillare, coinvolger\u00e0 le scuole primarie e secondarie di tutta Italia. <\/p>\n\n\n\n<p><strong>Per partecipare basta registrarsi e leggere il regolamento pubblicato nel sito&nbsp;www.raccontinellarete.it<\/strong>.&nbsp;Il racconto, a tema libero, non dovr\u00e0 superare le cinque cartelle di testo: se l\u2019elaborato sar\u00e0 ritenuto interessante verr\u00e0 subito inserito nel sito.<\/p>\n\n\n\n<p>Per informazioni tel. 0584651874 <a href=\"mailto:info@raccontinellarete.it\">info@raccontinellarete.it<\/a> \u00a0<\/p>\n\n\n\n<p><em>Nella foto Margherita Allegri, autrice della copertina di Racconti nella Rete 2023<\/em><\/p>\n\n\n\n<figure class=\"wp-block-image size-large is-resized\"><img loading=\"lazy\" decoding=\"async\" src=\"https:\/\/www.raccontinellarete.it\/301\/wp-content\/uploads\/2023\/10\/DSC_7875-1024x680.jpg\" alt=\"\" class=\"wp-image-52596\" style=\"width:840px;height:558px\" width=\"840\" height=\"558\" srcset=\"https:\/\/www.raccontinellarete.it\/301\/wp-content\/uploads\/2023\/10\/DSC_7875-1024x680.jpg 1024w, https:\/\/www.raccontinellarete.it\/301\/wp-content\/uploads\/2023\/10\/DSC_7875-344x228.jpg 344w, https:\/\/www.raccontinellarete.it\/301\/wp-content\/uploads\/2023\/10\/DSC_7875-768x510.jpg 768w, https:\/\/www.raccontinellarete.it\/301\/wp-content\/uploads\/2023\/10\/DSC_7875.jpg 1280w\" sizes=\"(max-width: 840px) 100vw, 840px\" \/><\/figure>\n<div class=\"pvc_clear\"><\/div><p id=\"pvc_stats_52591\" class=\"pvc_stats all  \" data-element-id=\"52591\" style=\"\"><i class=\"pvc-stats-icon medium\" aria-hidden=\"true\"><svg aria-hidden=\"true\" focusable=\"false\" data-prefix=\"far\" data-icon=\"chart-bar\" role=\"img\" xmlns=\"http:\/\/www.w3.org\/2000\/svg\" viewBox=\"0 0 512 512\" class=\"svg-inline--fa fa-chart-bar fa-w-16 fa-2x\"><path fill=\"currentColor\" d=\"M396.8 352h22.4c6.4 0 12.8-6.4 12.8-12.8V108.8c0-6.4-6.4-12.8-12.8-12.8h-22.4c-6.4 0-12.8 6.4-12.8 12.8v230.4c0 6.4 6.4 12.8 12.8 12.8zm-192 0h22.4c6.4 0 12.8-6.4 12.8-12.8V140.8c0-6.4-6.4-12.8-12.8-12.8h-22.4c-6.4 0-12.8 6.4-12.8 12.8v198.4c0 6.4 6.4 12.8 12.8 12.8zm96 0h22.4c6.4 0 12.8-6.4 12.8-12.8V204.8c0-6.4-6.4-12.8-12.8-12.8h-22.4c-6.4 0-12.8 6.4-12.8 12.8v134.4c0 6.4 6.4 12.8 12.8 12.8zM496 400H48V80c0-8.84-7.16-16-16-16H16C7.16 64 0 71.16 0 80v336c0 17.67 14.33 32 32 32h464c8.84 0 16-7.16 16-16v-16c0-8.84-7.16-16-16-16zm-387.2-48h22.4c6.4 0 12.8-6.4 12.8-12.8v-70.4c0-6.4-6.4-12.8-12.8-12.8h-22.4c-6.4 0-12.8 6.4-12.8 12.8v70.4c0 6.4 6.4 12.8 12.8 12.8z\" class=\"\"><\/path><\/svg><\/i> <img loading=\"lazy\" decoding=\"async\" width=\"16\" height=\"16\" alt=\"Loading\" src=\"https:\/\/www.raccontinellarete.it\/301\/wp-content\/plugins\/page-views-count\/ajax-loader-2x.gif\" border=0 \/><\/p><div class=\"pvc_clear\"><\/div>","protected":false},"excerpt":{"rendered":"<p>Al via la 23^ edizione del Premio Letterario \u201cRacconti nelle Rete\u201d. Un concorso nazionale che permette di pubblicare in rete un racconto breve o un soggetto per corti con la semplice registrazione&nbsp; nel sito&nbsp;www.raccontinellarete.it. Nato da un\u2019idea del giornalista Demetrio Brandi, il Premio Racconti nella Rete \u00e8 collegato al 30\u00b0 Festival letterario LuccAutori in programma [&hellip;]<\/p>\n<div class=\"pvc_clear\"><\/div>\n<p id=\"pvc_stats_52591\" class=\"pvc_stats all  \" data-element-id=\"52591\" style=\"\"><i class=\"pvc-stats-icon medium\" aria-hidden=\"true\"><svg aria-hidden=\"true\" focusable=\"false\" data-prefix=\"far\" data-icon=\"chart-bar\" role=\"img\" xmlns=\"http:\/\/www.w3.org\/2000\/svg\" viewBox=\"0 0 512 512\" class=\"svg-inline--fa fa-chart-bar fa-w-16 fa-2x\"><path fill=\"currentColor\" d=\"M396.8 352h22.4c6.4 0 12.8-6.4 12.8-12.8V108.8c0-6.4-6.4-12.8-12.8-12.8h-22.4c-6.4 0-12.8 6.4-12.8 12.8v230.4c0 6.4 6.4 12.8 12.8 12.8zm-192 0h22.4c6.4 0 12.8-6.4 12.8-12.8V140.8c0-6.4-6.4-12.8-12.8-12.8h-22.4c-6.4 0-12.8 6.4-12.8 12.8v198.4c0 6.4 6.4 12.8 12.8 12.8zm96 0h22.4c6.4 0 12.8-6.4 12.8-12.8V204.8c0-6.4-6.4-12.8-12.8-12.8h-22.4c-6.4 0-12.8 6.4-12.8 12.8v134.4c0 6.4 6.4 12.8 12.8 12.8zM496 400H48V80c0-8.84-7.16-16-16-16H16C7.16 64 0 71.16 0 80v336c0 17.67 14.33 32 32 32h464c8.84 0 16-7.16 16-16v-16c0-8.84-7.16-16-16-16zm-387.2-48h22.4c6.4 0 12.8-6.4 12.8-12.8v-70.4c0-6.4-6.4-12.8-12.8-12.8h-22.4c-6.4 0-12.8 6.4-12.8 12.8v70.4c0 6.4 6.4 12.8 12.8 12.8z\" class=\"\"><\/path><\/svg><\/i> <img loading=\"lazy\" decoding=\"async\" width=\"16\" height=\"16\" alt=\"Loading\" src=\"https:\/\/www.raccontinellarete.it\/301\/wp-content\/plugins\/page-views-count\/ajax-loader-2x.gif\" border=0 \/><\/p>\n<div class=\"pvc_clear\"><\/div>\n","protected":false},"author":3,"featured_media":52596,"comment_status":"open","ping_status":"closed","sticky":false,"template":"","format":"standard","meta":{"footnotes":""},"categories":[87,547,543,5],"tags":[],"class_list":["post-52591","post","type-post","status-publish","format-standard","has-post-thumbnail","hentry","category-comunicato-stampa","category-f-o-r-u-m","category-forum-di-racconti-nella-rete","category-racconti-nella-rete"],"_links":{"self":[{"href":"https:\/\/www.raccontinellarete.it\/index.php?rest_route=\/wp\/v2\/posts\/52591"}],"collection":[{"href":"https:\/\/www.raccontinellarete.it\/index.php?rest_route=\/wp\/v2\/posts"}],"about":[{"href":"https:\/\/www.raccontinellarete.it\/index.php?rest_route=\/wp\/v2\/types\/post"}],"author":[{"embeddable":true,"href":"https:\/\/www.raccontinellarete.it\/index.php?rest_route=\/wp\/v2\/users\/3"}],"replies":[{"embeddable":true,"href":"https:\/\/www.raccontinellarete.it\/index.php?rest_route=%2Fwp%2Fv2%2Fcomments&post=52591"}],"version-history":[{"count":5,"href":"https:\/\/www.raccontinellarete.it\/index.php?rest_route=\/wp\/v2\/posts\/52591\/revisions"}],"predecessor-version":[{"id":52602,"href":"https:\/\/www.raccontinellarete.it\/index.php?rest_route=\/wp\/v2\/posts\/52591\/revisions\/52602"}],"wp:featuredmedia":[{"embeddable":true,"href":"https:\/\/www.raccontinellarete.it\/index.php?rest_route=\/wp\/v2\/media\/52596"}],"wp:attachment":[{"href":"https:\/\/www.raccontinellarete.it\/index.php?rest_route=%2Fwp%2Fv2%2Fmedia&parent=52591"}],"wp:term":[{"taxonomy":"category","embeddable":true,"href":"https:\/\/www.raccontinellarete.it\/index.php?rest_route=%2Fwp%2Fv2%2Fcategories&post=52591"},{"taxonomy":"post_tag","embeddable":true,"href":"https:\/\/www.raccontinellarete.it\/index.php?rest_route=%2Fwp%2Fv2%2Ftags&post=52591"}],"curies":[{"name":"wp","href":"https:\/\/api.w.org\/{rel}","templated":true}]}}