{"id":52473,"date":"2023-09-07T18:17:46","date_gmt":"2023-09-07T17:17:46","guid":{"rendered":"http:\/\/www.raccontinellarete.it\/?p=52473"},"modified":"2023-09-07T18:25:24","modified_gmt":"2023-09-07T17:25:24","slug":"29-festival-luccautori-22-premio-racconti-nella-rete","status":"publish","type":"post","link":"https:\/\/www.raccontinellarete.it\/?p=52473","title":{"rendered":"29\u00b0 Festival LuccAutori &#8211;\u00a0 22\u00b0 Premio Racconti nella Rete"},"content":{"rendered":"\n<p><\/p>\n\n\n\n<p><strong>Lucca, 16&nbsp; SETTEMBRE &#8211; 1 OTTOBRE 2023<\/strong><\/p>\n\n\n\n<p><strong>Adriana Pannitteri, Marco Frittella, Roberta Bruzzone, Federica Nardoni, Simona Dalla Chiesa, Diego Lama, Lido Contemori, Margherita Allegri, Eleonora Sottili, Stefano Redaelli<\/strong> sono alcuni tra i protagonisti&nbsp; della ventinovesima edizione del festival LuccAutori, in programma a Lucca dal 16 settembre al 1 ottobre, abbinato alla ventiduesima edizione del Premio letterario Racconti nella Rete. Il festival \u00e8 diretto da Demetrio Brandi, conduce gli incontri&nbsp;Elena Marchini.<\/p>\n\n\n\n<p><strong>Il calendario prevede la premiazione dei vincitori del premio Racconti nella Rete<\/strong> (venticinque scrittori provenienti da tutta Italia) e la partecipazione di noti personaggi del mondo della cultura e dello spettacolo. Gli incontri si terranno presso Biblioteca civica Agor\u00e0, Cinema Roma a Barga, Palazzo Bernardini e gran finale a Villa Bottini dove saranno anche allestite due mostre di arte contemporanea.<\/p>\n\n\n\n<p><a><\/a>Il festival LuccAutori \u00e8 sostenuto dal Comune di Lucca, con il patrocinio della Regione Toscana, Provincia di Lucca, RAI, sotto gli auspici del Centro per il libro e la cultura. Proseguono le importanti collaborazioni culturali con la Fondazione Mario Tobino, Rotary Club Lucca, Fondazione Giovanni Pascoli, Cesvot, Strada del vino e dell\u2019olio di Lucca, Montecarlo e Versilia, Fondazione Italian Digital Revolution, giornale Budu\u00e0r, Happyin, Premio letterario Casin\u00f2 di Sanremo \u201cAntonio Semeria\u201d. E con il contributo della Fondazione Banca del Monte di Lucca, Fondazione Cassa di Risparmio di Lucca, Unicoopfirenze, Caff\u00e8 Incas.<\/p>\n\n\n\n<p>\u201c<strong>LuccAutori festeggia i ventidue anni di Racconti nella Rete\u201d<\/strong> \u2013 dice il presidente Demetrio Brandi.&nbsp; \u201cUn festival, LuccAutori, nato a Lucca nel 1994, &nbsp;che ha dato una ribalta importante a tanti scrittori ormai affermati e che in oltre vent\u2019anni ha fatto incontrare gli autori premiati con i protagonisti della vita culturale e artistica del Paese. Racconti nella Rete \u00e8 &nbsp;ormai considerato il pi\u00f9 grande premio nazionale per inediti online.&nbsp; Il premio letterario Racconti nella Rete, organizzato nel sito www.raccontinellarete.it, ha visto anche quest\u2019anno la pubblicazione dei 25 racconti vincitori in una antologia edita da Castelvecchi,&nbsp; che sar\u00e0 presentata in anteprima al festival LuccAutori.&nbsp; L\u2019inedita prefazione, che far\u00e0 riflettere sul rapporto tra narrativa e intelligenza artificiale, \u00e8 dello scrittore <strong>Diego Lama<\/strong>, gi\u00e0 vincitore del premio Racconti nella Rete. Il disegno dell\u2019antologia \u00e8 stata realizzato dall\u2019illustratrice per ragazzi <strong>Margherita Allegri<\/strong> che sabato 30 settembre alle 10 a Villa Bottini sar\u00e0 protagonista di un incontro con il pubblico e gli studenti inserito nelle Occasioni Tobiniane.<\/p>\n\n\n\n<p>\u201cL\u2019amministrazione comunale \u2013 affermano gli assessori al turismo <strong>Remo Santini<\/strong> e alla cultura <strong>Mia Pisano<\/strong> \u2013 \u00e8 lieta di sostenere operazioni culturali di ampio respiro come quella di LuccAutori, che da oltre vent\u2019anni porta nella nostra citt\u00e0 autori di primo piano, accanto ad emergenti, provenienti da tutta Italia, contribuendo cos\u00ec da una parte a vivacizzare il dibattito cittadino, e dall\u2019altra a promuovere l\u2019immagine di Lucca. Quest\u2019anno il denso calendario realizzato sotto l\u2019attenta regia del suo presidente offrir\u00e0 spunti di riflessione di varia natura, spaziando da autori come Italo Calvino, a cui \u00e8 dedicata una mostra, a personaggi pubblici come Raffaella Carr\u00e0 negli ottanta anni dalla nascita e Carlo Alberto Dalla Chiesa, passando attraverso temi importanti come quello della follia o quello del recupero degli straordinari beni culturali e artistici del nostro Paese. Veramente una programmazione ricchissima che riteniamo potr\u00e0 corrispondere al gusto e ai diversi gusti di tanti cittadini lucchesi e non soltanto\u201d.<\/p>\n\n\n\n<p><strong>SABATO 9 SETTEMBRE<\/strong> sar\u00e0 il giorno delle <strong>riprese a Lucca del cortometraggio SEPARE\u2019 tratto dal soggetto dello sceneggiatore napoletano Piero Fittipaldi, vincitore della sezione corti del 22\u00b0premio Racconti nella Rete<\/strong>. Il corto sar\u00e0 girato in un condominio di Lucca con la collaborazione della Scuola di Cinema Immagina di Firenze. I due attori protagonisti sono <strong>Hussein Hazem Reda e Noemi Pasta. La regia \u00e8 di Giuseppe Ferlito.<\/strong><\/p>\n\n\n\n<p>\u201cSepar\u00e8\u201d nasce dall\u2019idea che nonostante i tanti mezzi a disposizione, sia sempre pi\u00f9 difficile comunicare in modo \u201creale\u201d. La proiezione in anteprima assoluta avr\u00e0 luogo sabato 30 settembre alle 16.30 presso Villa Bottini di Lucca in occasione della 29^ edizione del Festival LuccAutori \u2013 Premio Racconti nella Rete.<\/p>\n\n\n\n<p><strong>Sabato 16 settembre alle 10 alla Biblioteca Agor\u00e0 &#8211;<\/strong> In apertura del festival si parler\u00e0 di letteratura e giornalismo in occasione di un corso di formazione per giornalisti dal titolo<strong>:<\/strong><strong>Il dovere della buona scrittura nel giornalismo come nella letteratura<\/strong>. Giornalismo e letteratura. Un binomio fatto di affinit\u00e0, differenze e contraddizioni; un rapporto intimo, stretto, profondo ma allo stesso tempo irregolare, spigoloso e complicato da una quantit\u00e0 di divergenze e antinomie. Con <strong>Eleonora Sottili<\/strong> \u2013 scrittrice. Dal 2004 insegna alla Scuola Holden di Torino, al Master dell\u2019Universit\u00e0 C\u00e0 Foscari di Venezia e collabora con la Casa Editrice Einaudi. Con <strong>Demetrio Brandi<\/strong>, giornalista, presidente di LuccAutori. <strong>Anna Benedetto<\/strong>, giornalista, segretaria del Consiglio di Disciplina OdG Toscana. L\u2019evento \u00e8 organizzato in collaborazione con la Fondazione dell\u2019Ordine dei giornalisti della Toscana e Gruppo Stampa Versilia.<\/p>\n\n\n\n<p><strong>In rapida sintesi gli incontri in programma.<\/strong><\/p>\n\n\n\n<p><strong>A Villa Bottini sabato 23 Settembre<\/strong> alle 10 lo scrittore <strong>Diego Lama<\/strong> presenta <strong>\u201cLa collera di Napoli. Un&#8217;indagine del commissario Veneruso\u201d (Mondadori).<\/strong> Un romanzo con protagonista l\u2019ormai famoso commissario napoletano, vincitore del Premio Tedeschi 2015, che \u00e8 stato ristampato lo scorso mese di giugno.<\/p>\n\n\n\n<p>A seguire, nelle sale di Villa Bottini, inaugurazione di due mostre. \u201c<strong>ITALO ITALO<\/strong>\u201d, a cura di Stefano Giraldi, dedicata a Italo Calvino nel centenario della nascita. Vengono esposte opere di importanti artisti contemporanei. \u201c<strong>RACCONTI A COLORI<\/strong>\u201d \u00e8 il titolo della mostra realizzata dagli studenti del liceo artistico e musicale Passaglia. In esposizione venticinque disegni ispirati ai racconti vincitori del premio Racconti nella Rete. I premi agli studenti vengono assegnati dagli artisti Andrea Granchi, Stefano Carlo Vecoli e Angela Volpi. Inoltre alcuni buoni per acquisto libri offerti da<strong> Unicoopfirenze<\/strong>, sezione soci Lucca.<\/p>\n\n\n\n<p><strong>Barga &#8211; Mercoled\u00ec 27 settembre<\/strong> alle 10 al <strong>Cinema Roma<\/strong>, <strong>Simona dalla Chiesa presenta \u201cCarlo Alberto Dalla Chiesa. Un pap\u00e0 con gli alamari\u201d (San Paolo Edizioni).<\/strong> In collaborazione con <strong>Fondazione Giovanni Pascoli<\/strong>. A 41 anni dalla morte (3 settembre 1982), l\u2019eroe di cui la mafia aveva paura viene raccontato dai figli: un ritratto unico e intenso di Carlo Alberto dalla Chiesa. Un viaggio di famiglia, guidato dai suoi figli &#8211; Simona, Rita e Nando &#8211; i quali, aprendo le stanze dei ricordi, ci regalano il ritratto privato di un uomo che amava la bellezza e la semplicit\u00e0 delle piccole cose di ogni giorno.<\/p>\n\n\n\n<p><strong>Giovedi 28 settembre<\/strong> alle 10 a <strong>Villa Bottini<\/strong> <strong>\u201cOccasioni Tobiniane\u201d <\/strong>in collaborazione con <strong>Fondazione Mario Tobino<\/strong>. <strong>Stefano Redaelli presenta &#8220;Ombra mai pi\u00f9&#8221; (Neo Edizioni).<\/strong> &#8220;Quando torni nel mondo, del mondo ti devi fidare.&#8221; Per tre lunghi anni Angelantonio \u00e8 stato ospite della struttura psichiatrica Casa delle farfalle, con s\u00e9 porta il libro che ha scritto sulla follia standoci dentro, e ora c&#8217;\u00e8 un fuori che lo aspetta.<\/p>\n\n\n\n<p><strong>Gioved\u00ec 28 settembre<\/strong> alle 18.30 sala conferenze di <strong>Palazzo Bernardini<\/strong>, LuccAutori e Rotary Club Lucca presentano il direttore di Rai Libri <strong>Marco Frittella, autore del libro \u201cL&#8217;oro d&#8217;Italia. Dall&#8217;abbandono alla rinascita, viaggio nel paese che riscopre i suoi tesori (e la sua anima)\u201d (Rai Libri).<\/strong> L\u2019oro d\u2019Italia punta i riflettori sulle storie dei recuperi degli straordinari beni culturali e artistici del nostro Paese per troppi anni lasciati deperire da colpevole incuria e sottovalutazione. Interviene Giuseppe Lunardini, presidente del Rotary Club Lucca. Con il patrocinio Unipop &#8211; Universit\u00e0 Popolare di Pistoia.<\/p>\n\n\n\n<p><strong>Sabato 30 settembre<\/strong> alle 10 sala conferenze <strong>Villa Bottini<\/strong> \u201cOccasioni Tobiniane\u201d in collaborazione con <strong>Fondazione Mario Tobino<\/strong>. Incontro con <strong>Margherita Allegri<\/strong>. L\u2019illustratrice ha realizzato il disegno per la copertina dell&#8217;antologia Racconti nella Rete 2023 e del manifesto del festival LuccAutori. Intervengono i disegnatori del giornale umoristico Budu\u00e0r Dino Aloi, Marco De Angelis e Alessandro Prevosto.<\/p>\n\n\n\n<p>A seguire presentazione del libro \u201c<strong>Chi ha rapito San Gennaro? Un giallo napoletano a fumetti<\/strong>\u201d un album di grande formato realizzato coralmente a venti mani per Guida Editori, storica casa editrice napoletana. Saranno presenti Lido Contemori , Giuseppe Ciarallo, Marco De Angelis, Giuliano, Cecco Mariniello.<\/p>\n\n\n\n<p><strong>Sabato 30 settembre<\/strong> alle 16,30 a <strong>Villa Bottini<\/strong> LuccAutori presenta in anteprima nazionale il cortometraggio \u201c<strong>Separ\u00e8<\/strong>\u201d di Piero Fittipaldi, vincitore della sezione Corti del premio \u201cRacconti nella Rete 2023\u201d. Prodotto da LuccAutori e Scuola di Cinema Immagina di Firenze. Regia di Giuseppe Ferlito. Saranno presenti l\u2019autore e gli attori protagonisti. <strong>Alle 17 presentazione dell\u2019antologia del premio letterario<\/strong> <strong>Racconti nella Rete 2023<\/strong> cura di Demetrio Brandi (Castelvecchi). Letture a cura di Mario Cenni, Fabio Dostuni e Antonella Lucii. Intervento musicale di Giuseppe Sanalitro.<\/p>\n\n\n\n<p><strong>Premio Fondazione AIDR Italian Digital Revolution<\/strong>, per il giovane vincitore scelto dalle scuole italiane, a Jasmine Calvi con il racconto \u201cUna storia d\u2019amore nascosta in una scatola da scarpe\u201d . Interviene Mauro Nicastri, presidente della Fondazione Aidr. Caterina Fiume, autrice di \u201cIo so che tu sai che io so\u201d, ricever\u00e0 il <strong>premio Budu\u00e0r per il miglior racconto umoristico<\/strong> . Consegnano il premio Dino Aloi, Alessandro Prevosto e Marco De Angelis. La scultura in ardesia \u00e8 opera dell\u2019artista Laura Lapis.<\/p>\n\n\n\n<p>Alle 18 a Villa Bottini la giornalista Rai <strong>Adriana Pannitteri<\/strong> presenta <strong>\u201cRaffaella Carr\u00e0 \u2013 La ragazza perfetta\u201d (Morellini Editore).<\/strong> In occasione degli 80 anni dalla nascita della grande showgirl, la giornalista Rai racconta la donna dietro il personaggio. Pannitteri ha realizzato uno speciale Tg1 dedicato alla grande artista scomparsa due anni fa.<\/p>\n\n\n\n<p><strong>Domenica 1 Ottobre alle 16,30 a Villa Bottini<\/strong> LuccAutori presenta in anteprima nazionale il cortometraggio \u201c<strong>Separ\u00e8<\/strong>\u201d di Piero Fittipaldi &#8211; vincitore della sezione Corti del premio \u201cRacconti nella Rete 2023\u201d. Alle 17 la presentazione dell\u2019antologia del premio letterario Racconti nella Rete 2023 a cura di Demetrio Brandi (Castelvecchi).<\/p>\n\n\n\n<p><strong>Ore 18 Sala Conferenze Villa Bottini la criminologa Roberta Bruzzone e l\u2019avvocato <\/strong><strong>Federica Nardoni <\/strong>presentano <strong>\u201cLa ragazza del bosco\u201d (Piemme)<\/strong>. La vicenda di Serena Mollicone, la ragazza di Arce scomparsa a met\u00e0 mattina del primo giugno del 2001 e ritrovata cadavere nella tarda mattinata del 3 giugno 2001 in localit\u00e0 Fonte Cupa, a Fontana Liri, in provincia di Frosinone, ha scosso in maniera profonda l&#8217;opinione pubblica per oltre vent&#8217;anni. La sua storia ha continuato a interessare i lettori e i telespettatori di ogni et\u00e0 per i tanti misteri, bugie e omissioni che hanno accompagnato i processi.<\/p>\n\n\n\n<p><strong>Per il programma dettagliato del festival LuccAutori\u00ae e altre informazioni sulla 23^ edizione del premio letterario Racconti nella Rete\u00ae consultare il sito <a href=\"https:\/\/www.raccontinellarete.it\/\">www.raccontinellarete.it<\/a>. Tel. 0584651874 info@raccontinellarete.it<\/strong><\/p>\n\n\n\n<figure class=\"wp-block-image size-large\"><img loading=\"lazy\" decoding=\"async\" width=\"731\" height=\"1024\" src=\"https:\/\/www.raccontinellarete.it\/301\/wp-content\/uploads\/2023\/05\/COPERTINA-2023-margherita-allegri-731x1024.jpg\" alt=\"\" class=\"wp-image-51445\" srcset=\"https:\/\/www.raccontinellarete.it\/301\/wp-content\/uploads\/2023\/05\/COPERTINA-2023-margherita-allegri-731x1024.jpg 731w, https:\/\/www.raccontinellarete.it\/301\/wp-content\/uploads\/2023\/05\/COPERTINA-2023-margherita-allegri-179x250.jpg 179w, https:\/\/www.raccontinellarete.it\/301\/wp-content\/uploads\/2023\/05\/COPERTINA-2023-margherita-allegri-768x1076.jpg 768w, https:\/\/www.raccontinellarete.it\/301\/wp-content\/uploads\/2023\/05\/COPERTINA-2023-margherita-allegri-1097x1536.jpg 1097w, https:\/\/www.raccontinellarete.it\/301\/wp-content\/uploads\/2023\/05\/COPERTINA-2023-margherita-allegri.jpg 1181w\" sizes=\"(max-width: 731px) 100vw, 731px\" \/><\/figure>\n<div class=\"pvc_clear\"><\/div><p id=\"pvc_stats_52473\" class=\"pvc_stats all  \" data-element-id=\"52473\" style=\"\"><i class=\"pvc-stats-icon medium\" aria-hidden=\"true\"><svg aria-hidden=\"true\" focusable=\"false\" data-prefix=\"far\" data-icon=\"chart-bar\" role=\"img\" xmlns=\"http:\/\/www.w3.org\/2000\/svg\" viewBox=\"0 0 512 512\" class=\"svg-inline--fa fa-chart-bar fa-w-16 fa-2x\"><path fill=\"currentColor\" d=\"M396.8 352h22.4c6.4 0 12.8-6.4 12.8-12.8V108.8c0-6.4-6.4-12.8-12.8-12.8h-22.4c-6.4 0-12.8 6.4-12.8 12.8v230.4c0 6.4 6.4 12.8 12.8 12.8zm-192 0h22.4c6.4 0 12.8-6.4 12.8-12.8V140.8c0-6.4-6.4-12.8-12.8-12.8h-22.4c-6.4 0-12.8 6.4-12.8 12.8v198.4c0 6.4 6.4 12.8 12.8 12.8zm96 0h22.4c6.4 0 12.8-6.4 12.8-12.8V204.8c0-6.4-6.4-12.8-12.8-12.8h-22.4c-6.4 0-12.8 6.4-12.8 12.8v134.4c0 6.4 6.4 12.8 12.8 12.8zM496 400H48V80c0-8.84-7.16-16-16-16H16C7.16 64 0 71.16 0 80v336c0 17.67 14.33 32 32 32h464c8.84 0 16-7.16 16-16v-16c0-8.84-7.16-16-16-16zm-387.2-48h22.4c6.4 0 12.8-6.4 12.8-12.8v-70.4c0-6.4-6.4-12.8-12.8-12.8h-22.4c-6.4 0-12.8 6.4-12.8 12.8v70.4c0 6.4 6.4 12.8 12.8 12.8z\" class=\"\"><\/path><\/svg><\/i> <img loading=\"lazy\" decoding=\"async\" width=\"16\" height=\"16\" alt=\"Loading\" src=\"https:\/\/www.raccontinellarete.it\/301\/wp-content\/plugins\/page-views-count\/ajax-loader-2x.gif\" border=0 \/><\/p><div class=\"pvc_clear\"><\/div>","protected":false},"excerpt":{"rendered":"<p>Lucca, 16&nbsp; SETTEMBRE &#8211; 1 OTTOBRE 2023 Adriana Pannitteri, Marco Frittella, Roberta Bruzzone, Federica Nardoni, Simona Dalla Chiesa, Diego Lama, Lido Contemori, Margherita Allegri, Eleonora Sottili, Stefano Redaelli sono alcuni tra i protagonisti&nbsp; della ventinovesima edizione del festival LuccAutori, in programma a Lucca dal 16 settembre al 1 ottobre, abbinato alla ventiduesima edizione del Premio [&hellip;]<\/p>\n<div class=\"pvc_clear\"><\/div>\n<p id=\"pvc_stats_52473\" class=\"pvc_stats all  \" data-element-id=\"52473\" style=\"\"><i class=\"pvc-stats-icon medium\" aria-hidden=\"true\"><svg aria-hidden=\"true\" focusable=\"false\" data-prefix=\"far\" data-icon=\"chart-bar\" role=\"img\" xmlns=\"http:\/\/www.w3.org\/2000\/svg\" viewBox=\"0 0 512 512\" class=\"svg-inline--fa fa-chart-bar fa-w-16 fa-2x\"><path fill=\"currentColor\" d=\"M396.8 352h22.4c6.4 0 12.8-6.4 12.8-12.8V108.8c0-6.4-6.4-12.8-12.8-12.8h-22.4c-6.4 0-12.8 6.4-12.8 12.8v230.4c0 6.4 6.4 12.8 12.8 12.8zm-192 0h22.4c6.4 0 12.8-6.4 12.8-12.8V140.8c0-6.4-6.4-12.8-12.8-12.8h-22.4c-6.4 0-12.8 6.4-12.8 12.8v198.4c0 6.4 6.4 12.8 12.8 12.8zm96 0h22.4c6.4 0 12.8-6.4 12.8-12.8V204.8c0-6.4-6.4-12.8-12.8-12.8h-22.4c-6.4 0-12.8 6.4-12.8 12.8v134.4c0 6.4 6.4 12.8 12.8 12.8zM496 400H48V80c0-8.84-7.16-16-16-16H16C7.16 64 0 71.16 0 80v336c0 17.67 14.33 32 32 32h464c8.84 0 16-7.16 16-16v-16c0-8.84-7.16-16-16-16zm-387.2-48h22.4c6.4 0 12.8-6.4 12.8-12.8v-70.4c0-6.4-6.4-12.8-12.8-12.8h-22.4c-6.4 0-12.8 6.4-12.8 12.8v70.4c0 6.4 6.4 12.8 12.8 12.8z\" class=\"\"><\/path><\/svg><\/i> <img loading=\"lazy\" decoding=\"async\" width=\"16\" height=\"16\" alt=\"Loading\" src=\"https:\/\/www.raccontinellarete.it\/301\/wp-content\/plugins\/page-views-count\/ajax-loader-2x.gif\" border=0 \/><\/p>\n<div class=\"pvc_clear\"><\/div>\n","protected":false},"author":3,"featured_media":52476,"comment_status":"open","ping_status":"closed","sticky":false,"template":"","format":"standard","meta":{"footnotes":""},"categories":[87,547,543,5],"tags":[],"class_list":["post-52473","post","type-post","status-publish","format-standard","has-post-thumbnail","hentry","category-comunicato-stampa","category-f-o-r-u-m","category-forum-di-racconti-nella-rete","category-racconti-nella-rete"],"_links":{"self":[{"href":"https:\/\/www.raccontinellarete.it\/index.php?rest_route=\/wp\/v2\/posts\/52473"}],"collection":[{"href":"https:\/\/www.raccontinellarete.it\/index.php?rest_route=\/wp\/v2\/posts"}],"about":[{"href":"https:\/\/www.raccontinellarete.it\/index.php?rest_route=\/wp\/v2\/types\/post"}],"author":[{"embeddable":true,"href":"https:\/\/www.raccontinellarete.it\/index.php?rest_route=\/wp\/v2\/users\/3"}],"replies":[{"embeddable":true,"href":"https:\/\/www.raccontinellarete.it\/index.php?rest_route=%2Fwp%2Fv2%2Fcomments&post=52473"}],"version-history":[{"count":1,"href":"https:\/\/www.raccontinellarete.it\/index.php?rest_route=\/wp\/v2\/posts\/52473\/revisions"}],"predecessor-version":[{"id":52475,"href":"https:\/\/www.raccontinellarete.it\/index.php?rest_route=\/wp\/v2\/posts\/52473\/revisions\/52475"}],"wp:featuredmedia":[{"embeddable":true,"href":"https:\/\/www.raccontinellarete.it\/index.php?rest_route=\/wp\/v2\/media\/52476"}],"wp:attachment":[{"href":"https:\/\/www.raccontinellarete.it\/index.php?rest_route=%2Fwp%2Fv2%2Fmedia&parent=52473"}],"wp:term":[{"taxonomy":"category","embeddable":true,"href":"https:\/\/www.raccontinellarete.it\/index.php?rest_route=%2Fwp%2Fv2%2Fcategories&post=52473"},{"taxonomy":"post_tag","embeddable":true,"href":"https:\/\/www.raccontinellarete.it\/index.php?rest_route=%2Fwp%2Fv2%2Ftags&post=52473"}],"curies":[{"name":"wp","href":"https:\/\/api.w.org\/{rel}","templated":true}]}}