{"id":52391,"date":"2023-07-03T21:02:32","date_gmt":"2023-07-03T20:02:32","guid":{"rendered":"http:\/\/www.raccontinellarete.it\/?p=52391"},"modified":"2023-10-08T22:26:42","modified_gmt":"2023-10-08T21:26:42","slug":"separe-di-piero-fittipaldi-vince-la-sezione-corti-del-premio-racconti-nella-rete-2023","status":"publish","type":"post","link":"https:\/\/www.raccontinellarete.it\/?p=52391","title":{"rendered":"&#8220;Separ\u00e8&#8221; di Piero Fittipaldi vince la sezione corti del Premio Racconti nella Rete 2023"},"content":{"rendered":"\n<p>La giuria tecnica della sezione \u201cCorti\u201d del Premio letterario Racconti nella Rete 2023 ha selezionato per la realizzazione del cortometraggio il soggetto&nbsp; dal titolo&nbsp;&nbsp;<strong>\u201cSepar\u00e8\u201d <\/strong>dell\u2019autore napoletano<strong> Piero Fittipaldi.<\/strong><\/p>\n\n\n\n<p>\u201cSepar\u00e8\u201d nasce dall\u2019idea che nonostante i tanti mezzi a disposizione, sia sempre pi\u00f9 difficile comunicare in modo \u201creale\u201d \u2013 <em>dice Piero Fittipaldi, gi\u00e0 vincitore in passato della sezione racconti del premio Racconti nella Rete<\/em>. &#8220;Ho voluto immaginare una piccola storia che mette in scena un paradosso trasformando una parete &#8211; oggetto nato per dividere, da cui il&nbsp; separ\u00e8  del titolo &#8211; &nbsp;in uno strumento che unisce, avvicina, \u201capre\u201d a un nuovo linguaggio \u201canalogico&#8221;.<\/p>\n\n\n\n<p>Guido \u00e8 un trentenne tranquillo e silenzioso che vive in un piccolo appartamento. Quando Marta, la nuova inquilina, va ad abitare nell\u2019appartamento adiacente al suo, entrambi scopriranno che la sottile parete che divide i loro due appartamenti diventer\u00e0 un inaspettato mezzo per comunicare nevrosi ed emozioni.<\/p>\n\n\n\n<p>Il corto sar\u00e0 girato a Lucca&nbsp; nel mese di settembre con la collaborazione della Scuola di Cinema Immagina di Firenze. La regia \u00e8 di&nbsp;Giuseppe Ferlito.&nbsp; La proiezione in anteprima assoluta avr\u00e0 luogo&nbsp;sabato 30 settembre alle 16.30 presso Villa Bottini di Lucca in occasione della 29^ edizione del Festival LuccAutori \u2013 Premio Racconti nella Rete.&nbsp;La giuria del Premio, constatando la buona qualit\u00e0 dei testi pervenuti,&nbsp; riserva una menzione speciale ai soggetti&nbsp; &#8220;Lella Maresca Sbisa&#8221; di Anna Rosa Perrone e &#8220;Il libro giusto&#8221; di Roberto Contini.<\/p>\n\n\n\n<p>Piero Fittipaldi \u00e8 un copywriter pubblicitario, scrive pubblicit\u00e0 da pi\u00f9 di quindici anni, e da un po\u2019 di tempo la insegna. \u201cMi occupo di progetti di comunicazione a tutto tondo, dalla carta stampata al web, dagli spot video a quelli radio\u201d \u2013 dice Fittipladi. \u201cScrivo perch\u00e9 leggo, e leggo perch\u00e9 la narrativa mi ha fatto vivere mondi straordinari, a cui ogni tanto provo ad aggiungere qualcosa di mio con brevi racconti. Purtroppo non ho il tempo e la costanza per qualcosa di pi\u00f9 lungo e corposo.&nbsp;Curiosit\u00e0: sono cos\u00ec affezionato a Racconti nella Rete che da quando sono stato tra i vincitori come autore di racconti, cerco di entrare nell\u2019albo d\u2019oro anche in quello per corti. Finalmente ci sono riuscito. Ma ora l\u2019anno prossimo a cosa partecipo?\u201d<\/p>\n\n\n\n<figure class=\"wp-block-image size-large\"><img loading=\"lazy\" decoding=\"async\" width=\"683\" height=\"1024\" src=\"https:\/\/www.raccontinellarete.it\/301\/wp-content\/uploads\/2023\/07\/fittipaldi-683x1024.jpg\" alt=\"\" class=\"wp-image-52392\" srcset=\"https:\/\/www.raccontinellarete.it\/301\/wp-content\/uploads\/2023\/07\/fittipaldi-683x1024.jpg 683w, https:\/\/www.raccontinellarete.it\/301\/wp-content\/uploads\/2023\/07\/fittipaldi-167x250.jpg 167w, https:\/\/www.raccontinellarete.it\/301\/wp-content\/uploads\/2023\/07\/fittipaldi-768x1152.jpg 768w, https:\/\/www.raccontinellarete.it\/301\/wp-content\/uploads\/2023\/07\/fittipaldi-1024x1536.jpg 1024w, https:\/\/www.raccontinellarete.it\/301\/wp-content\/uploads\/2023\/07\/fittipaldi.jpg 1365w\" sizes=\"(max-width: 683px) 100vw, 683px\" \/><\/figure>\n<div class=\"pvc_clear\"><\/div><p id=\"pvc_stats_52391\" class=\"pvc_stats all  \" data-element-id=\"52391\" style=\"\"><i class=\"pvc-stats-icon medium\" aria-hidden=\"true\"><svg aria-hidden=\"true\" focusable=\"false\" data-prefix=\"far\" data-icon=\"chart-bar\" role=\"img\" xmlns=\"http:\/\/www.w3.org\/2000\/svg\" viewBox=\"0 0 512 512\" class=\"svg-inline--fa fa-chart-bar fa-w-16 fa-2x\"><path fill=\"currentColor\" d=\"M396.8 352h22.4c6.4 0 12.8-6.4 12.8-12.8V108.8c0-6.4-6.4-12.8-12.8-12.8h-22.4c-6.4 0-12.8 6.4-12.8 12.8v230.4c0 6.4 6.4 12.8 12.8 12.8zm-192 0h22.4c6.4 0 12.8-6.4 12.8-12.8V140.8c0-6.4-6.4-12.8-12.8-12.8h-22.4c-6.4 0-12.8 6.4-12.8 12.8v198.4c0 6.4 6.4 12.8 12.8 12.8zm96 0h22.4c6.4 0 12.8-6.4 12.8-12.8V204.8c0-6.4-6.4-12.8-12.8-12.8h-22.4c-6.4 0-12.8 6.4-12.8 12.8v134.4c0 6.4 6.4 12.8 12.8 12.8zM496 400H48V80c0-8.84-7.16-16-16-16H16C7.16 64 0 71.16 0 80v336c0 17.67 14.33 32 32 32h464c8.84 0 16-7.16 16-16v-16c0-8.84-7.16-16-16-16zm-387.2-48h22.4c6.4 0 12.8-6.4 12.8-12.8v-70.4c0-6.4-6.4-12.8-12.8-12.8h-22.4c-6.4 0-12.8 6.4-12.8 12.8v70.4c0 6.4 6.4 12.8 12.8 12.8z\" class=\"\"><\/path><\/svg><\/i> <img loading=\"lazy\" decoding=\"async\" width=\"16\" height=\"16\" alt=\"Loading\" src=\"https:\/\/www.raccontinellarete.it\/301\/wp-content\/plugins\/page-views-count\/ajax-loader-2x.gif\" border=0 \/><\/p><div class=\"pvc_clear\"><\/div>","protected":false},"excerpt":{"rendered":"<p>La giuria tecnica della sezione \u201cCorti\u201d del Premio letterario Racconti nella Rete 2023 ha selezionato per la realizzazione del cortometraggio il soggetto&nbsp; dal titolo&nbsp;&nbsp;\u201cSepar\u00e8\u201d dell\u2019autore napoletano Piero Fittipaldi. \u201cSepar\u00e8\u201d nasce dall\u2019idea che nonostante i tanti mezzi a disposizione, sia sempre pi\u00f9 difficile comunicare in modo \u201creale\u201d \u2013 dice Piero Fittipaldi, gi\u00e0 vincitore in passato della [&hellip;]<\/p>\n<div class=\"pvc_clear\"><\/div>\n<p id=\"pvc_stats_52391\" class=\"pvc_stats all  \" data-element-id=\"52391\" style=\"\"><i class=\"pvc-stats-icon medium\" aria-hidden=\"true\"><svg aria-hidden=\"true\" focusable=\"false\" data-prefix=\"far\" data-icon=\"chart-bar\" role=\"img\" xmlns=\"http:\/\/www.w3.org\/2000\/svg\" viewBox=\"0 0 512 512\" class=\"svg-inline--fa fa-chart-bar fa-w-16 fa-2x\"><path fill=\"currentColor\" d=\"M396.8 352h22.4c6.4 0 12.8-6.4 12.8-12.8V108.8c0-6.4-6.4-12.8-12.8-12.8h-22.4c-6.4 0-12.8 6.4-12.8 12.8v230.4c0 6.4 6.4 12.8 12.8 12.8zm-192 0h22.4c6.4 0 12.8-6.4 12.8-12.8V140.8c0-6.4-6.4-12.8-12.8-12.8h-22.4c-6.4 0-12.8 6.4-12.8 12.8v198.4c0 6.4 6.4 12.8 12.8 12.8zm96 0h22.4c6.4 0 12.8-6.4 12.8-12.8V204.8c0-6.4-6.4-12.8-12.8-12.8h-22.4c-6.4 0-12.8 6.4-12.8 12.8v134.4c0 6.4 6.4 12.8 12.8 12.8zM496 400H48V80c0-8.84-7.16-16-16-16H16C7.16 64 0 71.16 0 80v336c0 17.67 14.33 32 32 32h464c8.84 0 16-7.16 16-16v-16c0-8.84-7.16-16-16-16zm-387.2-48h22.4c6.4 0 12.8-6.4 12.8-12.8v-70.4c0-6.4-6.4-12.8-12.8-12.8h-22.4c-6.4 0-12.8 6.4-12.8 12.8v70.4c0 6.4 6.4 12.8 12.8 12.8z\" class=\"\"><\/path><\/svg><\/i> <img loading=\"lazy\" decoding=\"async\" width=\"16\" height=\"16\" alt=\"Loading\" src=\"https:\/\/www.raccontinellarete.it\/301\/wp-content\/plugins\/page-views-count\/ajax-loader-2x.gif\" border=0 \/><\/p>\n<div class=\"pvc_clear\"><\/div>\n","protected":false},"author":3,"featured_media":52395,"comment_status":"closed","ping_status":"closed","sticky":false,"template":"","format":"standard","meta":{"footnotes":""},"categories":[87,5,677],"tags":[],"class_list":["post-52391","post","type-post","status-publish","format-standard","has-post-thumbnail","hentry","category-comunicato-stampa","category-racconti-nella-rete","category-premio-racconti-per-corti-2024"],"_links":{"self":[{"href":"https:\/\/www.raccontinellarete.it\/index.php?rest_route=\/wp\/v2\/posts\/52391"}],"collection":[{"href":"https:\/\/www.raccontinellarete.it\/index.php?rest_route=\/wp\/v2\/posts"}],"about":[{"href":"https:\/\/www.raccontinellarete.it\/index.php?rest_route=\/wp\/v2\/types\/post"}],"author":[{"embeddable":true,"href":"https:\/\/www.raccontinellarete.it\/index.php?rest_route=\/wp\/v2\/users\/3"}],"replies":[{"embeddable":true,"href":"https:\/\/www.raccontinellarete.it\/index.php?rest_route=%2Fwp%2Fv2%2Fcomments&post=52391"}],"version-history":[{"count":5,"href":"https:\/\/www.raccontinellarete.it\/index.php?rest_route=\/wp\/v2\/posts\/52391\/revisions"}],"predecessor-version":[{"id":52398,"href":"https:\/\/www.raccontinellarete.it\/index.php?rest_route=\/wp\/v2\/posts\/52391\/revisions\/52398"}],"wp:featuredmedia":[{"embeddable":true,"href":"https:\/\/www.raccontinellarete.it\/index.php?rest_route=\/wp\/v2\/media\/52395"}],"wp:attachment":[{"href":"https:\/\/www.raccontinellarete.it\/index.php?rest_route=%2Fwp%2Fv2%2Fmedia&parent=52391"}],"wp:term":[{"taxonomy":"category","embeddable":true,"href":"https:\/\/www.raccontinellarete.it\/index.php?rest_route=%2Fwp%2Fv2%2Fcategories&post=52391"},{"taxonomy":"post_tag","embeddable":true,"href":"https:\/\/www.raccontinellarete.it\/index.php?rest_route=%2Fwp%2Fv2%2Ftags&post=52391"}],"curies":[{"name":"wp","href":"https:\/\/api.w.org\/{rel}","templated":true}]}}