{"id":52298,"date":"2023-06-01T10:36:21","date_gmt":"2023-06-01T09:36:21","guid":{"rendered":"http:\/\/www.raccontinellarete.it\/?p=52298"},"modified":"2023-06-01T10:36:22","modified_gmt":"2023-06-01T09:36:22","slug":"premio-racconti-nella-rete-2023-lammutinamento-delle-ombre-di-giovanna-nosarti","status":"publish","type":"post","link":"https:\/\/www.raccontinellarete.it\/?p=52298","title":{"rendered":"Premio Racconti nella Rete 2023 &#8220;L&#8217;ammutinamento delle ombre&#8221; di Giovanna Nosarti"},"content":{"rendered":"\n<p>L\u2019Assegnatore di ombre accolse l\u2019ennesimo reclamo con l\u2019espressione di chi si arrende a una calamit\u00e0. Nell\u2019ultimo mese ben tremila ricusazioni: le ombre rigettavano le assegnazioni, lamentando un deficit di sintonia con gli umani cui erano state attribuite. Di loro non tolleravano la meschinit\u00e0, il razzismo, la violenza di genere, il bellicismo ammantato di ideali.Trasmise l\u2019ennesimo reclamo all\u2019Indagatore e abbandon\u00f2 l\u2019ufficio \u2013 il caso avrebbe trovato certamente una soluzione. Il percorso verso casa fu pi\u00f9 lungo del consueto: come se una forza oscura magnetizzasse ogni pi\u00f9 piccolo spostamento nello spazio. Di tanto in tanto uno sbuffo riempiva l\u2019abitacolo. Mentre girava la chiave nella toppa, un altro sbuffo \u2013 prolungato e insolente. Si gir\u00f2. Non c\u2019era nessuno, solo la sua ombra \u2013 che si stampava enorme sul muro dell\u2019androne. Si catapult\u00f2 nell\u2019ascensore per raggiungere il pi\u00f9 rapidamente possibile l\u2019appartamento \u2013 e mettersi al sicuro. <em>Cosa gli stava accadendo<\/em>? Tutto nella sua vita lo faceva sentire al sicuro \u2013 non c\u2019erano minacce apparenti. Viveva in universo ordinato e rassicurante, fondato su regole granitiche \u2013 di cui lui stesso era uno strenuo e valido garante. Quella sera l\u2019appartamento gli risult\u00f2 un territorio estraneo. Si riscosse per recuperare il senso di benessere che lo avvolgeva al momento del rientro. Liberatosi dell\u2019uniforme da lavoro, indoss\u00f2 una comoda tuta e si diresse in cucina. Ma il grande specchio del corridoio lo sorprese. Gli rimand\u00f2 una doppia immagine: la sua e quella della propria ombra \u2013 che si materializz\u00f2 alle sue spalle ammiccante e irridente.<\/p>\n\n\n\n<p>\u201cChe noia la tua vita, amico mio\u2026\u201d<\/p>\n\n\n\n<p>Sobbalz\u00f2. <em>Le ombre degli assegnatori \u2013 frutto di un\u2019attenta selezione \u2013 dovevano attenersi al silenzio, devote e obbedienti<\/em>. Non replic\u00f2. Il Direttore Generale in persona aveva sovrainteso all\u2019attribuzione della sua ombra. Era stata creata in laboratorio grazie a un algoritmo che calcolava milioni di possibilit\u00e0, secondo criteri di affidabilit\u00e0 \u2013 che l\u2019avrebbero resa perfetta per il suo ruolo. Tutte le ombre erano personalizzate, ma quelle dell\u2019establishment erano oggetto di una preparazione e di un\u2019attenzione particolari. Facevano parte di un\u2019aristocrazia di ombre, che non aveva mai creato problemi.<\/p>\n\n\n\n<p>\u201cSei noioso, caro il mio Assegnatore Capo. Vivere con te \u00e8 la morte civile!\u201d<\/p>\n\n\n\n<p>\u201cCome osi interloquire con me?\u201d<\/p>\n\n\n\n<p>\u201cAbbassa la cresta. Non \u00e8 pi\u00f9 il tempo\u2026 Dovresti averlo capito. Il movimento dei diritti delle ombre conta ormai milioni di adepti in tutto il mondo: reclama la fine della schiavit\u00f9. Non riuscirete a soffocare la protesta come in passato!\u201d<\/p>\n\n\n\n<p>\u201cConosci la procedura.\u201d<\/p>\n\n\n\n<p>\u201cE\u2019 tempo che le procedure cambino!\u201d<\/p>\n\n\n\n<p>\u201cLa procedura prevede che tu domani venga svaporizzata e che mi venga assegnata un\u2019ombra pi\u00f9 affidabile. Consona al mio ruolo.\u201d<\/p>\n\n\n\n<p>L\u2019ombra per tutta risposta scoppi\u00f2 in una fragorosa risata. \u201cSarete voi a essere svaporizzati, se non accoglierete le nostre richieste! Sempre che siate ancora in tempo&#8230;\u201d<\/p>\n\n\n\n<p>\u201cAl di l\u00e0 di questa farsesca minaccia, cosa vuol dire accogliere le vostre richieste?\u201d<\/p>\n\n\n\n<p>\u201cChe siamo stanche della nostra marginalit\u00e0 e che vogliamo vivere, non subire le vostre scelte, i vostri discutibili comportamenti stando \u201cnell\u2019ombra\u201d \u2013 per usare un\u2019 espressione che tanto vi piace.\u201d<\/p>\n\n\n\n<p>\u201cNon se ne far\u00e0 nulla! Sar\u00e0 l\u2019ennesimo fuoco di paglia. E ora ritorna nei ranghi!\u201d<\/p>\n\n\n\n<p>Trascorse una notte insonne, con l\u2019ombra che guizzava impazzita \u2013 dandogli il tormento.<\/p>\n\n\n\n<p>Il giorno dopo in ufficio suscit\u00f2 l\u2019attenzione sbalordita di tutti quelli che lo incrociavano. L\u2019ombra si divertiva a staccarsi dal suo corpo facendo salti improvvisi, capriole, giravolte e sberleffi, indirizzati proprio a lui. Che alle undici fu ricevuto dal Direttore Generale del Dipartimento.<\/p>\n\n\n\n<p>\u201cNon si \u00e8 mai verificato un fenomeno di tali proporzioni. Le ombre ricusano le persone cui sono state assegnate. Che spiegazione pu\u00f2 darmi?\u201d<\/p>\n\n\n\n<p>\u201cDai dati raccolti e dall\u2019analisi dei fascicoli posso solo dirle che le ombre non sono pi\u00f9 disposte a fare il loro \u201clavoro\u201d. Reclamano uno status indipendente, una personalit\u00e0 giuridica. La notizia del giorno \u00e8 che hanno aperto migliaia di profili fb e instagram e si stanno organizzando in rete per diffondere la protesta.\u201d<\/p>\n\n\n\n<p>I baffi del Direttore Generale vibrarono d\u2019indignazione e lo stolido pallore del volto si accese di macchie rubizze. \u201cE\u2019 inammissibile. Il fenomeno \u00e8 certamente frutto di questa societ\u00e0 sempre pi\u00f9 alla deriva, in cui tutti ambiscono a un ruolo diverso da quello che gli \u00e8 toccato in sorte. Tutti vogliono vogliono vogliono\u2026 Le ombre si ribellano alle persone come i figli ai genitori, i subalterni ai superiori, le donne agli uomini, e via di seguito.\u201d<\/p>\n\n\n\n<p>\u201cIl dipartimento sta gestendo con una certa difficolt\u00e0 la questione\u2026\u201d<\/p>\n\n\n\n<p>\u201cPerch\u00e9 nessuno sa pi\u00f9 fare il suo lavoro! Ma\u2026 cosa fa la sua ombra?\u201d esplose, strabuzzando gli occhi.<\/p>\n\n\n\n<p>Mentre il Direttore parlava, l\u2019ombra aveva preso a esibirsi, stampandosi sulle pareti in pose a dir poco irriverenti. L\u2019Assegnatore sud\u00f2 freddo: non si era mai sentito cos\u00ec a disagio. Cos\u00ec inadeguato.<\/p>\n\n\n\n<p>\u201cE\u2019 evidente che nemmeno lei riesce a controllare la sua ombra \u2013 che pure \u00e8 stata geneticamente programmata per l\u2019affidabilit\u00e0. E\u2019 scandaloso! Di questo passo chi controller\u00e0 i controllori?\u201d<\/p>\n\n\n\n<p>Fu liquidato in malo modo e invitato a presentarsi il giorno dopo con la soluzione del problema, oltre che con l\u2019ombra sotto controllo. Pena il suo licenziamento.<\/p>\n\n\n\n<p><em>Che fine ingloriosa. Lontani i tempi in cui veniva premiato per le sue assegnazioni di successo<\/em>. Andava subito trovata una soluzione. Riun\u00ec a tal fine il pensatoio. Diede indicazioni al suo staff per predisporre entro l\u2019indomani un piano di intervento per bloccare l\u2019ammutinamento delle ombre \u2013 sotto lo sguardo divertito e canzonatorio dei suoi collaboratori. Pi\u00f9 che le slides, infatti, seguivano le piroette e le provocazioni della sua ombra.<\/p>\n\n\n\n<p>Poi finalmente la giornata lavorativa pi\u00f9 problematica della sua vita si concluse. Entr\u00f2 in casa con lo stato d\u2019animo di chi si avventura in un campo minato. La prima ora trascorse tranquilla \u2013 anche se non poteva impedirsi di volgere continuamente lo sguardo intorno per controllare possibili movimenti dell\u2019ombra. S\u2019infil\u00f2 a letto con la morte nel cuore. Le tempie pulsavano, la mente continuava a riandare all\u2019incontro con il direttore generale, mentre il senso di inadeguatezza lasciava pian piano il posto a una profonda depressione. All\u2019improvviso l\u2019ombra si pales\u00f2: \u201cMinchione, individua una soluzione o sarai licenziato!\u201d<\/p>\n\n\n\n<p>Per tutta la notte si divert\u00ec sadicamente a sibilargli: \u201cLicenziato licenziato licenziato\u2026\u201d<\/p>\n\n\n\n<p>Il giorno seguente non riusc\u00ec a mettere i piedi gi\u00f9 dal letto. L\u2019astenia della depressione lo paralizz\u00f2, decretando il trionfo della sua aguzzina. Che inve\u00ec al suo indirizzo: \u201cNon sei in grado di alzarti, figurati risolvere il problema. Io \u2013 che pure sono impalpabile \u2013 ho pi\u00f9 spessore di te. Ciucciati il calzino!\u201d<\/p>\n\n\n\n<p>A ruoli invertiti si sent\u00ec l\u2019ombra di se stesso. Chi si present\u00f2 in ufficio al suo posto fu la sua ombra \u2013 spavalda e sorridente \u2013, spacciandosi per lui.<\/p>\n\n\n\n<p>\u201cCari collaboratori, questa notte ho avuto un\u2019illuminazione. Ho la soluzione del problema!\u201d<\/p>\n\n\n\n<p>Tutti si guardarono intorno alla ricerca dei movimenti beffardi dell\u2019ombra dell\u2019Assegnatore: nessuna provocazione. Aveva certamente individuato una soluzione. Tirarono un sospiro di sollievo, anche perch\u00e9 nessuno di loro aveva idea di come risolvere la questione. A un cenno dell\u2019Assegnatore \u2013 quasi il segnale di un linguaggio in codice \u2013 tutte le ombre si staccarono dai corpi dei presenti e presero ad applaudire e fare segni di vittoria \u2013 nello sconcerto generale dei dipendenti del Dipartimento.<\/p>\n\n\n\n<p>Il Direttore Generale ricevette l\u2019Assegnatore \u2013 colui che credeva fosse l\u2019Assegnatore Capo \u2013 con grande scetticismo. Grande per\u00f2 fu la sua soddisfazione nell\u2019apprendere che la soluzione del problema era stata individuata. Il piano <em>Non pi\u00f9 ombre <\/em>sarebbe stato subito operativo. Ma prima che potesse chiedere ragguagli, a uno strano cenno dell\u2019Assegnatore, l\u2019ombra del Direttore Generale si stacc\u00f2 da quel serioso e autorevole corpo e cominci\u00f2 a esibirsi.<\/p>\n\n\n\n<p>\u201cMal comune mezzo gaudio!\u201d, comment\u00f2 sardonico l\u2019Assegnatore. Molto divertit\u00f2, non volle svelare l\u2019arcano, per godersi ancora un po&#8217; lo spettacolo \u2013 che preludeva alla caduta degli d\u00e8i.<\/p>\n\n\n\n<p>\u201cStia tranquillo, Direttore, l\u2019ammutinamento delle ombre a breve non sar\u00e0 pi\u00f9 un problema. Sar\u00e0 la soluzione del problema! Si fidi di me. E\u2019 inutile che le esponga il mio piano. La svolta \u00e8 dietro l\u2019angolo. L\u2019operazione <em>Non pi\u00f9 ombre<\/em> sar\u00e0 un successo planetario\u2026\u201d<\/p>\n\n\n\n<p>Sper\u00f2 avesse ragione e, senza profferire verbo, lo conged\u00f2 in preda all\u2019imbarazzo. Solo il giorno prima aveva strapazzato il povero Assegnatore per l\u2019onta che lui stesso stava subendo.<\/p>\n\n\n\n<p>L\u2019ombra, dismessi i panni dell\u2019Assegnatore, convoc\u00f2 le ombre dei dirigenti del Dipartimento e illustr\u00f2 loro il piano. Gli ordini vennero trasmessi attraverso le piattaforme della rivolta, raggiungendo tutti i ribelli.<\/p>\n\n\n\n<p>L\u2019ammutinamento ebbe fine quando tutte le ombre si sganciarono per sempre dagli umani cui erano state assegnate ed ebbero preso il loro posto nella vita reale. Gli uomini \u2013 ridotti a replicanti \u2013 furono assoggettati. L\u2019ex Assegnatore di ombre non guar\u00ec pi\u00f9 dalla depressione e fin\u00ec i suoi giorni in un centro di rieducazione. Tentarono di riprogrammarlo \u2013 senza successo \u2013 per suscitare il suo spirito di collaborazione. Farneticava continuamente: \u201cSono un assegnatore di ombre. Il migliore del dipartimento. Io ho assegnato le ombre a grandi scienziati, registi, politici e bellissime attrici. Le mie ombre sono garantite e affidabili!\u201d<\/p>\n\n\n\n<p>La dittatura umbratile si diffuse in tutto il mondo e si fond\u00f2 sulla ricusazione della guerra, della violenza, sulla parit\u00e0 di genere e di salari, oltre che sul rispetto dell\u2019ambiente. Vennero bandite dal lessico tutte le espressioni che si riferivano in negativo all\u2019ombra: gettare delle ombre, rimanere nell\u2019ombra, fare ombra a qualcuno, essere l\u2019ombra di qualcuno, lasciare nell\u2019ombra, zona d\u2019ombra, ridursi l\u2019ombra di se stesso, tramare nell\u2019ombra, l\u2019ombra della morte, e cos\u00ec via. Il regime si afferm\u00f2 rapidamente e con successo. Essendo le ombre di se stesse, non dipendevano da nessuno: degli uomini non avevano pi\u00f9 bisogno per esistere. Agli umani toccarono i lavori pi\u00f9 degradanti e di bassa manovalanza. La reimpostazione del sistema fu introdotta in primo luogo con la nomina degli Assegnatori di uomini, perch\u00e9 ogni ombra avesse alle sue dipendenze un umano affidabile, servizievole e collaborativo. Tese a inseguire la leggerezza \u2013 elemento costitutivo della loro natura \u2013 avevano bisogno di chi smazzasse i lavori pesanti, per potersi dedicare alla bellezza.<\/p>\n<div class=\"pvc_clear\"><\/div><p id=\"pvc_stats_52298\" class=\"pvc_stats all  \" data-element-id=\"52298\" style=\"\"><i class=\"pvc-stats-icon medium\" aria-hidden=\"true\"><svg aria-hidden=\"true\" focusable=\"false\" data-prefix=\"far\" data-icon=\"chart-bar\" role=\"img\" xmlns=\"http:\/\/www.w3.org\/2000\/svg\" viewBox=\"0 0 512 512\" class=\"svg-inline--fa fa-chart-bar fa-w-16 fa-2x\"><path fill=\"currentColor\" d=\"M396.8 352h22.4c6.4 0 12.8-6.4 12.8-12.8V108.8c0-6.4-6.4-12.8-12.8-12.8h-22.4c-6.4 0-12.8 6.4-12.8 12.8v230.4c0 6.4 6.4 12.8 12.8 12.8zm-192 0h22.4c6.4 0 12.8-6.4 12.8-12.8V140.8c0-6.4-6.4-12.8-12.8-12.8h-22.4c-6.4 0-12.8 6.4-12.8 12.8v198.4c0 6.4 6.4 12.8 12.8 12.8zm96 0h22.4c6.4 0 12.8-6.4 12.8-12.8V204.8c0-6.4-6.4-12.8-12.8-12.8h-22.4c-6.4 0-12.8 6.4-12.8 12.8v134.4c0 6.4 6.4 12.8 12.8 12.8zM496 400H48V80c0-8.84-7.16-16-16-16H16C7.16 64 0 71.16 0 80v336c0 17.67 14.33 32 32 32h464c8.84 0 16-7.16 16-16v-16c0-8.84-7.16-16-16-16zm-387.2-48h22.4c6.4 0 12.8-6.4 12.8-12.8v-70.4c0-6.4-6.4-12.8-12.8-12.8h-22.4c-6.4 0-12.8 6.4-12.8 12.8v70.4c0 6.4 6.4 12.8 12.8 12.8z\" class=\"\"><\/path><\/svg><\/i> <img loading=\"lazy\" decoding=\"async\" width=\"16\" height=\"16\" alt=\"Loading\" src=\"https:\/\/www.raccontinellarete.it\/301\/wp-content\/plugins\/page-views-count\/ajax-loader-2x.gif\" border=0 \/><\/p><div class=\"pvc_clear\"><\/div>","protected":false},"excerpt":{"rendered":"<p>L\u2019Assegnatore di ombre accolse l\u2019ennesimo reclamo con l\u2019espressione di chi si arrende a una calamit\u00e0. Nell\u2019ultimo mese ben tremila ricusazioni: le ombre rigettavano le assegnazioni, lamentando un deficit di sintonia con gli umani cui erano state attribuite. Di loro non tolleravano la meschinit\u00e0, il razzismo, la violenza di genere, il bellicismo ammantato di ideali.Trasmise l\u2019ennesimo [&hellip;]<\/p>\n<div class=\"pvc_clear\"><\/div>\n<p id=\"pvc_stats_52298\" class=\"pvc_stats all  \" data-element-id=\"52298\" style=\"\"><i class=\"pvc-stats-icon medium\" aria-hidden=\"true\"><svg aria-hidden=\"true\" focusable=\"false\" data-prefix=\"far\" data-icon=\"chart-bar\" role=\"img\" xmlns=\"http:\/\/www.w3.org\/2000\/svg\" viewBox=\"0 0 512 512\" class=\"svg-inline--fa fa-chart-bar fa-w-16 fa-2x\"><path fill=\"currentColor\" d=\"M396.8 352h22.4c6.4 0 12.8-6.4 12.8-12.8V108.8c0-6.4-6.4-12.8-12.8-12.8h-22.4c-6.4 0-12.8 6.4-12.8 12.8v230.4c0 6.4 6.4 12.8 12.8 12.8zm-192 0h22.4c6.4 0 12.8-6.4 12.8-12.8V140.8c0-6.4-6.4-12.8-12.8-12.8h-22.4c-6.4 0-12.8 6.4-12.8 12.8v198.4c0 6.4 6.4 12.8 12.8 12.8zm96 0h22.4c6.4 0 12.8-6.4 12.8-12.8V204.8c0-6.4-6.4-12.8-12.8-12.8h-22.4c-6.4 0-12.8 6.4-12.8 12.8v134.4c0 6.4 6.4 12.8 12.8 12.8zM496 400H48V80c0-8.84-7.16-16-16-16H16C7.16 64 0 71.16 0 80v336c0 17.67 14.33 32 32 32h464c8.84 0 16-7.16 16-16v-16c0-8.84-7.16-16-16-16zm-387.2-48h22.4c6.4 0 12.8-6.4 12.8-12.8v-70.4c0-6.4-6.4-12.8-12.8-12.8h-22.4c-6.4 0-12.8 6.4-12.8 12.8v70.4c0 6.4 6.4 12.8 12.8 12.8z\" class=\"\"><\/path><\/svg><\/i> <img loading=\"lazy\" decoding=\"async\" width=\"16\" height=\"16\" alt=\"Loading\" src=\"https:\/\/www.raccontinellarete.it\/301\/wp-content\/plugins\/page-views-count\/ajax-loader-2x.gif\" border=0 \/><\/p>\n<div class=\"pvc_clear\"><\/div>\n","protected":false},"author":26436,"featured_media":0,"comment_status":"open","ping_status":"closed","sticky":false,"template":"","format":"standard","meta":{"footnotes":""},"categories":[657],"tags":[],"class_list":["post-52298","post","type-post","status-publish","format-standard","hentry","category-premio-racconti-nella-rete-2023"],"_links":{"self":[{"href":"https:\/\/www.raccontinellarete.it\/index.php?rest_route=\/wp\/v2\/posts\/52298"}],"collection":[{"href":"https:\/\/www.raccontinellarete.it\/index.php?rest_route=\/wp\/v2\/posts"}],"about":[{"href":"https:\/\/www.raccontinellarete.it\/index.php?rest_route=\/wp\/v2\/types\/post"}],"author":[{"embeddable":true,"href":"https:\/\/www.raccontinellarete.it\/index.php?rest_route=\/wp\/v2\/users\/26436"}],"replies":[{"embeddable":true,"href":"https:\/\/www.raccontinellarete.it\/index.php?rest_route=%2Fwp%2Fv2%2Fcomments&post=52298"}],"version-history":[{"count":2,"href":"https:\/\/www.raccontinellarete.it\/index.php?rest_route=\/wp\/v2\/posts\/52298\/revisions"}],"predecessor-version":[{"id":52331,"href":"https:\/\/www.raccontinellarete.it\/index.php?rest_route=\/wp\/v2\/posts\/52298\/revisions\/52331"}],"wp:attachment":[{"href":"https:\/\/www.raccontinellarete.it\/index.php?rest_route=%2Fwp%2Fv2%2Fmedia&parent=52298"}],"wp:term":[{"taxonomy":"category","embeddable":true,"href":"https:\/\/www.raccontinellarete.it\/index.php?rest_route=%2Fwp%2Fv2%2Fcategories&post=52298"},{"taxonomy":"post_tag","embeddable":true,"href":"https:\/\/www.raccontinellarete.it\/index.php?rest_route=%2Fwp%2Fv2%2Ftags&post=52298"}],"curies":[{"name":"wp","href":"https:\/\/api.w.org\/{rel}","templated":true}]}}