{"id":5212,"date":"2011-02-01T18:22:02","date_gmt":"2011-02-01T17:22:02","guid":{"rendered":"http:\/\/www.raccontinellarete.it\/?p=5212"},"modified":"2011-02-01T18:22:02","modified_gmt":"2011-02-01T17:22:02","slug":"premio-racconti-nella-rete-2011-artista-di-strada-di-cesare-borroni","status":"publish","type":"post","link":"https:\/\/www.raccontinellarete.it\/?p=5212","title":{"rendered":"Premio Racconti nella Rete 2011 &#8220;Artista di strada&#8221; di Cesare Borroni"},"content":{"rendered":"<p>Transitavo per il sottopassaggio della ferrovia, che unisce due strade della citt\u00e0, quel pomeriggio. I treni che si incrociavano pi\u00f9 sopra, provocavano, a irregolari intervalli, un rumore di ferraglie che scuoteva la volta del tunnel.\u00a0 Pochi passanti transitavano svelti, chiusi nei loro giubbotti, le mani in tasca, per il freddo invernale. Il mio passo era pi\u00f9 lento del loro, quasi a gustare quel rumore dei treni in transito.\u00a0 Andavo con la mente a quando ero bambino, ed i treni mi avevano sempre affascinato.<\/p>\n<p>D\u2019un\u00a0 tratto, verso la met\u00e0 del sottopassaggio, un suono di chitarra, ed una voce, che cantava una melodia andalusa. Incuriosito, vidi un uomo seduto per terra, il fodero rigido della chitarra al suo fianco, qualche moneta dentro, e lui che cantava e suonava. La gente gli passava vicino, ignorandolo, piena della fretta di ogni giorno, quella fretta che spersonalizza, che ti rapisce, che chiude la porta a tutto, anche ad una lieve pausa, per gettare un\u2019occhiata a quell\u2019uomo, seduto al lato del tunnel. Io no, andavo pi\u00f9 lento, e mi fermai accanto a lui, ad ascoltare. Mi piaceva quella sua musica, quegli accordi, quegli arpeggi, cercati e trovati sulle corde del suo strumento.\u00a0 Finito il pezzo, mi complimentai con lui, e lui mi raccont\u00f2 di s\u00e9. Veniva dalla Bulgaria, il pap\u00e0 spagnolo, la madre greca, la moglie ed i figli piccoli lontani, vicino a Sofia. Le sue dita, pur gelide per il freddo, si muovevano agili sulla tastiera, e quel suono andaluso, ricordava le origini di suo padre. Era stato in altri Paesi Europei, ora era capitato qui, in Italia, e, adesso, precisamente a Trento, posto fisso il sottopassaggio della ferrovia. La gente continuava a passargli a fianco, ignara, dal passo spedito. Non c\u2019\u00e8 tempo oggi per fermarsi, anche per un semplice euro da lasciare di corsa nel fodero aperto di quella chitarra. Mi raccont\u00f2 ancora di lui, della sua nostalgia per la famiglia lontana, dei pochi soldi che poteva inviare. Presto sarebbe ripartito, sarebbe tornato dai suoi, per poi riprendere il suo girovagare.<\/p>\n<p>Era un artista, un artista di strada. Gli lasciai qualcosa, lo salutai e gli augurai buona fortuna. Mi colp\u00ec una cosa. Si alz\u00f2, e mi abbracci\u00f2, e mi ritrovai anch\u2019io ad abbracciarlo. Qualcosa ci aveva spinto in quell\u2019abbraccio. Lui forse sent\u00ec di non essere solo, ed io avevo sentito il bisogno di farglielo sapere.<\/p>\n<p>A distanza di tempo, lo incontrai ancora, sempre allo stesso posto, verso la met\u00e0 del sottopassaggio della ferrovia. Mi riconobbe, lo riconobbi. Due nuove parole, una stretta di mano, ed un saluto: \u201cCiao, amico, grazie!\u201d, mi disse. Mi sentii migliore, cos\u00ec diverso dalla gente distratta che passava. Ci vuole cos\u00ec poco per sentirsi pi\u00f9 ricchi dentro, e donare un sorriso ad una persona che ne ha bisogno!<\/p>\n<p>Era un artista di strada, di mamma greca e di padre andaluso. Non so se lo rivedr\u00f2 ancora, ma di certo non mi scorder\u00f2 di lui.<\/p>\n<div class=\"pvc_clear\"><\/div>\n<p id=\"pvc_stats_5212\" class=\"pvc_stats all  \" data-element-id=\"5212\" style=\"\"><i class=\"pvc-stats-icon medium\" aria-hidden=\"true\"><svg aria-hidden=\"true\" focusable=\"false\" data-prefix=\"far\" data-icon=\"chart-bar\" role=\"img\" xmlns=\"http:\/\/www.w3.org\/2000\/svg\" viewBox=\"0 0 512 512\" class=\"svg-inline--fa fa-chart-bar fa-w-16 fa-2x\"><path fill=\"currentColor\" d=\"M396.8 352h22.4c6.4 0 12.8-6.4 12.8-12.8V108.8c0-6.4-6.4-12.8-12.8-12.8h-22.4c-6.4 0-12.8 6.4-12.8 12.8v230.4c0 6.4 6.4 12.8 12.8 12.8zm-192 0h22.4c6.4 0 12.8-6.4 12.8-12.8V140.8c0-6.4-6.4-12.8-12.8-12.8h-22.4c-6.4 0-12.8 6.4-12.8 12.8v198.4c0 6.4 6.4 12.8 12.8 12.8zm96 0h22.4c6.4 0 12.8-6.4 12.8-12.8V204.8c0-6.4-6.4-12.8-12.8-12.8h-22.4c-6.4 0-12.8 6.4-12.8 12.8v134.4c0 6.4 6.4 12.8 12.8 12.8zM496 400H48V80c0-8.84-7.16-16-16-16H16C7.16 64 0 71.16 0 80v336c0 17.67 14.33 32 32 32h464c8.84 0 16-7.16 16-16v-16c0-8.84-7.16-16-16-16zm-387.2-48h22.4c6.4 0 12.8-6.4 12.8-12.8v-70.4c0-6.4-6.4-12.8-12.8-12.8h-22.4c-6.4 0-12.8 6.4-12.8 12.8v70.4c0 6.4 6.4 12.8 12.8 12.8z\" class=\"\"><\/path><\/svg><\/i> <img loading=\"lazy\" decoding=\"async\" width=\"16\" height=\"16\" alt=\"Loading\" src=\"https:\/\/www.raccontinellarete.it\/301\/wp-content\/plugins\/page-views-count\/ajax-loader-2x.gif\" border=0 \/><\/p>\n<div class=\"pvc_clear\"><\/div>\n","protected":false},"excerpt":{"rendered":"<p>Transitavo per il sottopassaggio della ferrovia, che unisce due strade della citt\u00e0, quel pomeriggio. I treni che si incrociavano pi\u00f9 sopra, provocavano, a irregolari intervalli, un rumore di ferraglie che scuoteva la volta del tunnel.\u00a0 Pochi passanti transitavano svelti, chiusi nei loro giubbotti, le mani in tasca, per il freddo invernale. Il mio passo era [&hellip;]<\/p>\n<div class=\"pvc_clear\"><\/div>\n<p id=\"pvc_stats_5212\" class=\"pvc_stats all  \" data-element-id=\"5212\" style=\"\"><i class=\"pvc-stats-icon medium\" aria-hidden=\"true\"><svg aria-hidden=\"true\" focusable=\"false\" data-prefix=\"far\" data-icon=\"chart-bar\" role=\"img\" xmlns=\"http:\/\/www.w3.org\/2000\/svg\" viewBox=\"0 0 512 512\" class=\"svg-inline--fa fa-chart-bar fa-w-16 fa-2x\"><path fill=\"currentColor\" d=\"M396.8 352h22.4c6.4 0 12.8-6.4 12.8-12.8V108.8c0-6.4-6.4-12.8-12.8-12.8h-22.4c-6.4 0-12.8 6.4-12.8 12.8v230.4c0 6.4 6.4 12.8 12.8 12.8zm-192 0h22.4c6.4 0 12.8-6.4 12.8-12.8V140.8c0-6.4-6.4-12.8-12.8-12.8h-22.4c-6.4 0-12.8 6.4-12.8 12.8v198.4c0 6.4 6.4 12.8 12.8 12.8zm96 0h22.4c6.4 0 12.8-6.4 12.8-12.8V204.8c0-6.4-6.4-12.8-12.8-12.8h-22.4c-6.4 0-12.8 6.4-12.8 12.8v134.4c0 6.4 6.4 12.8 12.8 12.8zM496 400H48V80c0-8.84-7.16-16-16-16H16C7.16 64 0 71.16 0 80v336c0 17.67 14.33 32 32 32h464c8.84 0 16-7.16 16-16v-16c0-8.84-7.16-16-16-16zm-387.2-48h22.4c6.4 0 12.8-6.4 12.8-12.8v-70.4c0-6.4-6.4-12.8-12.8-12.8h-22.4c-6.4 0-12.8 6.4-12.8 12.8v70.4c0 6.4 6.4 12.8 12.8 12.8z\" class=\"\"><\/path><\/svg><\/i> <img loading=\"lazy\" decoding=\"async\" width=\"16\" height=\"16\" alt=\"Loading\" src=\"https:\/\/www.raccontinellarete.it\/301\/wp-content\/plugins\/page-views-count\/ajax-loader-2x.gif\" border=0 \/><\/p>\n<div class=\"pvc_clear\"><\/div>\n","protected":false},"author":1431,"featured_media":0,"comment_status":"open","ping_status":"closed","sticky":false,"template":"","format":"standard","meta":{"footnotes":""},"categories":[14],"tags":[],"class_list":["post-5212","post","type-post","status-publish","format-standard","hentry","category-premio-racconti-nella-rete-2011"],"_links":{"self":[{"href":"https:\/\/www.raccontinellarete.it\/index.php?rest_route=\/wp\/v2\/posts\/5212"}],"collection":[{"href":"https:\/\/www.raccontinellarete.it\/index.php?rest_route=\/wp\/v2\/posts"}],"about":[{"href":"https:\/\/www.raccontinellarete.it\/index.php?rest_route=\/wp\/v2\/types\/post"}],"author":[{"embeddable":true,"href":"https:\/\/www.raccontinellarete.it\/index.php?rest_route=\/wp\/v2\/users\/1431"}],"replies":[{"embeddable":true,"href":"https:\/\/www.raccontinellarete.it\/index.php?rest_route=%2Fwp%2Fv2%2Fcomments&post=5212"}],"version-history":[{"count":1,"href":"https:\/\/www.raccontinellarete.it\/index.php?rest_route=\/wp\/v2\/posts\/5212\/revisions"}],"predecessor-version":[{"id":5216,"href":"https:\/\/www.raccontinellarete.it\/index.php?rest_route=\/wp\/v2\/posts\/5212\/revisions\/5216"}],"wp:attachment":[{"href":"https:\/\/www.raccontinellarete.it\/index.php?rest_route=%2Fwp%2Fv2%2Fmedia&parent=5212"}],"wp:term":[{"taxonomy":"category","embeddable":true,"href":"https:\/\/www.raccontinellarete.it\/index.php?rest_route=%2Fwp%2Fv2%2Fcategories&post=5212"},{"taxonomy":"post_tag","embeddable":true,"href":"https:\/\/www.raccontinellarete.it\/index.php?rest_route=%2Fwp%2Fv2%2Ftags&post=5212"}],"curies":[{"name":"wp","href":"https:\/\/api.w.org\/{rel}","templated":true}]}}