{"id":51422,"date":"2023-05-15T17:55:21","date_gmt":"2023-05-15T16:55:21","guid":{"rendered":"http:\/\/www.raccontinellarete.it\/?p=51422"},"modified":"2023-05-15T17:55:21","modified_gmt":"2023-05-15T16:55:21","slug":"premio-racconti-nella-rete-2023-il-vulcano-di-pietro-de-martino","status":"publish","type":"post","link":"https:\/\/www.raccontinellarete.it\/?p=51422","title":{"rendered":"Premio Racconti nella Rete 2023 \u201cIl Vulcano\u201d di Pietro De Martino"},"content":{"rendered":"\n<p>Lui: \u201clo notai per la prima volta, qualche mese fa. Sar\u00e0 stato l&#8217;inizio di Dicembre. Ricordo bene: era un sabato mattina e io ero andato all&#8217;alimentari a comprare qualcosa per il pranzo. Per qualche motivo, il negozio era chiuso e cos\u00ec decisi di tagliare dalla strada laterale per andare al supermercato su Corso Venezia. Era una mattina soleggiata, ma la maggior parte della strada era ancora in ombra e mi ritrovai a camminare molto vicino ai portici e ai finestrini delle macchine in sosta per esporre il viso alla sottile striscia di calda luce solare che correva lungo la strada. Fu l\u00ec che lo vidi per la prima volta, con la vetta che sporgeva dai tetti dall&#8217;altra parte della strada. Mi sorprese non averlo notato prima e mi chiesi che cosa fosse, ma poi me ne dimenticai per diverse settimane.<\/p>\n\n\n\n<p>Il 30 Gennaio ero in ritardo per un appuntamento. Avevo lasciato le luci della macchina accese per tutta la notte e dovetti farmi dare un passaggio da un furgone in transito. Aspettando di svoltare in via Perugino, lo vidi attraverso lo spazio tra due palazzi. Sembrava molto vicino. Per quanto ricordo, la strada da cui l&#8217;avevo visto era a quasi due chilometri di distanza. Non ebbi il tempo di controllare la mappa, ma quella sera ne parlai ai miei vicini: mi dissero di non averlo mai visto. Qualche settimana dopo andai a trovare un amico in prigione a San Vittore. Non avevo voglia di guidare in citt\u00e0 nell&#8217;ora di punta, cos\u00ec presi l&#8217;autobus. Si rivel\u00f2 un incontro deprimente, dato che al mio amico avevano appena rifiutato la libert\u00e0 vigilata. Mentre aspettavo l&#8217;autobus per tornare a casa, notai quel prepuzio dalle mura della prigione. Decisi che fosse un&#8217;allucinazione, ma ero sorpreso dal fatto che fosse uguale alla visione avvenuta vicino casa mia. Rimasi ancora pi\u00f9 stupito quando l&#8217;autobus si ferm\u00f2 nei pressi di una fabbrica e, da l\u00ec, notai un&#8217;altra fattezza identica.<\/p>\n\n\n\n<p>Decisi di analizzare di nuovo la citt\u00e0 una volta tornato a casa, ma quando arrivai era ormai buio. Non c&#8217;era la luna e non riuscivo a vedere al di sopra dei tetti. Quella notte sognai di essere imprigionato in un vulcano. Avevo il corpo paralizzato e riuscivo a muovere solo gli occhi. All&#8217;inizio pensai di essere nella totale oscurit\u00e0, ma dopo un po&#8217; notai un puntino grigio che rimaneva nello stesso posto anche quando muovevo gli occhi. Mi resi conto di essere davanti a un muro scuro. Ebbi la sensazione che la zona alle mie spalle fosse al contrario inondata di luce rossa, ma non potevo esserne sicuro.<\/p>\n\n\n\n<p>La sveglia squill\u00f2 alle 8:30 e saltai fuori dal letto per spegnerla. Durante la notte era piovuto ma aprii le tende e vidi che il cielo mattutino era terso e luminoso. Battendo i denti, mi vestii rapidamente e accesi il fuoco per la macchinetta. In cucina mi versai un po&#8217; di succo di frutta e preparai il caff\u00e8. In attesa che salisse, lavai i piatti della sera prima.<\/p>\n\n\n\n<p>Stavo ancora pensando al Vulcano. Cos\u00ec dopo colazione, uscii per guardarlo meglio e dare un senso a tutto ci\u00f2. Quando arrivai nel punto dove l&#8217;avevo notato per la prima volta, non lo vidi in nessuna direzione. Ripercorsi la strada e mi avvicinai ai giardini delle case. Mi arrampicai persino sui muretti, ma non vidi nulla sopra ai tetti. Percorsi le vie circostanti nel caso avessi preso la strada sbagliata, ma del Vulcano non c&#8217;era traccia. Tornai su via Mozart e non lo vidi neanche da l\u00ec. Cos\u00ec entrai in un&#8217;edicola dall&#8217;altra parte della strada e chiesi al gestore cosa fosse successo al Vulcano: mi disse che non sapeva di cosa stessi parlando. Comprai il giornale locale e me ne andai. Cominci\u00f2 a piovere: mi venne voglia di andarmene per un po&#8217; da Milano.<\/p>\n\n\n\n<p>Quando tornai a casa aggiunsi un po&#8217; di legna al fuoco e cominciai a sfogliare il giornale. Si era bagnato molto e le pagine erano incollate. Era molto difficile leggerlo perch\u00e9 le lettere delle pagine sul retro erano visibili quasi quanto quelle davanti. Stesi il giornale davanti al fuoco e mi addormentai sulla poltrona.<\/p>\n\n\n\n<p>Ridestatomi, decisi di uscire e mi appoggiai contro il lampione sotto casa, cercando di controllare la mia respirazione irregolare. Fissai il punto verso cui il Vulcano aveva cercato di attirare i miei pensieri. Passarono due ragazzi che mangiavano patatine. Provai a chiedere loro del Vulcano, ma scapparono prima che potessi finire la frase. Fermai una donna che spingeva un carrello pieno di spesa, ma mi ignor\u00f2 completamente. Tornai su in casa. Poi uscii di nuovo. Mi si era slacciata la scarpa e mentre camminavo mi sfregava scomodamente contro il tallone. Sulle scale della chiesa di San Gregorio Magno mi chinai ad allacciarla e quando risollevai lo sguardo dal marciapiede vidi il Vulcano dietro il tetto della chiesa. Andai nel panico e iniziai a correre ma, quando arrivai alla fine della via, il Vulcano era l\u00ec ad aspettarmi. Voltai l&#8217;angolo e lo vidi di nuovo. Continuai a correre, prendendo diverse svolte. Ma ogni volta che alzavo lo sguardo vedevo il Vulcano. Da qualsiasi parte scappassi, era sempre davanti a me!<\/p>\n\n\n\n<p>Tornai a casa e mi accasciai sul letto. Ma quando chiusi gli occhi, vidi la vegetazione scura del Vulcano che mi fissava. Diventava sempre pi\u00f9 fosca e la massa del Vulcano sembrava premermi contro la fronte spingendo la nuca contro il cuscino. Cercai di tenere gli occhi aperti e fissai il soffitto. Alla fine l&#8217;oppressione svan\u00ec e caddi in un sonno profondo e senza sogni.<\/p>\n\n\n\n<p>Mi svegliai con una strana sensazione di calma. Preparai la colazione e cominciai a fare il punto della situazione. Pensavo di dover restare a casa d&#8217;ora in poi, dato che quasi sicuramente avrei incontrato di nuovo il Vulcano se fossi uscito. Mi rassegnai al mio destino. I giorni passarono veloci all&#8217;inizio, dato che dedicavo la maggior parte del tempo a preparare questo racconto. Scrivere non mi era mai risultato facile e trovavo il ritmo della narrativa drammatica estremamente impegnativo. In un certo senso, apprezzavo la mia incarcerazione perch\u00e9 mi costringeva a continuare a lavorare. Dopo aver esaurito la scorta di cibo, vissi di gelati, noccioline e birra che compravo dal furgone presente nella mia strada ogni pomeriggio. Per un po&#8217; mangiai principalmente arachidi tostate e ghiaccioli alla fragola, ma presto iniziai a sentire che qualcosa non andava. Cos\u00ec passai in farmacia a comprare della vitamina C. Cominciai a perdere la cognizione del tempo e trascorsi mesi seduto alla scrivania a fissare fuori dalla finestra. Sempre verso il basso, nel caso in cui quella forma familiare fosse spuntata da sopra ai tetti. Iniziai a indossare un cappellino con una grande visiera in modo da non rischiare di intravedere il Vulcano con la coda dell&#8217;occhio. L&#8217;arrivo del furgone di alimentari divenne il culmine della mia giornata.<\/p>\n\n\n\n<p>Non so chi chiam\u00f2 l&#8217;ambulanza, ma fui contento quando arriv\u00f2. All&#8217;inizio pensai fosse il furgone di alimentari e mi chiesi come mai avesse cambiato musica. Quando arrivammo in ospedale, l&#8217;ambiente non mi sorprese. Impiegai diversi mesi a guarire, ma i medici si dimostrarono solidali e per la prima volta potei parlare in dettaglio del Vulcano senza avere la sensazione che i miei interlocutori volessero cambiare discorso. Con il passare delle settimane la mia ossessione diminu\u00ec, e quando fui dimesso avevo ormai compreso che il Vulcano era esistito solamente nella mia testa. Mi suggerirono di passare la convalescenza in campagna. Cos\u00ec mi organizzai per andare da alcuni amici nel piacentino. Socializzare dopo tanto tempo mi incuteva ansia, ma i miei amici furono molto comprensivi e mi lasciarono in pace. C&#8217;era bel tempo, quindi trascorrevo la maggior parte delle giornate a esplorare la campagna.<\/p>\n\n\n\n<p>Quando rividi il Vulcano, non ebbi paura. Invece, non potei far altro che ridere perch\u00e9 era cos\u00ec assurdo, l\u00ec che mi sbirciava attraverso gli alberi. Sentii tornare la mia vecchia curiosit\u00e0. Mi chiedevo come avesse fatto a trovarmi. Attraversai il bosco e trovai il Vulcano, eretto in radura. Era ancora pi\u00f9 mastodontico di quanto avessi immaginato e, da vicino, mostrava segni di abbandono e incuria che da lontano non erano visibili. Mi arrampicai&#8230; ed entrai nell&#8217;oscurit\u00e0!\u201d<\/p>\n\n\n\n<p>Lei: \u201cci feci caso solo qualche giorno dopo la sua morte. Ricordo bene: era la prima volta che andavo sulla sua tomba. Era una mattina luminosa cos\u00ec feci un po&#8217; di bucato, trafficai qualche ora in giardino prima di prendere l&#8217;autobus per il cimitero. Quando arrivai, mi ci vollero delle ore per trovare il punto in cui era sepolto. Il cimitero era enorme, e sulla tomba appena scavata c&#8217;era solamente una piccola croce di legno. Mi sedetti accanto e mi chiesi quale epitaffio avrebbero scolpito sulla lapide. Chiusi gli occhi e sentii il calore del sole sul viso. Quando li riaprii, fu l\u00ec che lo vidi per la prima volta. Mi sorprese non averlo notato prima e mi chiesi che cosa fosse, ma poi me ne dimenticai per diverse settimane.\u201d<\/p>\n<div class=\"pvc_clear\"><\/div><p id=\"pvc_stats_51422\" class=\"pvc_stats all  \" data-element-id=\"51422\" style=\"\"><i class=\"pvc-stats-icon medium\" aria-hidden=\"true\"><svg aria-hidden=\"true\" focusable=\"false\" data-prefix=\"far\" data-icon=\"chart-bar\" role=\"img\" xmlns=\"http:\/\/www.w3.org\/2000\/svg\" viewBox=\"0 0 512 512\" class=\"svg-inline--fa fa-chart-bar fa-w-16 fa-2x\"><path fill=\"currentColor\" d=\"M396.8 352h22.4c6.4 0 12.8-6.4 12.8-12.8V108.8c0-6.4-6.4-12.8-12.8-12.8h-22.4c-6.4 0-12.8 6.4-12.8 12.8v230.4c0 6.4 6.4 12.8 12.8 12.8zm-192 0h22.4c6.4 0 12.8-6.4 12.8-12.8V140.8c0-6.4-6.4-12.8-12.8-12.8h-22.4c-6.4 0-12.8 6.4-12.8 12.8v198.4c0 6.4 6.4 12.8 12.8 12.8zm96 0h22.4c6.4 0 12.8-6.4 12.8-12.8V204.8c0-6.4-6.4-12.8-12.8-12.8h-22.4c-6.4 0-12.8 6.4-12.8 12.8v134.4c0 6.4 6.4 12.8 12.8 12.8zM496 400H48V80c0-8.84-7.16-16-16-16H16C7.16 64 0 71.16 0 80v336c0 17.67 14.33 32 32 32h464c8.84 0 16-7.16 16-16v-16c0-8.84-7.16-16-16-16zm-387.2-48h22.4c6.4 0 12.8-6.4 12.8-12.8v-70.4c0-6.4-6.4-12.8-12.8-12.8h-22.4c-6.4 0-12.8 6.4-12.8 12.8v70.4c0 6.4 6.4 12.8 12.8 12.8z\" class=\"\"><\/path><\/svg><\/i> <img loading=\"lazy\" decoding=\"async\" width=\"16\" height=\"16\" alt=\"Loading\" src=\"https:\/\/www.raccontinellarete.it\/301\/wp-content\/plugins\/page-views-count\/ajax-loader-2x.gif\" border=0 \/><\/p><div class=\"pvc_clear\"><\/div>","protected":false},"excerpt":{"rendered":"<p>Lui: \u201clo notai per la prima volta, qualche mese fa. Sar\u00e0 stato l&#8217;inizio di Dicembre. Ricordo bene: era un sabato mattina e io ero andato all&#8217;alimentari a comprare qualcosa per il pranzo. Per qualche motivo, il negozio era chiuso e cos\u00ec decisi di tagliare dalla strada laterale per andare al supermercato su Corso Venezia. Era [&hellip;]<\/p>\n<div class=\"pvc_clear\"><\/div>\n<p id=\"pvc_stats_51422\" class=\"pvc_stats all  \" data-element-id=\"51422\" style=\"\"><i class=\"pvc-stats-icon medium\" aria-hidden=\"true\"><svg aria-hidden=\"true\" focusable=\"false\" data-prefix=\"far\" data-icon=\"chart-bar\" role=\"img\" xmlns=\"http:\/\/www.w3.org\/2000\/svg\" viewBox=\"0 0 512 512\" class=\"svg-inline--fa fa-chart-bar fa-w-16 fa-2x\"><path fill=\"currentColor\" d=\"M396.8 352h22.4c6.4 0 12.8-6.4 12.8-12.8V108.8c0-6.4-6.4-12.8-12.8-12.8h-22.4c-6.4 0-12.8 6.4-12.8 12.8v230.4c0 6.4 6.4 12.8 12.8 12.8zm-192 0h22.4c6.4 0 12.8-6.4 12.8-12.8V140.8c0-6.4-6.4-12.8-12.8-12.8h-22.4c-6.4 0-12.8 6.4-12.8 12.8v198.4c0 6.4 6.4 12.8 12.8 12.8zm96 0h22.4c6.4 0 12.8-6.4 12.8-12.8V204.8c0-6.4-6.4-12.8-12.8-12.8h-22.4c-6.4 0-12.8 6.4-12.8 12.8v134.4c0 6.4 6.4 12.8 12.8 12.8zM496 400H48V80c0-8.84-7.16-16-16-16H16C7.16 64 0 71.16 0 80v336c0 17.67 14.33 32 32 32h464c8.84 0 16-7.16 16-16v-16c0-8.84-7.16-16-16-16zm-387.2-48h22.4c6.4 0 12.8-6.4 12.8-12.8v-70.4c0-6.4-6.4-12.8-12.8-12.8h-22.4c-6.4 0-12.8 6.4-12.8 12.8v70.4c0 6.4 6.4 12.8 12.8 12.8z\" class=\"\"><\/path><\/svg><\/i> <img loading=\"lazy\" decoding=\"async\" width=\"16\" height=\"16\" alt=\"Loading\" src=\"https:\/\/www.raccontinellarete.it\/301\/wp-content\/plugins\/page-views-count\/ajax-loader-2x.gif\" border=0 \/><\/p>\n<div class=\"pvc_clear\"><\/div>\n","protected":false},"author":26060,"featured_media":0,"comment_status":"open","ping_status":"closed","sticky":false,"template":"","format":"standard","meta":{"footnotes":""},"categories":[657],"tags":[],"class_list":["post-51422","post","type-post","status-publish","format-standard","hentry","category-premio-racconti-nella-rete-2023"],"_links":{"self":[{"href":"https:\/\/www.raccontinellarete.it\/index.php?rest_route=\/wp\/v2\/posts\/51422"}],"collection":[{"href":"https:\/\/www.raccontinellarete.it\/index.php?rest_route=\/wp\/v2\/posts"}],"about":[{"href":"https:\/\/www.raccontinellarete.it\/index.php?rest_route=\/wp\/v2\/types\/post"}],"author":[{"embeddable":true,"href":"https:\/\/www.raccontinellarete.it\/index.php?rest_route=\/wp\/v2\/users\/26060"}],"replies":[{"embeddable":true,"href":"https:\/\/www.raccontinellarete.it\/index.php?rest_route=%2Fwp%2Fv2%2Fcomments&post=51422"}],"version-history":[{"count":1,"href":"https:\/\/www.raccontinellarete.it\/index.php?rest_route=\/wp\/v2\/posts\/51422\/revisions"}],"predecessor-version":[{"id":51423,"href":"https:\/\/www.raccontinellarete.it\/index.php?rest_route=\/wp\/v2\/posts\/51422\/revisions\/51423"}],"wp:attachment":[{"href":"https:\/\/www.raccontinellarete.it\/index.php?rest_route=%2Fwp%2Fv2%2Fmedia&parent=51422"}],"wp:term":[{"taxonomy":"category","embeddable":true,"href":"https:\/\/www.raccontinellarete.it\/index.php?rest_route=%2Fwp%2Fv2%2Fcategories&post=51422"},{"taxonomy":"post_tag","embeddable":true,"href":"https:\/\/www.raccontinellarete.it\/index.php?rest_route=%2Fwp%2Fv2%2Ftags&post=51422"}],"curies":[{"name":"wp","href":"https:\/\/api.w.org\/{rel}","templated":true}]}}