{"id":51286,"date":"2023-05-09T19:31:39","date_gmt":"2023-05-09T18:31:39","guid":{"rendered":"http:\/\/www.raccontinellarete.it\/?p=51286"},"modified":"2023-05-14T19:50:59","modified_gmt":"2023-05-14T18:50:59","slug":"rai-5-e-rai-parlamento-per-il-premio-racconti-nella-rete","status":"publish","type":"post","link":"https:\/\/www.raccontinellarete.it\/?p=51286","title":{"rendered":"Rai 5 e Rai Parlamento per il premio Racconti nella Rete ed il festival LuccAutori"},"content":{"rendered":"\n<p><strong>Grande evidenza mediatica sui canali Rai per LuccAutori ed il premio Racconti nella Rete.<\/strong><\/p>\n\n\n\n<p><strong>RAI 5 &#8211; Venerd\u00ec 12 maggio alle 23 circa nella nuova puntata di \u2018Save The Date\u2019 andr\u00e0 in onda una segnalazione sulla 29^ edizione del festival LuccAutori<\/strong> &#8211; in programma a Lucca dal 16 settembre al 1 ottobre &#8211; con le immagini di alcuni protagonisti della scorsa edizione. Oltre ai vincitori del premio letterario, gli scrittori Giordano Bruno Guerri, Pietrangelo Buttafuoco, Enrico Vanzina ed il regista Bruno Bozzetto. Il programma sar\u00e0 replicato sulla stessa rete per tutta la settimana in vari orari. <strong>Altra replica \u00e8 in programma gioved\u00ec 18 maggio su Rai3 dopo il TG della notte<\/strong>.  La puntata sar\u00e0 visibile su RaiPlay da subito (CanaliTV\/GuidaTV\/Replay RAI5) nel giorno di messa in onda. Vi rester\u00e0 per una settimana e poi la puntata sar\u00e0 reperibile nella pagina del programma &#8216;Save The Date&#8217; su RaiPlay.<\/p>\n\n\n\n<p><strong>RAI TRE &#8211; Mercoled\u00ec 7 giugno alle 11 circa andr\u00e0 in onda la trasmissione &#8220;Spazio Libero&#8221; di Rai Parlamento dedicata alla promozione della prossima edizione del festival LuccAutori ed al ventiduesimo premio Racconti nella Rete.<\/strong>  E&#8217; stata realizzata a Lucca &#8211; con ambientazioni a Villa Guinigi e Liceo artistico Passaglia. Ospiti della giornalista Marina Giraldi, il presidente di LuccAutori, Demetrio Brandi, l&#8217;assessore alla cultura ed ai musei, Angela Mia Pisano, la direttrice del museo di Villa Guinigi, Luisa Berretti, la presidente della Fondazione Mario Tobino, Isabella Tobino, due  scrittori vincitori della scorsa edizione del premio Racconti nella Rete, Benedetta Scafa e Gian Marco Cellini, il dirigente scolastico del Liceo Artistico e Musicale Passaglia, Francesco Feola. La trasmissione sar\u00e0 visibile nel sito di Rai Parlamento e su Rai Play.<\/p>\n\n\n\n<figure class=\"wp-block-image size-large\"><img loading=\"lazy\" decoding=\"async\" width=\"1024\" height=\"768\" src=\"https:\/\/www.raccontinellarete.it\/301\/wp-content\/uploads\/2023\/05\/6bc44f2b-cee1-44c0-be03-03399ae29135-1024x768.jpg\" alt=\"\" class=\"wp-image-51289\" srcset=\"https:\/\/www.raccontinellarete.it\/301\/wp-content\/uploads\/2023\/05\/6bc44f2b-cee1-44c0-be03-03399ae29135-1024x768.jpg 1024w, https:\/\/www.raccontinellarete.it\/301\/wp-content\/uploads\/2023\/05\/6bc44f2b-cee1-44c0-be03-03399ae29135-333x250.jpg 333w, https:\/\/www.raccontinellarete.it\/301\/wp-content\/uploads\/2023\/05\/6bc44f2b-cee1-44c0-be03-03399ae29135-768x576.jpg 768w, https:\/\/www.raccontinellarete.it\/301\/wp-content\/uploads\/2023\/05\/6bc44f2b-cee1-44c0-be03-03399ae29135-1536x1152.jpg 1536w, https:\/\/www.raccontinellarete.it\/301\/wp-content\/uploads\/2023\/05\/6bc44f2b-cee1-44c0-be03-03399ae29135.jpg 2048w\" sizes=\"(max-width: 1024px) 100vw, 1024px\" \/><\/figure>\n<div class=\"pvc_clear\"><\/div><p id=\"pvc_stats_51286\" class=\"pvc_stats all  \" data-element-id=\"51286\" style=\"\"><i class=\"pvc-stats-icon medium\" aria-hidden=\"true\"><svg aria-hidden=\"true\" focusable=\"false\" data-prefix=\"far\" data-icon=\"chart-bar\" role=\"img\" xmlns=\"http:\/\/www.w3.org\/2000\/svg\" viewBox=\"0 0 512 512\" class=\"svg-inline--fa fa-chart-bar fa-w-16 fa-2x\"><path fill=\"currentColor\" d=\"M396.8 352h22.4c6.4 0 12.8-6.4 12.8-12.8V108.8c0-6.4-6.4-12.8-12.8-12.8h-22.4c-6.4 0-12.8 6.4-12.8 12.8v230.4c0 6.4 6.4 12.8 12.8 12.8zm-192 0h22.4c6.4 0 12.8-6.4 12.8-12.8V140.8c0-6.4-6.4-12.8-12.8-12.8h-22.4c-6.4 0-12.8 6.4-12.8 12.8v198.4c0 6.4 6.4 12.8 12.8 12.8zm96 0h22.4c6.4 0 12.8-6.4 12.8-12.8V204.8c0-6.4-6.4-12.8-12.8-12.8h-22.4c-6.4 0-12.8 6.4-12.8 12.8v134.4c0 6.4 6.4 12.8 12.8 12.8zM496 400H48V80c0-8.84-7.16-16-16-16H16C7.16 64 0 71.16 0 80v336c0 17.67 14.33 32 32 32h464c8.84 0 16-7.16 16-16v-16c0-8.84-7.16-16-16-16zm-387.2-48h22.4c6.4 0 12.8-6.4 12.8-12.8v-70.4c0-6.4-6.4-12.8-12.8-12.8h-22.4c-6.4 0-12.8 6.4-12.8 12.8v70.4c0 6.4 6.4 12.8 12.8 12.8z\" class=\"\"><\/path><\/svg><\/i> <img loading=\"lazy\" decoding=\"async\" width=\"16\" height=\"16\" alt=\"Loading\" src=\"https:\/\/www.raccontinellarete.it\/301\/wp-content\/plugins\/page-views-count\/ajax-loader-2x.gif\" border=0 \/><\/p><div class=\"pvc_clear\"><\/div>","protected":false},"excerpt":{"rendered":"<p>Grande evidenza mediatica sui canali Rai per LuccAutori ed il premio Racconti nella Rete. RAI 5 &#8211; Venerd\u00ec 12 maggio alle 23 circa nella nuova puntata di \u2018Save The Date\u2019 andr\u00e0 in onda una segnalazione sulla 29^ edizione del festival LuccAutori &#8211; in programma a Lucca dal 16 settembre al 1 ottobre &#8211; con le [&hellip;]<\/p>\n<div class=\"pvc_clear\"><\/div>\n<p id=\"pvc_stats_51286\" class=\"pvc_stats all  \" data-element-id=\"51286\" style=\"\"><i class=\"pvc-stats-icon medium\" aria-hidden=\"true\"><svg aria-hidden=\"true\" focusable=\"false\" data-prefix=\"far\" data-icon=\"chart-bar\" role=\"img\" xmlns=\"http:\/\/www.w3.org\/2000\/svg\" viewBox=\"0 0 512 512\" class=\"svg-inline--fa fa-chart-bar fa-w-16 fa-2x\"><path fill=\"currentColor\" d=\"M396.8 352h22.4c6.4 0 12.8-6.4 12.8-12.8V108.8c0-6.4-6.4-12.8-12.8-12.8h-22.4c-6.4 0-12.8 6.4-12.8 12.8v230.4c0 6.4 6.4 12.8 12.8 12.8zm-192 0h22.4c6.4 0 12.8-6.4 12.8-12.8V140.8c0-6.4-6.4-12.8-12.8-12.8h-22.4c-6.4 0-12.8 6.4-12.8 12.8v198.4c0 6.4 6.4 12.8 12.8 12.8zm96 0h22.4c6.4 0 12.8-6.4 12.8-12.8V204.8c0-6.4-6.4-12.8-12.8-12.8h-22.4c-6.4 0-12.8 6.4-12.8 12.8v134.4c0 6.4 6.4 12.8 12.8 12.8zM496 400H48V80c0-8.84-7.16-16-16-16H16C7.16 64 0 71.16 0 80v336c0 17.67 14.33 32 32 32h464c8.84 0 16-7.16 16-16v-16c0-8.84-7.16-16-16-16zm-387.2-48h22.4c6.4 0 12.8-6.4 12.8-12.8v-70.4c0-6.4-6.4-12.8-12.8-12.8h-22.4c-6.4 0-12.8 6.4-12.8 12.8v70.4c0 6.4 6.4 12.8 12.8 12.8z\" class=\"\"><\/path><\/svg><\/i> <img loading=\"lazy\" decoding=\"async\" width=\"16\" height=\"16\" alt=\"Loading\" src=\"https:\/\/www.raccontinellarete.it\/301\/wp-content\/plugins\/page-views-count\/ajax-loader-2x.gif\" border=0 \/><\/p>\n<div class=\"pvc_clear\"><\/div>\n","protected":false},"author":3,"featured_media":51288,"comment_status":"open","ping_status":"closed","sticky":false,"template":"","format":"standard","meta":{"footnotes":""},"categories":[87,547,543,5],"tags":[],"class_list":["post-51286","post","type-post","status-publish","format-standard","has-post-thumbnail","hentry","category-comunicato-stampa","category-f-o-r-u-m","category-forum-di-racconti-nella-rete","category-racconti-nella-rete"],"_links":{"self":[{"href":"https:\/\/www.raccontinellarete.it\/index.php?rest_route=\/wp\/v2\/posts\/51286"}],"collection":[{"href":"https:\/\/www.raccontinellarete.it\/index.php?rest_route=\/wp\/v2\/posts"}],"about":[{"href":"https:\/\/www.raccontinellarete.it\/index.php?rest_route=\/wp\/v2\/types\/post"}],"author":[{"embeddable":true,"href":"https:\/\/www.raccontinellarete.it\/index.php?rest_route=\/wp\/v2\/users\/3"}],"replies":[{"embeddable":true,"href":"https:\/\/www.raccontinellarete.it\/index.php?rest_route=%2Fwp%2Fv2%2Fcomments&post=51286"}],"version-history":[{"count":7,"href":"https:\/\/www.raccontinellarete.it\/index.php?rest_route=\/wp\/v2\/posts\/51286\/revisions"}],"predecessor-version":[{"id":51306,"href":"https:\/\/www.raccontinellarete.it\/index.php?rest_route=\/wp\/v2\/posts\/51286\/revisions\/51306"}],"wp:featuredmedia":[{"embeddable":true,"href":"https:\/\/www.raccontinellarete.it\/index.php?rest_route=\/wp\/v2\/media\/51288"}],"wp:attachment":[{"href":"https:\/\/www.raccontinellarete.it\/index.php?rest_route=%2Fwp%2Fv2%2Fmedia&parent=51286"}],"wp:term":[{"taxonomy":"category","embeddable":true,"href":"https:\/\/www.raccontinellarete.it\/index.php?rest_route=%2Fwp%2Fv2%2Fcategories&post=51286"},{"taxonomy":"post_tag","embeddable":true,"href":"https:\/\/www.raccontinellarete.it\/index.php?rest_route=%2Fwp%2Fv2%2Ftags&post=51286"}],"curies":[{"name":"wp","href":"https:\/\/api.w.org\/{rel}","templated":true}]}}