{"id":5123,"date":"2011-01-18T17:42:53","date_gmt":"2011-01-18T16:42:53","guid":{"rendered":"http:\/\/www.raccontinellarete.it\/?p=5123"},"modified":"2011-01-18T17:42:53","modified_gmt":"2011-01-18T16:42:53","slug":"premio-racconti-nella-rete-2011-piumino-e-serena-sezione-racconti-per-bambini-di-michela-guidi","status":"publish","type":"post","link":"https:\/\/www.raccontinellarete.it\/?p=5123","title":{"rendered":"Premio Racconti nella Rete 2011 &#8220;Piumino e Serena&#8221; (sezione racconti per bambini) di Michela Guidi"},"content":{"rendered":"<p>Questa \u00e8 la storia di Piumino, l\u2019angelo che non poteva volare, e di Serena, la bambina che volava con la fantasia. Piumino abitava in un piccolo paese, adagiato fra le morbide nuvole del Paradiso come un fiore di zucchero sulla panna montata.<\/p>\n<p>Era un angioletto vivace ed intelligente, con lucidi riccioli neri che gli incorniciavano il viso paffuto e il sorriso luminoso come la grande stella dalle sfumature rosa che ogni sera veniva appesa al lampione della piazza principale per rendere la notte meno nera. Ma le sue ali non erano mai cresciute: sulla schiena aveva solamente due rigidi ossicini di pollo spolverati di piume spelacchiate, due fastidiose appendici che gli pungevano la schiena quando andava a dormire e che suscitavano l\u2019ilarit\u00e0 dei compagni di scuola. Sua madre lo accarezzava con un sorriso triste e poi guardava sconsolata la fotografia di San Lorenzo, protettore del paese, che troneggiava in salotto dentro una cornice d\u2019argento perennemente tirata a lucido. Suo padre gli diceva scherzando che forse era nato qualche chilometro pi\u00f9 in alto del dovuto, mentre sua sorella gli passava accanto facendo ondeggiare altezzosa un paio di ali lunghe ed armoniose, dalle soffici piume che acconciava sempre con nastri e spille colorate in base alla moda del momento e che ogni tanto si tingeva di biondo con risultati disastrosi.<\/p>\n<p>Nei momenti di tristezza si rifugiava dal suo amico Venticello, santo protettore dell\u2019intestino, che viveva relegato in una casupola lontana dal centro perch\u00e9 i rumori provenienti dalla sua pancia turbavano la quiete pubblica e inquinavano l\u2019aria del paese. \u201cScommetto che anche oggi non ti hanno fatto giocare la partita di pallavolo del torneo scolastico!\u201d Gli diceva il santo quando se lo vedeva comparire sulla porta imbronciato come un nuvolone. \u201cAl massimo mi fanno fare il segnapunti o il raccattapalle\u2026 Non sanno che farsene di un angelo che non pu\u00f2 volare, di un angelo a met\u00e0!\u201d Rispondeva Piumino cercando di ingoiare le lacrime. \u201cUn angelo a met\u00e0? Non mi sembra che tu sia tagliato in due! Comunque se continui a demoralizzarti per questa storia delle ali trovo io il modo di farti volare: spazzandoti via con una bella scoreggiona!\u201d Ribatteva Venticello dandogli sonore pacche sulla schiena e facendogli immediatamente tornare il buonumore. \u201cDevo mostrarti una cosa\u201d Gli disse un giorno il santo, porgendogli un foglio di quaderno sgualcito \u201cE\u2019 una lettera proveniente dalla Terra, leggila\u201d.<\/p>\n<p>Piumino concentr\u00f2 la sua attenzione su quella calligrafia infantile cos\u00ec simile alla propria:<\/p>\n<p>Caro San Venticello, ho nove anni e mi chiamo Serena. Scusa se ti disturbo, ma ho bisogno di chiederti due favori:1) Potresti farmi passare il mal di pancia che mi viene sempre quando mangio il cioccolato? Altrimenti la mamma non me lo compra pi\u00f9! 2) Potresti farmi venire lass\u00f9 in Paradiso per una giornata intera? Io non posso camminare e lascio la mia sedia a rotelle solo per andare a dormire.<\/p>\n<p>Per questo un mio grande desiderio sarebbe quello di volare sulla mia citt\u00e0 comodamente seduta su una delle vostre soffici nuvole, per ammirare tutto quello che dalla mia cameretta non posso vedere! Mi aiuterai? Ciao, Serena. Piumino rimase silenzioso per qualche istante, arrotolandosi un ricciolo all\u2019indice con finta noncuranza. \u201cLei non pu\u00f2 nemmeno camminare. E non vive in Paradiso, come me\u201d Disse poi a bassa voce, come se stesse parlando a se stesso. \u201cMancano solo tre giorni al 15 agosto. Chieder\u00f2 a San Lorenzo di farle cadere una piccola stella proprio fra le mani, per darle la possibilit\u00e0 di realizzare il suo sogno. Non pu\u00f2 rifiutarmi il favore: proprio la settimana scorsa gli ho preparato uno sciroppo portentoso contro la diarrea!\u201d Sentenzi\u00f2 Venticello, riponendo la lettera di Serena in un cassetto. Tre giorni dopo la bambina arriv\u00f2, con la sua sedia a rotelle, i capelli castani sciolti sulle spalle e un\u2019espressione di incredibile gioia negli occhi azzurri. Era cos\u00ec carina che Piumino arross\u00ec come un\u2019aragosta bollita nel porgerle il suo regalo di benvenuto: un\u2019enorme scatola di cioccolatini legata con un nastro rosa. \u201cMangiali tranquillamente. Hai la mia parola di santo che da oggi in poi non avrai pi\u00f9 mal di pancia!\u201d Promise Venticello facendole l\u2019occhiolino. \u201cHo portato la mia motonuvola.<\/p>\n<p>Vuoi fare un giro?\u201d La invit\u00f2 Piumino, ancora intimidito. \u201cMa certo! Sono venuta qui proprio per questo!\u201d Disse ridendo Serena, tendendo le braccia verso di lui. L\u2019angelo la prese in braccio, sentendosi forte come non gli era mai capitato prima, e la sollev\u00f2 delicatamente dalla sedia a rotelle per adagiarla sulla sella della moto. I due bambini partirono, sollevando in aria fiocchi di nuvola, mentre San Venticello li salutava con la mano.<\/p>\n<div class=\"pvc_clear\"><\/div>\n<p id=\"pvc_stats_5123\" class=\"pvc_stats all  \" data-element-id=\"5123\" style=\"\"><i class=\"pvc-stats-icon medium\" aria-hidden=\"true\"><svg aria-hidden=\"true\" focusable=\"false\" data-prefix=\"far\" data-icon=\"chart-bar\" role=\"img\" xmlns=\"http:\/\/www.w3.org\/2000\/svg\" viewBox=\"0 0 512 512\" class=\"svg-inline--fa fa-chart-bar fa-w-16 fa-2x\"><path fill=\"currentColor\" d=\"M396.8 352h22.4c6.4 0 12.8-6.4 12.8-12.8V108.8c0-6.4-6.4-12.8-12.8-12.8h-22.4c-6.4 0-12.8 6.4-12.8 12.8v230.4c0 6.4 6.4 12.8 12.8 12.8zm-192 0h22.4c6.4 0 12.8-6.4 12.8-12.8V140.8c0-6.4-6.4-12.8-12.8-12.8h-22.4c-6.4 0-12.8 6.4-12.8 12.8v198.4c0 6.4 6.4 12.8 12.8 12.8zm96 0h22.4c6.4 0 12.8-6.4 12.8-12.8V204.8c0-6.4-6.4-12.8-12.8-12.8h-22.4c-6.4 0-12.8 6.4-12.8 12.8v134.4c0 6.4 6.4 12.8 12.8 12.8zM496 400H48V80c0-8.84-7.16-16-16-16H16C7.16 64 0 71.16 0 80v336c0 17.67 14.33 32 32 32h464c8.84 0 16-7.16 16-16v-16c0-8.84-7.16-16-16-16zm-387.2-48h22.4c6.4 0 12.8-6.4 12.8-12.8v-70.4c0-6.4-6.4-12.8-12.8-12.8h-22.4c-6.4 0-12.8 6.4-12.8 12.8v70.4c0 6.4 6.4 12.8 12.8 12.8z\" class=\"\"><\/path><\/svg><\/i> <img loading=\"lazy\" decoding=\"async\" width=\"16\" height=\"16\" alt=\"Loading\" src=\"https:\/\/www.raccontinellarete.it\/301\/wp-content\/plugins\/page-views-count\/ajax-loader-2x.gif\" border=0 \/><\/p>\n<div class=\"pvc_clear\"><\/div>\n","protected":false},"excerpt":{"rendered":"<p>Questa \u00e8 la storia di Piumino, l\u2019angelo che non poteva volare, e di Serena, la bambina che volava con la fantasia. Piumino abitava in un piccolo paese, adagiato fra le morbide nuvole del Paradiso come un fiore di zucchero sulla panna montata. Era un angioletto vivace ed intelligente, con lucidi riccioli neri che gli incorniciavano [&hellip;]<\/p>\n<div class=\"pvc_clear\"><\/div>\n<p id=\"pvc_stats_5123\" class=\"pvc_stats all  \" data-element-id=\"5123\" style=\"\"><i class=\"pvc-stats-icon medium\" aria-hidden=\"true\"><svg aria-hidden=\"true\" focusable=\"false\" data-prefix=\"far\" data-icon=\"chart-bar\" role=\"img\" xmlns=\"http:\/\/www.w3.org\/2000\/svg\" viewBox=\"0 0 512 512\" class=\"svg-inline--fa fa-chart-bar fa-w-16 fa-2x\"><path fill=\"currentColor\" d=\"M396.8 352h22.4c6.4 0 12.8-6.4 12.8-12.8V108.8c0-6.4-6.4-12.8-12.8-12.8h-22.4c-6.4 0-12.8 6.4-12.8 12.8v230.4c0 6.4 6.4 12.8 12.8 12.8zm-192 0h22.4c6.4 0 12.8-6.4 12.8-12.8V140.8c0-6.4-6.4-12.8-12.8-12.8h-22.4c-6.4 0-12.8 6.4-12.8 12.8v198.4c0 6.4 6.4 12.8 12.8 12.8zm96 0h22.4c6.4 0 12.8-6.4 12.8-12.8V204.8c0-6.4-6.4-12.8-12.8-12.8h-22.4c-6.4 0-12.8 6.4-12.8 12.8v134.4c0 6.4 6.4 12.8 12.8 12.8zM496 400H48V80c0-8.84-7.16-16-16-16H16C7.16 64 0 71.16 0 80v336c0 17.67 14.33 32 32 32h464c8.84 0 16-7.16 16-16v-16c0-8.84-7.16-16-16-16zm-387.2-48h22.4c6.4 0 12.8-6.4 12.8-12.8v-70.4c0-6.4-6.4-12.8-12.8-12.8h-22.4c-6.4 0-12.8 6.4-12.8 12.8v70.4c0 6.4 6.4 12.8 12.8 12.8z\" class=\"\"><\/path><\/svg><\/i> <img loading=\"lazy\" decoding=\"async\" width=\"16\" height=\"16\" alt=\"Loading\" src=\"https:\/\/www.raccontinellarete.it\/301\/wp-content\/plugins\/page-views-count\/ajax-loader-2x.gif\" border=0 \/><\/p>\n<div class=\"pvc_clear\"><\/div>\n","protected":false},"author":1382,"featured_media":0,"comment_status":"open","ping_status":"closed","sticky":false,"template":"","format":"standard","meta":{"footnotes":""},"categories":[14],"tags":[],"class_list":["post-5123","post","type-post","status-publish","format-standard","hentry","category-premio-racconti-nella-rete-2011"],"_links":{"self":[{"href":"https:\/\/www.raccontinellarete.it\/index.php?rest_route=\/wp\/v2\/posts\/5123"}],"collection":[{"href":"https:\/\/www.raccontinellarete.it\/index.php?rest_route=\/wp\/v2\/posts"}],"about":[{"href":"https:\/\/www.raccontinellarete.it\/index.php?rest_route=\/wp\/v2\/types\/post"}],"author":[{"embeddable":true,"href":"https:\/\/www.raccontinellarete.it\/index.php?rest_route=\/wp\/v2\/users\/1382"}],"replies":[{"embeddable":true,"href":"https:\/\/www.raccontinellarete.it\/index.php?rest_route=%2Fwp%2Fv2%2Fcomments&post=5123"}],"version-history":[{"count":3,"href":"https:\/\/www.raccontinellarete.it\/index.php?rest_route=\/wp\/v2\/posts\/5123\/revisions"}],"predecessor-version":[{"id":5133,"href":"https:\/\/www.raccontinellarete.it\/index.php?rest_route=\/wp\/v2\/posts\/5123\/revisions\/5133"}],"wp:attachment":[{"href":"https:\/\/www.raccontinellarete.it\/index.php?rest_route=%2Fwp%2Fv2%2Fmedia&parent=5123"}],"wp:term":[{"taxonomy":"category","embeddable":true,"href":"https:\/\/www.raccontinellarete.it\/index.php?rest_route=%2Fwp%2Fv2%2Fcategories&post=5123"},{"taxonomy":"post_tag","embeddable":true,"href":"https:\/\/www.raccontinellarete.it\/index.php?rest_route=%2Fwp%2Fv2%2Ftags&post=5123"}],"curies":[{"name":"wp","href":"https:\/\/api.w.org\/{rel}","templated":true}]}}