{"id":51146,"date":"2023-05-02T09:34:09","date_gmt":"2023-05-02T08:34:09","guid":{"rendered":"http:\/\/www.raccontinellarete.it\/?p=51146"},"modified":"2023-05-02T09:34:10","modified_gmt":"2023-05-02T08:34:10","slug":"racconti-nella-rete-2023-allontanati-di-ornella-munetti","status":"publish","type":"post","link":"https:\/\/www.raccontinellarete.it\/?p=51146","title":{"rendered":"Racconti nella Rete 2023 &#8220;Allontanati&#8221; di Ornella Munetti"},"content":{"rendered":"\n<p><br>In fondo si celebra qualcosa, questo \u00e8 un compleanno. \u201cAllontanati, sei troppo sotto, non riesci a<br>vedere\u201d.<br>Sentivo questa frase e mi svegliai, mi sarei allontanata, lo avrei fatto per cercare un\u2019altra vita ma non<br>potevo, ora era tutto chiaro e se mi fossi allontanata ora\u2026 no, non potevo. Ma cosa dovevo fare? Presi<br>il mio zainetto il mio fedelissimo, ci tenevo il necessario e soprattutto quello che poteva servirmi se<br>passavo dal Central Park. Gi\u00e0 il Central Park, proprio al semaforo che separa l\u2019incrocio l\u00ec vicino avevo<br>visto quell\u2019uomo vestito di nero. Alto bello con i capelli sale e pepe, ricordava Richard Gere. Mi<br>sembrava mi guardasse ma pi\u00f9 probabilmente guardava oltre me, il suo sguardo superava la mia testa<br>subito dopo aver penetrato i miei occhi. Almeno mi sembrava cos\u00ec, di sicuro aveva attirato la mia<br>attenzione. Al punto che non ricordavo pi\u00f9 dove volevo andare. Non avevo subito il suo fascino era<br>tempo che non mi sentivo pi\u00f9 interessata a questo, per\u00f2 qualcosa in lui mi aveva colpita. Allontanati,<br>sei troppo sotto, non riesci a vedere. Di nuovo queste parole. Allora se mi allontanassi vedrei meglio.<br>Ma cosa e perch\u00e9 vedere meglio, cosa c\u2019\u00e8 di meglio da vedere se ci si allontana? Anche quell\u2019uomo<br>sembrava allontanare lo sguardo oltre me. Per vedere meglio o per vedere qualcosa, ma cosa?<br>Allontanati.<br>Se mi allontano rivedo tutta la mia vita, ma allora devo guardare indietro, per forza, non sono pi\u00f9<br>troppo sotto quindi ora posso vedere. Anche il compleanno \u00e8 passato, mi hanno regalato un<br>mazzolino di fiori secchi io li preferisco non li so lasciar vivere quelli freschi per\u00f2 questo mazzolino \u00e8<br>carino ma \u00e8 una via di mezzo tra un bouquet per una sposa e i fiori per una tomba. Il compleanno<br>festeggia l\u2019avvicinarsi di qualcosa e l\u2019allontanarsi di qualcos\u2019altro. Allontanati sei troppo sotto, non<br>riesci a vedere, che incubo questa frase nella mia testa. Eppure dovrei avere il cervello sgombro, ho le<br>idee chiare, le istruzioni, so cosa fare.<br>Mi vesto di nero, ho parecchio tempo, credo di avere tutto il tempo che mi serve. Allontanati, sei<br>troppo sotto. Basta. Non voglio pi\u00f9 ascoltare. Il compleanno \u00e8 passato per fortuna, non sopporto le<br>ipocrisie degli auguri. A nessuno interessa degli anni di qualcun\u2019altro. Allontanati, non riesci a vedere.<br>Auguri, ti stai avvicinando, allontanati. Sei troppo sotto. Allontanati. Questa frase mi opprime, mi<br>soffoca, decido di pulire la mia stanza. Sto passando l\u2019aspirapolvere quando squilla il telefono.<br>Qualcuno ancora per gli auguri? Non mi interessa, non rispondo. Allontanati. Forse ora suonano alla<br>porta ma non sento subito, il rumore dell\u2019aspirapolvere \u00e8 troppo forte. Suonano ancora. Ora sento<br>bene. Sei troppo sotto. Le istruzioni erano chiare. Apro lo zainetto e prendo la mia pistola. Apro la<br>porta. Davanti me quell\u2019uomo vestito di nero. Anche lui ha una pistola. Sono troppo sotto ma ora<br>vedo bene.<\/p>\n<div class=\"pvc_clear\"><\/div><p id=\"pvc_stats_51146\" class=\"pvc_stats all  \" data-element-id=\"51146\" style=\"\"><i class=\"pvc-stats-icon medium\" aria-hidden=\"true\"><svg aria-hidden=\"true\" focusable=\"false\" data-prefix=\"far\" data-icon=\"chart-bar\" role=\"img\" xmlns=\"http:\/\/www.w3.org\/2000\/svg\" viewBox=\"0 0 512 512\" class=\"svg-inline--fa fa-chart-bar fa-w-16 fa-2x\"><path fill=\"currentColor\" d=\"M396.8 352h22.4c6.4 0 12.8-6.4 12.8-12.8V108.8c0-6.4-6.4-12.8-12.8-12.8h-22.4c-6.4 0-12.8 6.4-12.8 12.8v230.4c0 6.4 6.4 12.8 12.8 12.8zm-192 0h22.4c6.4 0 12.8-6.4 12.8-12.8V140.8c0-6.4-6.4-12.8-12.8-12.8h-22.4c-6.4 0-12.8 6.4-12.8 12.8v198.4c0 6.4 6.4 12.8 12.8 12.8zm96 0h22.4c6.4 0 12.8-6.4 12.8-12.8V204.8c0-6.4-6.4-12.8-12.8-12.8h-22.4c-6.4 0-12.8 6.4-12.8 12.8v134.4c0 6.4 6.4 12.8 12.8 12.8zM496 400H48V80c0-8.84-7.16-16-16-16H16C7.16 64 0 71.16 0 80v336c0 17.67 14.33 32 32 32h464c8.84 0 16-7.16 16-16v-16c0-8.84-7.16-16-16-16zm-387.2-48h22.4c6.4 0 12.8-6.4 12.8-12.8v-70.4c0-6.4-6.4-12.8-12.8-12.8h-22.4c-6.4 0-12.8 6.4-12.8 12.8v70.4c0 6.4 6.4 12.8 12.8 12.8z\" class=\"\"><\/path><\/svg><\/i> <img loading=\"lazy\" decoding=\"async\" width=\"16\" height=\"16\" alt=\"Loading\" src=\"https:\/\/www.raccontinellarete.it\/301\/wp-content\/plugins\/page-views-count\/ajax-loader-2x.gif\" border=0 \/><\/p><div class=\"pvc_clear\"><\/div>","protected":false},"excerpt":{"rendered":"<p>In fondo si celebra qualcosa, questo \u00e8 un compleanno. \u201cAllontanati, sei troppo sotto, non riesci avedere\u201d.Sentivo questa frase e mi svegliai, mi sarei allontanata, lo avrei fatto per cercare un\u2019altra vita ma nonpotevo, ora era tutto chiaro e se mi fossi allontanata ora\u2026 no, non potevo. Ma cosa dovevo fare? Presiil mio zainetto il mio [&hellip;]<\/p>\n<div class=\"pvc_clear\"><\/div>\n<p id=\"pvc_stats_51146\" class=\"pvc_stats all  \" data-element-id=\"51146\" style=\"\"><i class=\"pvc-stats-icon medium\" aria-hidden=\"true\"><svg aria-hidden=\"true\" focusable=\"false\" data-prefix=\"far\" data-icon=\"chart-bar\" role=\"img\" xmlns=\"http:\/\/www.w3.org\/2000\/svg\" viewBox=\"0 0 512 512\" class=\"svg-inline--fa fa-chart-bar fa-w-16 fa-2x\"><path fill=\"currentColor\" d=\"M396.8 352h22.4c6.4 0 12.8-6.4 12.8-12.8V108.8c0-6.4-6.4-12.8-12.8-12.8h-22.4c-6.4 0-12.8 6.4-12.8 12.8v230.4c0 6.4 6.4 12.8 12.8 12.8zm-192 0h22.4c6.4 0 12.8-6.4 12.8-12.8V140.8c0-6.4-6.4-12.8-12.8-12.8h-22.4c-6.4 0-12.8 6.4-12.8 12.8v198.4c0 6.4 6.4 12.8 12.8 12.8zm96 0h22.4c6.4 0 12.8-6.4 12.8-12.8V204.8c0-6.4-6.4-12.8-12.8-12.8h-22.4c-6.4 0-12.8 6.4-12.8 12.8v134.4c0 6.4 6.4 12.8 12.8 12.8zM496 400H48V80c0-8.84-7.16-16-16-16H16C7.16 64 0 71.16 0 80v336c0 17.67 14.33 32 32 32h464c8.84 0 16-7.16 16-16v-16c0-8.84-7.16-16-16-16zm-387.2-48h22.4c6.4 0 12.8-6.4 12.8-12.8v-70.4c0-6.4-6.4-12.8-12.8-12.8h-22.4c-6.4 0-12.8 6.4-12.8 12.8v70.4c0 6.4 6.4 12.8 12.8 12.8z\" class=\"\"><\/path><\/svg><\/i> <img loading=\"lazy\" decoding=\"async\" width=\"16\" height=\"16\" alt=\"Loading\" src=\"https:\/\/www.raccontinellarete.it\/301\/wp-content\/plugins\/page-views-count\/ajax-loader-2x.gif\" border=0 \/><\/p>\n<div class=\"pvc_clear\"><\/div>\n","protected":false},"author":25895,"featured_media":0,"comment_status":"open","ping_status":"closed","sticky":false,"template":"","format":"standard","meta":{"footnotes":""},"categories":[657],"tags":[],"class_list":["post-51146","post","type-post","status-publish","format-standard","hentry","category-premio-racconti-nella-rete-2023"],"_links":{"self":[{"href":"https:\/\/www.raccontinellarete.it\/index.php?rest_route=\/wp\/v2\/posts\/51146"}],"collection":[{"href":"https:\/\/www.raccontinellarete.it\/index.php?rest_route=\/wp\/v2\/posts"}],"about":[{"href":"https:\/\/www.raccontinellarete.it\/index.php?rest_route=\/wp\/v2\/types\/post"}],"author":[{"embeddable":true,"href":"https:\/\/www.raccontinellarete.it\/index.php?rest_route=\/wp\/v2\/users\/25895"}],"replies":[{"embeddable":true,"href":"https:\/\/www.raccontinellarete.it\/index.php?rest_route=%2Fwp%2Fv2%2Fcomments&post=51146"}],"version-history":[{"count":2,"href":"https:\/\/www.raccontinellarete.it\/index.php?rest_route=\/wp\/v2\/posts\/51146\/revisions"}],"predecessor-version":[{"id":51152,"href":"https:\/\/www.raccontinellarete.it\/index.php?rest_route=\/wp\/v2\/posts\/51146\/revisions\/51152"}],"wp:attachment":[{"href":"https:\/\/www.raccontinellarete.it\/index.php?rest_route=%2Fwp%2Fv2%2Fmedia&parent=51146"}],"wp:term":[{"taxonomy":"category","embeddable":true,"href":"https:\/\/www.raccontinellarete.it\/index.php?rest_route=%2Fwp%2Fv2%2Fcategories&post=51146"},{"taxonomy":"post_tag","embeddable":true,"href":"https:\/\/www.raccontinellarete.it\/index.php?rest_route=%2Fwp%2Fv2%2Ftags&post=51146"}],"curies":[{"name":"wp","href":"https:\/\/api.w.org\/{rel}","templated":true}]}}