{"id":50900,"date":"2023-05-26T12:01:00","date_gmt":"2023-05-26T11:01:00","guid":{"rendered":"http:\/\/www.raccontinellarete.it\/?p=50900"},"modified":"2023-05-29T16:53:12","modified_gmt":"2023-05-29T15:53:12","slug":"buona-pasqua-a-tutti-gli-amici-di-racconti-nella-rete","status":"publish","type":"post","link":"https:\/\/www.raccontinellarete.it\/?p=50900","title":{"rendered":"PARTECIPA ANCHE TU ENTRO IL 31 MAGGIO al 22\u00b0 premio Racconti nella Rete"},"content":{"rendered":"\n<p><strong><u>C&#8217;\u00e8 tempo fino al 31 maggio per partecipare al premio letterario. <\/u><\/strong><\/p>\n\n\n\n<p>Leggi il regolamento e registrati  <a href=\"https:\/\/www.raccontinellarete.it\/?page_id=6 \">https:\/\/www.raccontinellarete.it\/?page_id=6 <\/a><\/p>\n\n\n\n<p><em><strong>Ci sono dei problemi con le e-mail Libero.it. Nel caso inviate una email a info@raccontinellarete.it e provvediamo noi. Grazie <\/strong><\/em><\/p>\n\n\n\n<p><strong>C&#8217;\u00e8 tempo fino al 31 maggio per partecipare alla 22^ edizione del Premio letterario Racconti nella Rete<\/strong>.&nbsp; La premiazione dei vincitori, che si svolger\u00e0 a Lucca il 30 settembre e 1 ottobre&nbsp; nell&#8217;ambito del 29\u00b0 festival LuccAutori, sar\u00e0 accompagnata da una serie di incontri con grandi personaggi del mondo della cultura e dello spettacolo.&nbsp; Nel sito <a href=\"https:\/\/www.raccontinellarete.it\">www.raccontinellarete.it<\/a> si possono inserire racconti brevi inediti, con una sezione dedicata ai racconti per bambini, ed ai soggetti inediti per cortometraggi. Verranno&nbsp; premiati venticinque racconti poi&nbsp; pubblicati a settembre in una antologia edita da Castelvecchi (la copertina sar\u00e0 illustrata da Margherita Allegri).&nbsp;<\/p>\n\n\n\n<p>Saranno le scuole le protagoniste della 22a edizione del Premio \u201c<strong>Racconti nella Rete<\/strong>\u201d, il festival letterario ideato e diretto dal giornalista Demetrio Brandi e inserito nel festival <strong>LuccAutori<\/strong>, di cui <strong>Aidr<\/strong> (Associazione italian digital revolution) \u00e8 partner.&nbsp;&nbsp;<\/p>\n\n\n\n<p>Per l\u2019edizione 2023 infatti, al comitato tecnico che valuter\u00e0 gli inediti letterari della sezione giovani, fino ai 25 anni, si affiancher\u00e0 una giuria formata da tutte le scolaresche italiane di secondo grado, che potranno votare online, sul portale di Aidr (<a href=\"http:\/\/www.aidr.it\">www.aidr.it<\/a>), tre racconti finalisti.&nbsp; Il vincitore sar\u00e0 quindi decretato sulla scorta delle preferenze espresse online dai docenti.&nbsp;Il racconto si aggiunger\u00e0 ai 24 che verranno scelti dalla giuria tecnica per la pubblicazione nell\u2019antologia.&nbsp;\u201cLa nostra associazione \u2013 ha sottolineato in conferenza stampa il presidente di Aidr, Mauro Nicastri \u2013 condivide con il Premio letterario Racconti nella Rete la mission: il web come opportunit\u00e0, la rete come mezzo di conoscenza.&nbsp;<\/p>\n\n\n\n<p>Per questo, abbiamo proposto in occasione dell\u2019Anno europeo delle Competenze, promosso dall\u2019Unione europea, di coinvolgere le scuole, grazie al supporto dei docenti. Saranno loro di fatto a decretare, attraverso il voto online, il vincitore del contest; ci auguriamo inoltre che gli inediti digitali vengano discussi, letti e condivisi anche dagli studenti in aula e che possano essere uno stimolo per le prossime edizioni del Premio letterario\u201d.&nbsp;&nbsp;\u201cIl premio Racconti nella Rete \u2013 ha dichiarato Demetrio Brandi \u2013 premia 25 racconti con la pubblicazione nell\u2019antologia edita da Castelvecchi. Ogni anno a Lucca nell\u2019ambito del festival LuccAutori premiamo i vincitori ed assegniamo il premio Aidr all\u2019autore pi\u00f9 giovane.&nbsp; Questa nuova formula sar\u00e0 ancora pi\u00f9 coinvolgente con il contributo degli istituti scolastici\u201d.&nbsp; &nbsp;<\/p>\n\n\n\n<p>Per informazioni: <a href=\"mailto:info@raccontinellarete.it\">info@raccontinellarete.it<\/a>  tel.0584 651874.&nbsp;<\/p>\n<div class=\"pvc_clear\"><\/div><p id=\"pvc_stats_50900\" class=\"pvc_stats all  \" data-element-id=\"50900\" style=\"\"><i class=\"pvc-stats-icon medium\" aria-hidden=\"true\"><svg aria-hidden=\"true\" focusable=\"false\" data-prefix=\"far\" data-icon=\"chart-bar\" role=\"img\" xmlns=\"http:\/\/www.w3.org\/2000\/svg\" viewBox=\"0 0 512 512\" class=\"svg-inline--fa fa-chart-bar fa-w-16 fa-2x\"><path fill=\"currentColor\" d=\"M396.8 352h22.4c6.4 0 12.8-6.4 12.8-12.8V108.8c0-6.4-6.4-12.8-12.8-12.8h-22.4c-6.4 0-12.8 6.4-12.8 12.8v230.4c0 6.4 6.4 12.8 12.8 12.8zm-192 0h22.4c6.4 0 12.8-6.4 12.8-12.8V140.8c0-6.4-6.4-12.8-12.8-12.8h-22.4c-6.4 0-12.8 6.4-12.8 12.8v198.4c0 6.4 6.4 12.8 12.8 12.8zm96 0h22.4c6.4 0 12.8-6.4 12.8-12.8V204.8c0-6.4-6.4-12.8-12.8-12.8h-22.4c-6.4 0-12.8 6.4-12.8 12.8v134.4c0 6.4 6.4 12.8 12.8 12.8zM496 400H48V80c0-8.84-7.16-16-16-16H16C7.16 64 0 71.16 0 80v336c0 17.67 14.33 32 32 32h464c8.84 0 16-7.16 16-16v-16c0-8.84-7.16-16-16-16zm-387.2-48h22.4c6.4 0 12.8-6.4 12.8-12.8v-70.4c0-6.4-6.4-12.8-12.8-12.8h-22.4c-6.4 0-12.8 6.4-12.8 12.8v70.4c0 6.4 6.4 12.8 12.8 12.8z\" class=\"\"><\/path><\/svg><\/i> <img loading=\"lazy\" decoding=\"async\" width=\"16\" height=\"16\" alt=\"Loading\" src=\"https:\/\/www.raccontinellarete.it\/301\/wp-content\/plugins\/page-views-count\/ajax-loader-2x.gif\" border=0 \/><\/p><div class=\"pvc_clear\"><\/div>","protected":false},"excerpt":{"rendered":"<p>C&#8217;\u00e8 tempo fino al 31 maggio per partecipare al premio letterario. Leggi il regolamento e registrati https:\/\/www.raccontinellarete.it\/?page_id=6 Ci sono dei problemi con le e-mail Libero.it. Nel caso inviate una email a info@raccontinellarete.it e provvediamo noi. Grazie C&#8217;\u00e8 tempo fino al 31 maggio per partecipare alla 22^ edizione del Premio letterario Racconti nella Rete.&nbsp; La premiazione [&hellip;]<\/p>\n<div class=\"pvc_clear\"><\/div>\n<p id=\"pvc_stats_50900\" class=\"pvc_stats all  \" data-element-id=\"50900\" style=\"\"><i class=\"pvc-stats-icon medium\" aria-hidden=\"true\"><svg aria-hidden=\"true\" focusable=\"false\" data-prefix=\"far\" data-icon=\"chart-bar\" role=\"img\" xmlns=\"http:\/\/www.w3.org\/2000\/svg\" viewBox=\"0 0 512 512\" class=\"svg-inline--fa fa-chart-bar fa-w-16 fa-2x\"><path fill=\"currentColor\" d=\"M396.8 352h22.4c6.4 0 12.8-6.4 12.8-12.8V108.8c0-6.4-6.4-12.8-12.8-12.8h-22.4c-6.4 0-12.8 6.4-12.8 12.8v230.4c0 6.4 6.4 12.8 12.8 12.8zm-192 0h22.4c6.4 0 12.8-6.4 12.8-12.8V140.8c0-6.4-6.4-12.8-12.8-12.8h-22.4c-6.4 0-12.8 6.4-12.8 12.8v198.4c0 6.4 6.4 12.8 12.8 12.8zm96 0h22.4c6.4 0 12.8-6.4 12.8-12.8V204.8c0-6.4-6.4-12.8-12.8-12.8h-22.4c-6.4 0-12.8 6.4-12.8 12.8v134.4c0 6.4 6.4 12.8 12.8 12.8zM496 400H48V80c0-8.84-7.16-16-16-16H16C7.16 64 0 71.16 0 80v336c0 17.67 14.33 32 32 32h464c8.84 0 16-7.16 16-16v-16c0-8.84-7.16-16-16-16zm-387.2-48h22.4c6.4 0 12.8-6.4 12.8-12.8v-70.4c0-6.4-6.4-12.8-12.8-12.8h-22.4c-6.4 0-12.8 6.4-12.8 12.8v70.4c0 6.4 6.4 12.8 12.8 12.8z\" class=\"\"><\/path><\/svg><\/i> <img loading=\"lazy\" decoding=\"async\" width=\"16\" height=\"16\" alt=\"Loading\" src=\"https:\/\/www.raccontinellarete.it\/301\/wp-content\/plugins\/page-views-count\/ajax-loader-2x.gif\" border=0 \/><\/p>\n<div class=\"pvc_clear\"><\/div>\n","protected":false},"author":3,"featured_media":50901,"comment_status":"open","ping_status":"closed","sticky":false,"template":"","format":"standard","meta":{"footnotes":""},"categories":[87,547,543,5],"tags":[],"class_list":["post-50900","post","type-post","status-publish","format-standard","has-post-thumbnail","hentry","category-comunicato-stampa","category-f-o-r-u-m","category-forum-di-racconti-nella-rete","category-racconti-nella-rete"],"_links":{"self":[{"href":"https:\/\/www.raccontinellarete.it\/index.php?rest_route=\/wp\/v2\/posts\/50900"}],"collection":[{"href":"https:\/\/www.raccontinellarete.it\/index.php?rest_route=\/wp\/v2\/posts"}],"about":[{"href":"https:\/\/www.raccontinellarete.it\/index.php?rest_route=\/wp\/v2\/types\/post"}],"author":[{"embeddable":true,"href":"https:\/\/www.raccontinellarete.it\/index.php?rest_route=\/wp\/v2\/users\/3"}],"replies":[{"embeddable":true,"href":"https:\/\/www.raccontinellarete.it\/index.php?rest_route=%2Fwp%2Fv2%2Fcomments&post=50900"}],"version-history":[{"count":9,"href":"https:\/\/www.raccontinellarete.it\/index.php?rest_route=\/wp\/v2\/posts\/50900\/revisions"}],"predecessor-version":[{"id":51924,"href":"https:\/\/www.raccontinellarete.it\/index.php?rest_route=\/wp\/v2\/posts\/50900\/revisions\/51924"}],"wp:featuredmedia":[{"embeddable":true,"href":"https:\/\/www.raccontinellarete.it\/index.php?rest_route=\/wp\/v2\/media\/50901"}],"wp:attachment":[{"href":"https:\/\/www.raccontinellarete.it\/index.php?rest_route=%2Fwp%2Fv2%2Fmedia&parent=50900"}],"wp:term":[{"taxonomy":"category","embeddable":true,"href":"https:\/\/www.raccontinellarete.it\/index.php?rest_route=%2Fwp%2Fv2%2Fcategories&post=50900"},{"taxonomy":"post_tag","embeddable":true,"href":"https:\/\/www.raccontinellarete.it\/index.php?rest_route=%2Fwp%2Fv2%2Ftags&post=50900"}],"curies":[{"name":"wp","href":"https:\/\/api.w.org\/{rel}","templated":true}]}}