{"id":5090,"date":"2011-01-17T19:48:09","date_gmt":"2011-01-17T18:48:09","guid":{"rendered":"http:\/\/www.raccontinellarete.it\/?p=5090"},"modified":"2011-01-17T19:48:09","modified_gmt":"2011-01-17T18:48:09","slug":"premio-racconti-nella-rete-2011-sal-e-zucar-sezione-racconti-per-bambini-di-stefano-bordoni","status":"publish","type":"post","link":"https:\/\/www.raccontinellarete.it\/?p=5090","title":{"rendered":"Premio Racconti nella Rete 2011 &#8220;Sal e Zucar&#8221; (sezione racconti per bambini) di Stefano Bordoni"},"content":{"rendered":"<p style=\"text-align: -webkit-left\"><em><span style=\"line-height: normal\">C&#8217;<\/span>era una volta, tanto tempo fa, un asinello che tornava dal mercato tirando un carretto completamente vuoto. A fianco del somarino c\u2019erano i suoi due padroni, Sal e Zucar. Sal e Zucar erano due contadini, ignoranti come due zucche vuote, ma molto <\/em><em>buoni d\u2019animo. Vivevano in una decrepita casa di campagna e avevano un piccolo fazzoletto di terra dove coltivavano insalata da vendere al mercato. Mentre camminavano sulla strada del ritorno a casa, a notte inoltrata, i due si lamentavano a gran voce della pessima giornata passata al lavoro. Non abbiamo venduto niente! Diceva Sal. Bella forza! Rispondeva Zucar. Io sono ignorante come una zucca vuota, ma secondo me \u00e8 un errore andare al mercato col carretto vuoto! Tu non capisci le regole del commercio, diceva Sal di rimando. Intanto ci facciamo conoscere dai clienti e quando l\u2019insalata sar\u00e0 pronta da cogliere, faranno tutti la fila al nostro carretto per venire a comprare da noi. Mentre Zucar rifletteva in silenzio su quanto fosse saggio e astuto il suo amico, si udirono dei forti singhiozzi, come se qualcuno stesse piangendo disperato. Beh, dai, non c\u2019\u00e8 bisogno di piangere, disse Sal a Zucar, ci rifaremo domani. Abbiamo ancora qualche cipolla nella dispensa e se proprio vuoi proveremo a vendere quelle. Io non sto piangendo, rispose Zucar. <\/em><em>Pensavo fossi tu. Allora chi \u00e8 che si lamenta in questo modo? Detto questo, i due alzarono la testa e videro che la Luna, gi\u00e0 alta nel cielo, stava piangendo a calde lacrime e non riusciva a trattenere i singhiozzi. <\/em><em>Oh questa poi \u00e8 bella! Disse Sal. Bella davvero! Rispose Zucar. Prima di riuscire a pensare che la Luna di solito non parla e non piange, Sal le chiese come mai fosse cos\u00ec infelice. Mi \u00e8 andato un sassolino in un occhio e qui non c\u2019\u00e8 nessuno che mi aiuti! Rispose la Luna. Potremmo andare noi ad aiutarla, disse Zucar. Certo! Disse Sal. Abbiamo un somaro molto forte e baster\u00e0 attaccare un paio di ali al carretto per poter volare fin lass\u00f9. Zucar guard\u00f2 Sal con grande ammirazione, invidioso che un\u2019idea tanto buona non fosse venuta a lui per primo. <\/em><em>Cos\u00ec presero due rami di pino, ben robusti e frondosi e li attaccarono al carro con una corda. A quel punto Sal ebbe un dubbio. Siamo sicuri che questo coso voler\u00e0? Disse. Io sono ignorante come una zucca vuota, rispose Zucar, ma ho visto volare nel cielo carretti pi\u00f9 grossi e pi\u00f9 brutti del nostro. E in pi\u00f9 noi abbiamo il somaro! Questa volta ti devo proprio dare ragione, disse Sal, con grande soddisfazione del suo amico che si sent\u00ec molto intelligente per quello che aveva appena detto. Andiamo! Cos\u00ec i due amici montarono a cassetta e, incredibile ma vero, dopo una breve rincorsa riuscirono a prendere il volo. Volarono e volarono, sempre pi\u00f9 in alto e sempre pi\u00f9 veloci, fino a raggiungere la Luna che continuava a piangere sconsolata. Dopo un atterraggio un po\u2019 brusco, Sal e Zucar si avvicinarono ai grandi occhi della Luna per esaminare il problema da vicino, fingendosi grandi esperti di problemi lunari. Hai proprio ragione, le disse Sal, c\u2019\u00e8 un sasso grande come un cocomero proprio dentro al tuo occhio destro.\u00a0 Si, \u00e8 mi fa un male cane. Per favore, provate a toglierlo perch\u00e9 io proprio non ci riesco! Non ho mica le mani! Sal e Zucar erano tanto forti quanto ignoranti e, in pochi minuti, riuscirono a recuperare il masso e a caricarlo <\/em><em>sul carretto. Grazie amici! Disse la Luna. Non sapete che piacere mi avete fatto, non ne potevo proprio pi\u00f9. Non \u00e8 che ricevo molte visite e se non foste venuti voi quel sassolino mi sarebbe rimasto nell\u2019occhio per secoli e secoli! Grazie ancora e tornate a trovarmi quando volete! <\/em><em>I due salutarono calorosamente la loro nuova amica e tornarono a casa col carretto e il suo pesante carico. Il mattino seguente, come tutti i santi giorni, si alzarono all\u2019alba e partirono per andare al mercato, ma erano cos\u00ec assonnati che si dimenticarono di togliere il grande sasso dal carretto. Appena arrivati, tutta la folla riunita in piazza cominci\u00f2 ad avvicinarsi incuriosita al loro carro. Hai portato le cipolle? Chiese Zucar a Sal. Oh no, scusami! Me le sono dimenticate, ma ti prometto che domani le porter\u00f2. E allora cosa vuole tutta questa gente? In effetti tutti i presenti continuavano ad accalcarsi attorno al <\/em><em>loro carro con un gran vociare. Guardate! Dicevano tutti. E\u2019 oro! E che oro! E\u2019 la pi\u00f9 grande pepita d\u2019ora mai vista prima! Cos\u00ec Sal e Zucar si voltarono verso il carretto e si accorsero che il sasso altro non era che un\u2019enorme pepita d\u2019oro zecchino. Oh questa poi \u00e8 bella! Disse Sal. Bella davvero! Rispose Zucar. E al mercante che si avvicin\u00f2 per comprarla, chiesero in cambio un castello tutto per loro e il pi\u00f9 grande campo di insalata di tutta la vallata. Cos\u00ec che, da quel giorno, il loro fu il pi\u00f9 fornito e il pi\u00f9 famoso carretto di insalata di tutto il mercato.<\/em><\/p>\n<div class=\"pvc_clear\"><\/div>\n<p id=\"pvc_stats_5090\" class=\"pvc_stats all  \" data-element-id=\"5090\" style=\"\"><i class=\"pvc-stats-icon medium\" aria-hidden=\"true\"><svg aria-hidden=\"true\" focusable=\"false\" data-prefix=\"far\" data-icon=\"chart-bar\" role=\"img\" xmlns=\"http:\/\/www.w3.org\/2000\/svg\" viewBox=\"0 0 512 512\" class=\"svg-inline--fa fa-chart-bar fa-w-16 fa-2x\"><path fill=\"currentColor\" d=\"M396.8 352h22.4c6.4 0 12.8-6.4 12.8-12.8V108.8c0-6.4-6.4-12.8-12.8-12.8h-22.4c-6.4 0-12.8 6.4-12.8 12.8v230.4c0 6.4 6.4 12.8 12.8 12.8zm-192 0h22.4c6.4 0 12.8-6.4 12.8-12.8V140.8c0-6.4-6.4-12.8-12.8-12.8h-22.4c-6.4 0-12.8 6.4-12.8 12.8v198.4c0 6.4 6.4 12.8 12.8 12.8zm96 0h22.4c6.4 0 12.8-6.4 12.8-12.8V204.8c0-6.4-6.4-12.8-12.8-12.8h-22.4c-6.4 0-12.8 6.4-12.8 12.8v134.4c0 6.4 6.4 12.8 12.8 12.8zM496 400H48V80c0-8.84-7.16-16-16-16H16C7.16 64 0 71.16 0 80v336c0 17.67 14.33 32 32 32h464c8.84 0 16-7.16 16-16v-16c0-8.84-7.16-16-16-16zm-387.2-48h22.4c6.4 0 12.8-6.4 12.8-12.8v-70.4c0-6.4-6.4-12.8-12.8-12.8h-22.4c-6.4 0-12.8 6.4-12.8 12.8v70.4c0 6.4 6.4 12.8 12.8 12.8z\" class=\"\"><\/path><\/svg><\/i> <img loading=\"lazy\" decoding=\"async\" width=\"16\" height=\"16\" alt=\"Loading\" src=\"https:\/\/www.raccontinellarete.it\/301\/wp-content\/plugins\/page-views-count\/ajax-loader-2x.gif\" border=0 \/><\/p>\n<div class=\"pvc_clear\"><\/div>\n","protected":false},"excerpt":{"rendered":"<p>C&#8217;era una volta, tanto tempo fa, un asinello che tornava dal mercato tirando un carretto completamente vuoto. A fianco del somarino c\u2019erano i suoi due padroni, Sal e Zucar. Sal e Zucar erano due contadini, ignoranti come due zucche vuote, ma molto buoni d\u2019animo. Vivevano in una decrepita casa di campagna e avevano un piccolo [&hellip;]<\/p>\n<div class=\"pvc_clear\"><\/div>\n<p id=\"pvc_stats_5090\" class=\"pvc_stats all  \" data-element-id=\"5090\" style=\"\"><i class=\"pvc-stats-icon medium\" aria-hidden=\"true\"><svg aria-hidden=\"true\" focusable=\"false\" data-prefix=\"far\" data-icon=\"chart-bar\" role=\"img\" xmlns=\"http:\/\/www.w3.org\/2000\/svg\" viewBox=\"0 0 512 512\" class=\"svg-inline--fa fa-chart-bar fa-w-16 fa-2x\"><path fill=\"currentColor\" d=\"M396.8 352h22.4c6.4 0 12.8-6.4 12.8-12.8V108.8c0-6.4-6.4-12.8-12.8-12.8h-22.4c-6.4 0-12.8 6.4-12.8 12.8v230.4c0 6.4 6.4 12.8 12.8 12.8zm-192 0h22.4c6.4 0 12.8-6.4 12.8-12.8V140.8c0-6.4-6.4-12.8-12.8-12.8h-22.4c-6.4 0-12.8 6.4-12.8 12.8v198.4c0 6.4 6.4 12.8 12.8 12.8zm96 0h22.4c6.4 0 12.8-6.4 12.8-12.8V204.8c0-6.4-6.4-12.8-12.8-12.8h-22.4c-6.4 0-12.8 6.4-12.8 12.8v134.4c0 6.4 6.4 12.8 12.8 12.8zM496 400H48V80c0-8.84-7.16-16-16-16H16C7.16 64 0 71.16 0 80v336c0 17.67 14.33 32 32 32h464c8.84 0 16-7.16 16-16v-16c0-8.84-7.16-16-16-16zm-387.2-48h22.4c6.4 0 12.8-6.4 12.8-12.8v-70.4c0-6.4-6.4-12.8-12.8-12.8h-22.4c-6.4 0-12.8 6.4-12.8 12.8v70.4c0 6.4 6.4 12.8 12.8 12.8z\" class=\"\"><\/path><\/svg><\/i> <img loading=\"lazy\" decoding=\"async\" width=\"16\" height=\"16\" alt=\"Loading\" src=\"https:\/\/www.raccontinellarete.it\/301\/wp-content\/plugins\/page-views-count\/ajax-loader-2x.gif\" border=0 \/><\/p>\n<div class=\"pvc_clear\"><\/div>\n","protected":false},"author":1377,"featured_media":0,"comment_status":"open","ping_status":"closed","sticky":false,"template":"","format":"standard","meta":{"footnotes":""},"categories":[14],"tags":[],"class_list":["post-5090","post","type-post","status-publish","format-standard","hentry","category-premio-racconti-nella-rete-2011"],"_links":{"self":[{"href":"https:\/\/www.raccontinellarete.it\/index.php?rest_route=\/wp\/v2\/posts\/5090"}],"collection":[{"href":"https:\/\/www.raccontinellarete.it\/index.php?rest_route=\/wp\/v2\/posts"}],"about":[{"href":"https:\/\/www.raccontinellarete.it\/index.php?rest_route=\/wp\/v2\/types\/post"}],"author":[{"embeddable":true,"href":"https:\/\/www.raccontinellarete.it\/index.php?rest_route=\/wp\/v2\/users\/1377"}],"replies":[{"embeddable":true,"href":"https:\/\/www.raccontinellarete.it\/index.php?rest_route=%2Fwp%2Fv2%2Fcomments&post=5090"}],"version-history":[{"count":11,"href":"https:\/\/www.raccontinellarete.it\/index.php?rest_route=\/wp\/v2\/posts\/5090\/revisions"}],"predecessor-version":[{"id":5115,"href":"https:\/\/www.raccontinellarete.it\/index.php?rest_route=\/wp\/v2\/posts\/5090\/revisions\/5115"}],"wp:attachment":[{"href":"https:\/\/www.raccontinellarete.it\/index.php?rest_route=%2Fwp%2Fv2%2Fmedia&parent=5090"}],"wp:term":[{"taxonomy":"category","embeddable":true,"href":"https:\/\/www.raccontinellarete.it\/index.php?rest_route=%2Fwp%2Fv2%2Fcategories&post=5090"},{"taxonomy":"post_tag","embeddable":true,"href":"https:\/\/www.raccontinellarete.it\/index.php?rest_route=%2Fwp%2Fv2%2Ftags&post=5090"}],"curies":[{"name":"wp","href":"https:\/\/api.w.org\/{rel}","templated":true}]}}