{"id":50852,"date":"2023-03-27T12:24:37","date_gmt":"2023-03-27T11:24:37","guid":{"rendered":"http:\/\/www.raccontinellarete.it\/?p=50852"},"modified":"2023-04-01T19:09:18","modified_gmt":"2023-04-01T18:09:18","slug":"firenze-venerdi-31-marzo-alle-18-incontro-alla-libreria-libraccio","status":"publish","type":"post","link":"https:\/\/www.raccontinellarete.it\/?p=50852","title":{"rendered":"Firenze &#8211; Venerd\u00ec 31 marzo alle 18 incontro alla libreria &#8220;Libraccio&#8221;\u00a0"},"content":{"rendered":"\n<p><strong>Nuova tappa nazionale per il premio letterario Racconti nella Rete<\/strong><\/p>\n\n\n\n<p><strong>Venerd\u00ec 31 marzo alle 18 presso la libreria LIBRACCIO&nbsp;<\/strong><strong>(via de&#8217; Cerretani 16r) a Firenze <\/strong><strong>n<\/strong><strong>uova tappa nazionale per il premio letterario Racconti nella Rete.<\/strong><\/p>\n\n\n\n<p><strong>Intervengono&nbsp; <\/strong><strong>il presidente del premio Racconti nella Rete, Demetrio Brandi, e gli autori<\/strong><strong>&nbsp;&nbsp;<\/strong><strong>GianMarco Cellini, Stefania Salvi e&nbsp;<\/strong><strong>Benedetta Scafa. <\/strong><strong>Letture di Monica Menzogni. Con la partecipazione di alcuni ex vincitori del premio, amici e sostenitori del premio letterario.&nbsp;<\/strong><strong>&nbsp; &nbsp; &nbsp; &nbsp;<\/strong><\/p>\n\n\n\n<p><strong><u>I vincitori del Premio Racconti nella Rete si ritroveranno alla libreria LIBRACCIO per presentare l&#8217;antologia edita da Castelvecchi e la nuova edizione del premio letterario 2023<\/u><\/strong>.&nbsp;<\/p>\n\n\n\n<p>Sar\u00e0 l\u2019occasione per incontrare il presidente del premio, Demetrio Brandi, da ventidue anni al timone del prestigioso premio letterario.&nbsp;Si parler\u00e0 del premio letterario e del festival LuccAutori, che ad ottobre a Lucca&nbsp; festegger\u00e0 la ventinovesima edizione. Tante le novit\u00e0 in cantiere, come la nuova immagine di copertina disegnata dall&#8217;illustratrice <strong>Margherita Allegri<\/strong> e una mostra dedicata allo scrittore <strong>Italo Calvino<\/strong> nel centenario della nascita.<\/p>\n\n\n\n<p>Il nuovo concorso \u00e8 gi\u00e0 iniziato nel sito <a href=\"https:\/\/www.raccontinellarete.it\">www.raccontinellarete.it<\/a> e terminer\u00e0 il prossimo 31 maggio.&nbsp;<\/p>\n\n\n\n<p>Possono partecipare alla 22^ edizione tutti coloro che hanno un racconto inedito, una favola per bambini o un soggetto per cortometraggio. Non c\u2019\u00e8 limite d\u2019et\u00e0 e tutti gli utenti registrati nel sito possono commentare i racconti in concorso. &#8220;Come avviene da oltre vent&#8217;anni&#8221; &#8211; dice Brandi &#8211; &#8220;la promozione del premio proseguir\u00e0 nel 2023 con varie tappe nelle citt\u00e0 italiane.&nbsp;<\/p>\n\n\n\n<p>Si tratta di una vetrina d\u2019autore. Possono partecipare al Premio tutti coloro che hanno un racconto inedito, oppure un soggetto per la sezione Corti. Racconti nella Rete vuole essere un\u2019opportunit\u00e0 di espressione e confronto fra aspiranti scrittori pi\u00f9 o meno giovani. In una sorta di agor\u00e0 virtuale, tutti trovano infatti lo spazio privilegiato per dar voce alle proprie fantasie, memorie o sogni, per cimentarsi nella scrittura creativa e per saggiare il valore e la qualit\u00e0 del proprio lavoro, incontrando talenti sconosciuti o confrontandosi immediatamente con i diversi stili narrativi, generi e contenuti. E\u2019 questo il momento in cui tutti, dal professionista al dilettante, hanno piena possibilit\u00e0 di espressione e uguale dignit\u00e0 di ascolto.&nbsp;<\/p>\n\n\n\n<p>E\u2019 uno spazio democratico in cui si da possibilit\u00e0 di espressione a tutti coloro che lo desiderano.&nbsp;Gli autori fino ai 25 anni di et\u00e0&nbsp; potranno usufruire di uno sconto di dieci euro sulla quota di partecipazione al premio 2023 \u2013 sezioni racconti e corti. Baster\u00e0 segnalare la vostra adesione con una email indirizzata a <a href=\"mailto:info@raccontinellarete.it\">info@raccontinellarete.it<\/a> . \u201cQuesta agevolazione\u201d \u2013 dice Demetrio Brandi, presidente del Premio \u2013 \u201c\u00e8 rivolta ai giovani talenti letterari, uno stimolo in pi\u00f9 per farli partecipare ad una vetrina sempre pi\u00f9 importante per gli autori emergenti.\u201d Molti tra gli autori pubblicati in questi anni nelle antologie hanno ottenuto brillanti risultati in campo letterario.&nbsp;<\/p>\n\n\n\n<p><strong>Tra i premi assegnati ai vincitori quello per il pi\u00f9 giovane scrittore (assegnato da AIDR Associazione Italiana Digital Revolution) <\/strong><strong>e per il racconto umoristico (assegnato dal giornale umoristico online Budu\u00e0r)<\/strong>.&nbsp;&nbsp;Per partecipare basta registrarsi e leggere il regolamento pubblicato nel sito <a href=\"https:\/\/www.raccontinellarete.it\">www.raccontinellarete.it<\/a>. Il racconto, a tema libero, non dovr\u00e0 superare le cinque cartelle di testo: se l\u2019elaborato sar\u00e0 ritenuto interessante verr\u00e0 subito inserito nel sito.&nbsp;&nbsp;<\/p>\n\n\n\n<p>Per informazioni:&nbsp;&nbsp;Associazione Culturale LuccAutori&nbsp;&nbsp;tel. 0584.651874&nbsp; <a href=\"mailto:info@raccontinellarete.it\">info@raccontinellarete.it<\/a><a href=\"https:\/\/www.raccontinellarete.it\">www.raccontinellarete.it<\/a><\/p>\n\n\n\n<figure class=\"wp-block-image size-full\"><img loading=\"lazy\" decoding=\"async\" width=\"457\" height=\"640\" src=\"https:\/\/www.raccontinellarete.it\/301\/wp-content\/uploads\/2022\/06\/racconti-nella-rete-2022-ridotta.jpg\" alt=\"\" class=\"wp-image-49790\" srcset=\"https:\/\/www.raccontinellarete.it\/301\/wp-content\/uploads\/2022\/06\/racconti-nella-rete-2022-ridotta.jpg 457w, https:\/\/www.raccontinellarete.it\/301\/wp-content\/uploads\/2022\/06\/racconti-nella-rete-2022-ridotta-179x250.jpg 179w\" sizes=\"(max-width: 457px) 100vw, 457px\" \/><\/figure>\n<div class=\"pvc_clear\"><\/div><p id=\"pvc_stats_50852\" class=\"pvc_stats all  \" data-element-id=\"50852\" style=\"\"><i class=\"pvc-stats-icon medium\" aria-hidden=\"true\"><svg aria-hidden=\"true\" focusable=\"false\" data-prefix=\"far\" data-icon=\"chart-bar\" role=\"img\" xmlns=\"http:\/\/www.w3.org\/2000\/svg\" viewBox=\"0 0 512 512\" class=\"svg-inline--fa fa-chart-bar fa-w-16 fa-2x\"><path fill=\"currentColor\" d=\"M396.8 352h22.4c6.4 0 12.8-6.4 12.8-12.8V108.8c0-6.4-6.4-12.8-12.8-12.8h-22.4c-6.4 0-12.8 6.4-12.8 12.8v230.4c0 6.4 6.4 12.8 12.8 12.8zm-192 0h22.4c6.4 0 12.8-6.4 12.8-12.8V140.8c0-6.4-6.4-12.8-12.8-12.8h-22.4c-6.4 0-12.8 6.4-12.8 12.8v198.4c0 6.4 6.4 12.8 12.8 12.8zm96 0h22.4c6.4 0 12.8-6.4 12.8-12.8V204.8c0-6.4-6.4-12.8-12.8-12.8h-22.4c-6.4 0-12.8 6.4-12.8 12.8v134.4c0 6.4 6.4 12.8 12.8 12.8zM496 400H48V80c0-8.84-7.16-16-16-16H16C7.16 64 0 71.16 0 80v336c0 17.67 14.33 32 32 32h464c8.84 0 16-7.16 16-16v-16c0-8.84-7.16-16-16-16zm-387.2-48h22.4c6.4 0 12.8-6.4 12.8-12.8v-70.4c0-6.4-6.4-12.8-12.8-12.8h-22.4c-6.4 0-12.8 6.4-12.8 12.8v70.4c0 6.4 6.4 12.8 12.8 12.8z\" class=\"\"><\/path><\/svg><\/i> <img loading=\"lazy\" decoding=\"async\" width=\"16\" height=\"16\" alt=\"Loading\" src=\"https:\/\/www.raccontinellarete.it\/301\/wp-content\/plugins\/page-views-count\/ajax-loader-2x.gif\" border=0 \/><\/p><div class=\"pvc_clear\"><\/div>","protected":false},"excerpt":{"rendered":"<p>Nuova tappa nazionale per il premio letterario Racconti nella Rete Venerd\u00ec 31 marzo alle 18 presso la libreria LIBRACCIO&nbsp;(via de&#8217; Cerretani 16r) a Firenze nuova tappa nazionale per il premio letterario Racconti nella Rete. Intervengono&nbsp; il presidente del premio Racconti nella Rete, Demetrio Brandi, e gli autori&nbsp;&nbsp;GianMarco Cellini, Stefania Salvi e&nbsp;Benedetta Scafa. Letture di Monica [&hellip;]<\/p>\n<div class=\"pvc_clear\"><\/div>\n<p id=\"pvc_stats_50852\" class=\"pvc_stats all  \" data-element-id=\"50852\" style=\"\"><i class=\"pvc-stats-icon medium\" aria-hidden=\"true\"><svg aria-hidden=\"true\" focusable=\"false\" data-prefix=\"far\" data-icon=\"chart-bar\" role=\"img\" xmlns=\"http:\/\/www.w3.org\/2000\/svg\" viewBox=\"0 0 512 512\" class=\"svg-inline--fa fa-chart-bar fa-w-16 fa-2x\"><path fill=\"currentColor\" d=\"M396.8 352h22.4c6.4 0 12.8-6.4 12.8-12.8V108.8c0-6.4-6.4-12.8-12.8-12.8h-22.4c-6.4 0-12.8 6.4-12.8 12.8v230.4c0 6.4 6.4 12.8 12.8 12.8zm-192 0h22.4c6.4 0 12.8-6.4 12.8-12.8V140.8c0-6.4-6.4-12.8-12.8-12.8h-22.4c-6.4 0-12.8 6.4-12.8 12.8v198.4c0 6.4 6.4 12.8 12.8 12.8zm96 0h22.4c6.4 0 12.8-6.4 12.8-12.8V204.8c0-6.4-6.4-12.8-12.8-12.8h-22.4c-6.4 0-12.8 6.4-12.8 12.8v134.4c0 6.4 6.4 12.8 12.8 12.8zM496 400H48V80c0-8.84-7.16-16-16-16H16C7.16 64 0 71.16 0 80v336c0 17.67 14.33 32 32 32h464c8.84 0 16-7.16 16-16v-16c0-8.84-7.16-16-16-16zm-387.2-48h22.4c6.4 0 12.8-6.4 12.8-12.8v-70.4c0-6.4-6.4-12.8-12.8-12.8h-22.4c-6.4 0-12.8 6.4-12.8 12.8v70.4c0 6.4 6.4 12.8 12.8 12.8z\" class=\"\"><\/path><\/svg><\/i> <img loading=\"lazy\" decoding=\"async\" width=\"16\" height=\"16\" alt=\"Loading\" src=\"https:\/\/www.raccontinellarete.it\/301\/wp-content\/plugins\/page-views-count\/ajax-loader-2x.gif\" border=0 \/><\/p>\n<div class=\"pvc_clear\"><\/div>\n","protected":false},"author":3,"featured_media":50873,"comment_status":"open","ping_status":"closed","sticky":false,"template":"","format":"standard","meta":{"footnotes":""},"categories":[87,5,4],"tags":[],"class_list":["post-50852","post","type-post","status-publish","format-standard","has-post-thumbnail","hentry","category-comunicato-stampa","category-racconti-nella-rete","category-news"],"_links":{"self":[{"href":"https:\/\/www.raccontinellarete.it\/index.php?rest_route=\/wp\/v2\/posts\/50852"}],"collection":[{"href":"https:\/\/www.raccontinellarete.it\/index.php?rest_route=\/wp\/v2\/posts"}],"about":[{"href":"https:\/\/www.raccontinellarete.it\/index.php?rest_route=\/wp\/v2\/types\/post"}],"author":[{"embeddable":true,"href":"https:\/\/www.raccontinellarete.it\/index.php?rest_route=\/wp\/v2\/users\/3"}],"replies":[{"embeddable":true,"href":"https:\/\/www.raccontinellarete.it\/index.php?rest_route=%2Fwp%2Fv2%2Fcomments&post=50852"}],"version-history":[{"count":6,"href":"https:\/\/www.raccontinellarete.it\/index.php?rest_route=\/wp\/v2\/posts\/50852\/revisions"}],"predecessor-version":[{"id":50874,"href":"https:\/\/www.raccontinellarete.it\/index.php?rest_route=\/wp\/v2\/posts\/50852\/revisions\/50874"}],"wp:featuredmedia":[{"embeddable":true,"href":"https:\/\/www.raccontinellarete.it\/index.php?rest_route=\/wp\/v2\/media\/50873"}],"wp:attachment":[{"href":"https:\/\/www.raccontinellarete.it\/index.php?rest_route=%2Fwp%2Fv2%2Fmedia&parent=50852"}],"wp:term":[{"taxonomy":"category","embeddable":true,"href":"https:\/\/www.raccontinellarete.it\/index.php?rest_route=%2Fwp%2Fv2%2Fcategories&post=50852"},{"taxonomy":"post_tag","embeddable":true,"href":"https:\/\/www.raccontinellarete.it\/index.php?rest_route=%2Fwp%2Fv2%2Ftags&post=50852"}],"curies":[{"name":"wp","href":"https:\/\/api.w.org\/{rel}","templated":true}]}}