{"id":50663,"date":"2023-02-17T12:21:36","date_gmt":"2023-02-17T11:21:36","guid":{"rendered":"http:\/\/www.raccontinellarete.it\/?p=50663"},"modified":"2023-02-21T13:39:34","modified_gmt":"2023-02-21T12:39:34","slug":"il-festival-luccautori-ed-il-premio-racconti-nella-rete-su-rai-tre","status":"publish","type":"post","link":"https:\/\/www.raccontinellarete.it\/?p=50663","title":{"rendered":"Su Rai Tre il festival LuccAutori ed il premio Racconti nella Rete"},"content":{"rendered":"\n<p><\/p>\n\n\n\n<p><strong>Sabato 18 febbraio alle 7.30 su Rai Tre,<\/strong>&nbsp;nell&#8217;ambito dei programmi del Corecom, andr\u00e0 in onda un lungo servizio sulla scorsa edizione del festival LuccAutori. La citt\u00e0 di Lucca sar\u00e0 protagonista con le immagini girate a Villa Bottini e sulle Mura che fanno parte del cortometraggio vincitore della sezione corti del premio Racconti nella Rete. <strong>Sar\u00e0 l\u2019occasione per promuovere la ventiduesima edizione del premio letterario in corso in questi mesi nel sito <a href=\"https:\/\/www.raccontinellarete.it\">www.raccontinellarete.it<\/a> e che terminer\u00e0 il 31 maggio.&nbsp;<\/strong><\/p>\n\n\n\n<p>Nel servizio realizzato e montato da Luca Martinelli vedremo le interviste a<strong> Enrico Vanzina, Pietrangelo Buttafuoco, Giordano Bruno Guerri, Melania Soriani, Eraldo Affinati<\/strong> e la premiazione dei vincitori del premio <strong>Racconti nella Rete<\/strong> condotta da Elena Marchini alla presenza dell&#8217;assessore alla cultura <strong>Angela Mia Pisano<\/strong>. In primo piano, in apertura del servizio,&nbsp; l&#8217;immagine di copertina dell&#8217;antologia realizzata da <strong>Milko Dalla Battista<\/strong>. <\/p>\n\n\n\n<p>A seguire, una panoramica sugli incontri organizzati in collaborazione con la Fondazione Mario Tobino, la Fondazione Giovanni Pascoli, il Rotary Club Lucca, il giornale Budu\u00e0r &#8211; che ha assegnato il premio al racconto umoristico di Chiara Pardini, Associazione Italian Digital Revolution &#8211; che ha assegnato il premio allo scrittore pi\u00f9 giovane, Alessio Manfredi Selvaggi, Strada del vino e dell&#8217;olio di Lucca, Montecarlo e Versilia, Caff\u00e8 Incas, Unicoopfirenze.&nbsp; &nbsp; &nbsp; &nbsp; &nbsp; &nbsp; &nbsp; &nbsp; &nbsp; &nbsp; &nbsp; &nbsp; &nbsp; &nbsp; &nbsp; &nbsp; &nbsp; &nbsp; &nbsp; &nbsp; &nbsp; &nbsp; &nbsp; &nbsp; &nbsp; &nbsp; &nbsp; &nbsp; &nbsp; &nbsp; &nbsp; &nbsp; &nbsp; &nbsp; &nbsp; &nbsp; &nbsp; &nbsp; &nbsp; &nbsp; <\/p>\n\n\n\n<p>Vedremo le immagini delle mostre &#8220;<strong>Racconti a Colori<\/strong>&#8221; con i disegni realizzati dagli studenti del liceo artistico Passaglia, ispirati ai 25 racconti vincitori del premio, e della mostra &#8220;<strong>Quei cari racconti di una volta<\/strong>&#8221; curata da Stefano Giraldi, che ha visto la partecipazione di grandi disegnatori umoristici.&nbsp; Tutte le informazioni per partecipare al premio Racconti nella Rete 2023 le trovate su&nbsp;<a href=\"https:\/\/www.raccontinellarete.it\/?fbclid=IwAR29YN2SPTElSThjxCTwmKcll0oWHZWY_w4DZTJiz90wtiNVLV5zPvXgCXA\">www.raccontinellarete.it<\/a><\/p>\n\n\n\n<figure class=\"wp-block-image size-large\"><img loading=\"lazy\" decoding=\"async\" width=\"1024\" height=\"534\" src=\"https:\/\/www.raccontinellarete.it\/301\/wp-content\/uploads\/2023\/02\/884a51b1-3d8b-4e05-91a7-5e808dbf6168-1024x534.jpg\" alt=\"\" class=\"wp-image-50666\" srcset=\"https:\/\/www.raccontinellarete.it\/301\/wp-content\/uploads\/2023\/02\/884a51b1-3d8b-4e05-91a7-5e808dbf6168-1024x534.jpg 1024w, https:\/\/www.raccontinellarete.it\/301\/wp-content\/uploads\/2023\/02\/884a51b1-3d8b-4e05-91a7-5e808dbf6168-344x179.jpg 344w, https:\/\/www.raccontinellarete.it\/301\/wp-content\/uploads\/2023\/02\/884a51b1-3d8b-4e05-91a7-5e808dbf6168-768x400.jpg 768w, https:\/\/www.raccontinellarete.it\/301\/wp-content\/uploads\/2023\/02\/884a51b1-3d8b-4e05-91a7-5e808dbf6168-1536x800.jpg 1536w, https:\/\/www.raccontinellarete.it\/301\/wp-content\/uploads\/2023\/02\/884a51b1-3d8b-4e05-91a7-5e808dbf6168.jpg 2048w\" sizes=\"(max-width: 1024px) 100vw, 1024px\" \/><\/figure>\n\n\n\n<figure class=\"wp-block-embed is-type-video is-provider-youtube wp-block-embed-youtube wp-embed-aspect-16-9 wp-has-aspect-ratio\"><div class=\"wp-block-embed__wrapper\">\n<iframe loading=\"lazy\" title=\"Speciale LuccAutori 2022 e Racconti nella Rete su Rai Tre\" width=\"500\" height=\"281\" src=\"https:\/\/www.youtube.com\/embed\/elyF6RRHqnw?feature=oembed\" frameborder=\"0\" allow=\"accelerometer; autoplay; clipboard-write; encrypted-media; gyroscope; picture-in-picture; web-share\" referrerpolicy=\"strict-origin-when-cross-origin\" allowfullscreen><\/iframe>\n<\/div><\/figure>\n<div class=\"pvc_clear\"><\/div><p id=\"pvc_stats_50663\" class=\"pvc_stats all  \" data-element-id=\"50663\" style=\"\"><i class=\"pvc-stats-icon medium\" aria-hidden=\"true\"><svg aria-hidden=\"true\" focusable=\"false\" data-prefix=\"far\" data-icon=\"chart-bar\" role=\"img\" xmlns=\"http:\/\/www.w3.org\/2000\/svg\" viewBox=\"0 0 512 512\" class=\"svg-inline--fa fa-chart-bar fa-w-16 fa-2x\"><path fill=\"currentColor\" d=\"M396.8 352h22.4c6.4 0 12.8-6.4 12.8-12.8V108.8c0-6.4-6.4-12.8-12.8-12.8h-22.4c-6.4 0-12.8 6.4-12.8 12.8v230.4c0 6.4 6.4 12.8 12.8 12.8zm-192 0h22.4c6.4 0 12.8-6.4 12.8-12.8V140.8c0-6.4-6.4-12.8-12.8-12.8h-22.4c-6.4 0-12.8 6.4-12.8 12.8v198.4c0 6.4 6.4 12.8 12.8 12.8zm96 0h22.4c6.4 0 12.8-6.4 12.8-12.8V204.8c0-6.4-6.4-12.8-12.8-12.8h-22.4c-6.4 0-12.8 6.4-12.8 12.8v134.4c0 6.4 6.4 12.8 12.8 12.8zM496 400H48V80c0-8.84-7.16-16-16-16H16C7.16 64 0 71.16 0 80v336c0 17.67 14.33 32 32 32h464c8.84 0 16-7.16 16-16v-16c0-8.84-7.16-16-16-16zm-387.2-48h22.4c6.4 0 12.8-6.4 12.8-12.8v-70.4c0-6.4-6.4-12.8-12.8-12.8h-22.4c-6.4 0-12.8 6.4-12.8 12.8v70.4c0 6.4 6.4 12.8 12.8 12.8z\" class=\"\"><\/path><\/svg><\/i> <img loading=\"lazy\" decoding=\"async\" width=\"16\" height=\"16\" alt=\"Loading\" src=\"https:\/\/www.raccontinellarete.it\/301\/wp-content\/plugins\/page-views-count\/ajax-loader-2x.gif\" border=0 \/><\/p><div class=\"pvc_clear\"><\/div>","protected":false},"excerpt":{"rendered":"<p>Sabato 18 febbraio alle 7.30 su Rai Tre,&nbsp;nell&#8217;ambito dei programmi del Corecom, andr\u00e0 in onda un lungo servizio sulla scorsa edizione del festival LuccAutori. La citt\u00e0 di Lucca sar\u00e0 protagonista con le immagini girate a Villa Bottini e sulle Mura che fanno parte del cortometraggio vincitore della sezione corti del premio Racconti nella Rete. Sar\u00e0 [&hellip;]<\/p>\n<div class=\"pvc_clear\"><\/div>\n<p id=\"pvc_stats_50663\" class=\"pvc_stats all  \" data-element-id=\"50663\" style=\"\"><i class=\"pvc-stats-icon medium\" aria-hidden=\"true\"><svg aria-hidden=\"true\" focusable=\"false\" data-prefix=\"far\" data-icon=\"chart-bar\" role=\"img\" xmlns=\"http:\/\/www.w3.org\/2000\/svg\" viewBox=\"0 0 512 512\" class=\"svg-inline--fa fa-chart-bar fa-w-16 fa-2x\"><path fill=\"currentColor\" d=\"M396.8 352h22.4c6.4 0 12.8-6.4 12.8-12.8V108.8c0-6.4-6.4-12.8-12.8-12.8h-22.4c-6.4 0-12.8 6.4-12.8 12.8v230.4c0 6.4 6.4 12.8 12.8 12.8zm-192 0h22.4c6.4 0 12.8-6.4 12.8-12.8V140.8c0-6.4-6.4-12.8-12.8-12.8h-22.4c-6.4 0-12.8 6.4-12.8 12.8v198.4c0 6.4 6.4 12.8 12.8 12.8zm96 0h22.4c6.4 0 12.8-6.4 12.8-12.8V204.8c0-6.4-6.4-12.8-12.8-12.8h-22.4c-6.4 0-12.8 6.4-12.8 12.8v134.4c0 6.4 6.4 12.8 12.8 12.8zM496 400H48V80c0-8.84-7.16-16-16-16H16C7.16 64 0 71.16 0 80v336c0 17.67 14.33 32 32 32h464c8.84 0 16-7.16 16-16v-16c0-8.84-7.16-16-16-16zm-387.2-48h22.4c6.4 0 12.8-6.4 12.8-12.8v-70.4c0-6.4-6.4-12.8-12.8-12.8h-22.4c-6.4 0-12.8 6.4-12.8 12.8v70.4c0 6.4 6.4 12.8 12.8 12.8z\" class=\"\"><\/path><\/svg><\/i> <img loading=\"lazy\" decoding=\"async\" width=\"16\" height=\"16\" alt=\"Loading\" src=\"https:\/\/www.raccontinellarete.it\/301\/wp-content\/plugins\/page-views-count\/ajax-loader-2x.gif\" border=0 \/><\/p>\n<div class=\"pvc_clear\"><\/div>\n","protected":false},"author":3,"featured_media":50666,"comment_status":"open","ping_status":"closed","sticky":false,"template":"","format":"standard","meta":{"footnotes":""},"categories":[87,547,543,5],"tags":[],"class_list":["post-50663","post","type-post","status-publish","format-standard","has-post-thumbnail","hentry","category-comunicato-stampa","category-f-o-r-u-m","category-forum-di-racconti-nella-rete","category-racconti-nella-rete"],"_links":{"self":[{"href":"https:\/\/www.raccontinellarete.it\/index.php?rest_route=\/wp\/v2\/posts\/50663"}],"collection":[{"href":"https:\/\/www.raccontinellarete.it\/index.php?rest_route=\/wp\/v2\/posts"}],"about":[{"href":"https:\/\/www.raccontinellarete.it\/index.php?rest_route=\/wp\/v2\/types\/post"}],"author":[{"embeddable":true,"href":"https:\/\/www.raccontinellarete.it\/index.php?rest_route=\/wp\/v2\/users\/3"}],"replies":[{"embeddable":true,"href":"https:\/\/www.raccontinellarete.it\/index.php?rest_route=%2Fwp%2Fv2%2Fcomments&post=50663"}],"version-history":[{"count":3,"href":"https:\/\/www.raccontinellarete.it\/index.php?rest_route=\/wp\/v2\/posts\/50663\/revisions"}],"predecessor-version":[{"id":50706,"href":"https:\/\/www.raccontinellarete.it\/index.php?rest_route=\/wp\/v2\/posts\/50663\/revisions\/50706"}],"wp:featuredmedia":[{"embeddable":true,"href":"https:\/\/www.raccontinellarete.it\/index.php?rest_route=\/wp\/v2\/media\/50666"}],"wp:attachment":[{"href":"https:\/\/www.raccontinellarete.it\/index.php?rest_route=%2Fwp%2Fv2%2Fmedia&parent=50663"}],"wp:term":[{"taxonomy":"category","embeddable":true,"href":"https:\/\/www.raccontinellarete.it\/index.php?rest_route=%2Fwp%2Fv2%2Fcategories&post=50663"},{"taxonomy":"post_tag","embeddable":true,"href":"https:\/\/www.raccontinellarete.it\/index.php?rest_route=%2Fwp%2Fv2%2Ftags&post=50663"}],"curies":[{"name":"wp","href":"https:\/\/api.w.org\/{rel}","templated":true}]}}