{"id":50519,"date":"2023-01-26T17:44:11","date_gmt":"2023-01-26T16:44:11","guid":{"rendered":"http:\/\/www.raccontinellarete.it\/?p=50519"},"modified":"2023-01-26T17:44:12","modified_gmt":"2023-01-26T16:44:12","slug":"premio-racconti-nella-rete-2023-la-forma-delle-nuvole-di-simona-visciglia","status":"publish","type":"post","link":"https:\/\/www.raccontinellarete.it\/?p=50519","title":{"rendered":"Premio Racconti nella Rete 2023 &#8220;La forma delle nuvole&#8221; di Simona Visciglia"},"content":{"rendered":"\n<p>Io ho paura delle nuvole, della forma delle nuvole.<\/p>\n\n\n\n<p>Prima di uscire di casa, resto interminabili minuti a fissare il cielo dalla finestra della camera da letto, poich\u00e9 questa si trova esposta sullo stesso lato del cancello dal quale devo uscire.<\/p>\n\n\n\n<p>Il pezzo di cielo che vedo da l\u00ec dovrebbe, quindi, corrispondere a quello che avr\u00f2 sulla testa quando sar\u00f2 fuori.<\/p>\n\n\n\n<p>A volte le nuvole sono solo fiocchi di zucchero filato \u2013 quanto mi piaceva da bambino impastarmi la bocca con quella sostanza dolcissima e un po&#8217; ruvida!<\/p>\n\n\n\n<p>Altre volte sembrano lanugine scomposta, come quella che mio nonno usava per riempire i cuscini, che approntava lui stesso in casa, con le sue sapienti mani.<\/p>\n\n\n\n<p>Spesso per\u00f2 le nubi si addensano e si animano e diventano mostri.<\/p>\n\n\n\n<p>Come grandi blatte bianche fagocitano ogni altra cosa, soprattutto le mie sicurezze, e crescono, si fanno enormi; o sono simili a giganteschi ragni lattiginosi che si cibano delle mie paure, apparecchiando le loro tele azzurrine.<\/p>\n\n\n\n<p>E dunque osservo, scruto in lontananza. Testo il vento, che inaspettatamente pu\u00f2 trascinarsi dietro innumerevoli atrocit\u00e0 cangianti; lo faccio come mi aveva insegnato un mio cugino quando eravamo bambini: inumidisco con la saliva il dito indice e lo espongo all&#8217;aria, per sentire meglio da che parte tira il vento e quanto \u00e8 forte.<\/p>\n\n\n\n<p>\u00c8 un rito che compio tutti i giorni, perlomeno tutte le volte che mi tocca uscir di casa. Eh, s\u00ec, perch\u00e9 lo confesso, se potessi, eviterei.<\/p>\n\n\n\n<p>Eviterei di avere gli incubi che mi aleggiano sulla testa.<\/p>\n\n\n\n<p>Dopo aver disegnato una mappa che inevitabilmente \u00e8 sempre approssimativa, mi avventuro, varco la soglia di casa, prendo l&#8217;ascensore e, nei pochissimi minuti che mi separano dal cancelletto esterno, ripasso le forme di cui ho preso nota, cercando di tenere a mente quelle che pi\u00f9 probabilmente potrebbero divenire pericolose.<\/p>\n\n\n\n<p>Diciamo che ci sarebbe un trucco per restare indenne, almeno fino alla macchina, che purtroppo non \u00e8 mai parcheggiata proprio sotto casa. Ecco, in pratica mi basta non alzare lo sguardo, camminare con il capo leggermente chino, cosa non del tutto controproducente, visto che il marciapiede da queste parti \u00e8 spesso punteggiato delle deiezioni di bestiole carinissime con padroni assai distratti o totalmente maleducati.<\/p>\n\n\n\n<p>Quando arrivo alla mia vettura, un po&#8217; mi rassereno, se non altro perch\u00e9 sono di nuovo al chiuso e il cielo non pu\u00f2 toccarmi finch\u00e9 resto nell&#8217;abitacolo, al riparo.<\/p>\n\n\n\n<p>Mi ricordo che quando ero molto piccolo mio padre mi portava a fare un giro nella nostra Cinquecento color crema per farmi addormentare. Mia madre era abbastanza disperata per colpa mia, non volevo saperne di addormentarmi dopo il Carosello, come allora si usava e come riusciva a fare con gli altri due miei fratelli, addirittura un po&#8217; pi\u00f9 grandi e vivaci di me. Nonostante infatti io non fossi un bimbo capriccioso, arrivato il momento di andare a nanna, attaccavo la lagna e mi agitavo, trovavo mille scuse per non andare al \u201cTeatro Bianchini, tra lenzuola e cuscini\u201d, come amava ripetere mia nonna, quelle rare volte che si tratteneva a casa nostra fino a sera.<\/p>\n\n\n\n<p>Toccava a mio padre prendermi, infagottato nel pigiamone e in una coperta bella calda, e portarmi in giro per il quartiere, camminando piano piano, cullandomi, al riparo nel piccolo abitacolo. Chiudevo docilmente gli occhi e diventavo tutt&#8217;uno coi sedili marroni di pelle consumata.<\/p>\n\n\n\n<p>Da adulto ho pensato che la nostra piccola utilitaria fosse una bolla di pace, metafora del grembo materno. Il soddisfacimento di una nostalgia mai sopita, forse ancora adesso, chiss\u00e0! Psicologia da quattro soldi, ma a pensarci bene con un suo perch\u00e9.<\/p>\n\n\n\n<p>E a proposito di analisi, non sono sempre stato cos\u00ec, cio\u00e8 non ho sempre avuto questa strana fobia.<\/p>\n\n\n\n<p>Ho provato infatti a riavvolgere il nastro, a focalizzare sull&#8217;istante preciso della svolta, sul quando, come, perch\u00e9 a un certo punto io mi sia ritrovato a fare i conti con quelle creature inconsistenti e spaventose.<\/p>\n\n\n\n<p>Insomma, c&#8217;era stato un giorno? Un giorno zero, una data, un punto di rottura?<\/p>\n\n\n\n<p>Continuo a chiedermelo, davvero ancora non lo so.<\/p>\n\n\n\n<p>Ho avuto decisamente un&#8217;infanzia felice. Insomma, normale, senza scossoni, senza episodi eclatanti.<\/p>\n\n\n\n<p>Ero un bambino tranquillo, se escludiamo il rapporto complicato con il sonno. <\/p>\n\n\n\n<p>Poi sono diventato un ragazzino altrettanto tranquillo, forse anche un po&#8217; solitario, ma non troppo da destare preoccupazione. Avevo gi\u00e0 abbastanza compagnia in casa, con i fratelli, qualche cuginetto che gli zii venivano ad abbandonare a casa nostra nei pomeriggi di tutta la mia infanzia, i nonni, le figurine dei calciatori, i fumetti di Topolino.<\/p>\n\n\n\n<p>L&#8217;adolescenza \u00e8 stata inquieta come quella di chiunque altro, n\u00e9 pi\u00f9 n\u00e9 meno.<\/p>\n\n\n\n<p>Sono stati gli anni in cui ho carpito i segreti ai miei fratelli maggiori, per non essere impreparato con le ragazze. Studiavo, uscivo un po&#8217; di pi\u00f9 con gli amici, pochi, e sognavo tanto. Sono stato un sognatore, in effetti. Non so nemmeno cosa mi frullasse per la testa, ma mi torna spesso in mente il rimprovero bonario di mia madre:&nbsp;<\/p>\n\n\n\n<p>&#8211; Dormi sempre troppo poco, ma recuperi con gli occhi aperti!<\/p>\n\n\n\n<p>Ero decisamente uno con la testa tra le nuvole, questo me lo faceva notare soprattutto la mia fidanzatina del liceo, probabilmente con disappunto, perch\u00e9 dimenticavo di passarla a prendere all&#8217;orario concordato o commettevo altre piccole dimenticanze, per lei imperdonabili \u2013 l&#8217;anniversario del primo sguardo dolce o della prima sigaretta insieme. Eh, non proprio eventi storici, questione di punti di vista.<\/p>\n\n\n\n<p>(Poi lei era morta in un incidente d&#8217;auto, guidavo io, fresco di patente).<\/p>\n\n\n\n<p>La testa tra le nuvole, buffo, no?<\/p>\n\n\n\n<p>Come se adesso io fossi terrorizzato dalla stessa sostanza dei miei pensieri, un contrappasso dolorosissimo.<\/p>\n\n\n\n<p>In breve, potrei sorvolare su tutta la mia vita, lo dico senza modestia.<\/p>\n\n\n\n<p>L&#8217;universit\u00e0, il lavoro trovato quasi subito, qualche relazione pi\u00f9 matura, una vita veramente ordinaria, quasi serena.<\/p>\n\n\n\n<p>Eppure da sempre mi porto addosso come una sensazione di fastidio, di imbarazzo, di disagio.<\/p>\n\n\n\n<p>Disagio direi che \u00e8 il termine propriamente pi\u00f9 adatto. Come avere sempre qualcosa fuori posto.<\/p>\n\n\n\n<p>&nbsp;Come un grumo irrisolto dentro di me.<\/p>\n\n\n\n<p>&nbsp;Come una nuvola densa.<\/p>\n\n\n\n<p>Una nuvola dentro.<\/p>\n\n\n\n<p>E la forma delle nuvole \u00e8 imprevedibile.<\/p>\n\n\n\n<p>Questa cosa che mi porto dentro e che non sapr\u00f2 mai cos&#8217;\u00e8.<\/p>\n\n\n\n<p>Convivo con il cielo pesante, convivo con quello che ancora non so o che ho dimenticato.&nbsp;<\/p>\n\n\n\n<p>Quello che importa \u00e8 che io abbia sempre un rifugio sicuro, una finestra da cui guardare e la mappa approssimativa di tutte le mie nuvole.<\/p>\n<div class=\"pvc_clear\"><\/div><p id=\"pvc_stats_50519\" class=\"pvc_stats all  \" data-element-id=\"50519\" style=\"\"><i class=\"pvc-stats-icon medium\" aria-hidden=\"true\"><svg aria-hidden=\"true\" focusable=\"false\" data-prefix=\"far\" data-icon=\"chart-bar\" role=\"img\" xmlns=\"http:\/\/www.w3.org\/2000\/svg\" viewBox=\"0 0 512 512\" class=\"svg-inline--fa fa-chart-bar fa-w-16 fa-2x\"><path fill=\"currentColor\" d=\"M396.8 352h22.4c6.4 0 12.8-6.4 12.8-12.8V108.8c0-6.4-6.4-12.8-12.8-12.8h-22.4c-6.4 0-12.8 6.4-12.8 12.8v230.4c0 6.4 6.4 12.8 12.8 12.8zm-192 0h22.4c6.4 0 12.8-6.4 12.8-12.8V140.8c0-6.4-6.4-12.8-12.8-12.8h-22.4c-6.4 0-12.8 6.4-12.8 12.8v198.4c0 6.4 6.4 12.8 12.8 12.8zm96 0h22.4c6.4 0 12.8-6.4 12.8-12.8V204.8c0-6.4-6.4-12.8-12.8-12.8h-22.4c-6.4 0-12.8 6.4-12.8 12.8v134.4c0 6.4 6.4 12.8 12.8 12.8zM496 400H48V80c0-8.84-7.16-16-16-16H16C7.16 64 0 71.16 0 80v336c0 17.67 14.33 32 32 32h464c8.84 0 16-7.16 16-16v-16c0-8.84-7.16-16-16-16zm-387.2-48h22.4c6.4 0 12.8-6.4 12.8-12.8v-70.4c0-6.4-6.4-12.8-12.8-12.8h-22.4c-6.4 0-12.8 6.4-12.8 12.8v70.4c0 6.4 6.4 12.8 12.8 12.8z\" class=\"\"><\/path><\/svg><\/i> <img loading=\"lazy\" decoding=\"async\" width=\"16\" height=\"16\" alt=\"Loading\" src=\"https:\/\/www.raccontinellarete.it\/301\/wp-content\/plugins\/page-views-count\/ajax-loader-2x.gif\" border=0 \/><\/p><div class=\"pvc_clear\"><\/div>","protected":false},"excerpt":{"rendered":"<p>Io ho paura delle nuvole, della forma delle nuvole. Prima di uscire di casa, resto interminabili minuti a fissare il cielo dalla finestra della camera da letto, poich\u00e9 questa si trova esposta sullo stesso lato del cancello dal quale devo uscire. Il pezzo di cielo che vedo da l\u00ec dovrebbe, quindi, corrispondere a quello che [&hellip;]<\/p>\n<div class=\"pvc_clear\"><\/div>\n<p id=\"pvc_stats_50519\" class=\"pvc_stats all  \" data-element-id=\"50519\" style=\"\"><i class=\"pvc-stats-icon medium\" aria-hidden=\"true\"><svg aria-hidden=\"true\" focusable=\"false\" data-prefix=\"far\" data-icon=\"chart-bar\" role=\"img\" xmlns=\"http:\/\/www.w3.org\/2000\/svg\" viewBox=\"0 0 512 512\" class=\"svg-inline--fa fa-chart-bar fa-w-16 fa-2x\"><path fill=\"currentColor\" d=\"M396.8 352h22.4c6.4 0 12.8-6.4 12.8-12.8V108.8c0-6.4-6.4-12.8-12.8-12.8h-22.4c-6.4 0-12.8 6.4-12.8 12.8v230.4c0 6.4 6.4 12.8 12.8 12.8zm-192 0h22.4c6.4 0 12.8-6.4 12.8-12.8V140.8c0-6.4-6.4-12.8-12.8-12.8h-22.4c-6.4 0-12.8 6.4-12.8 12.8v198.4c0 6.4 6.4 12.8 12.8 12.8zm96 0h22.4c6.4 0 12.8-6.4 12.8-12.8V204.8c0-6.4-6.4-12.8-12.8-12.8h-22.4c-6.4 0-12.8 6.4-12.8 12.8v134.4c0 6.4 6.4 12.8 12.8 12.8zM496 400H48V80c0-8.84-7.16-16-16-16H16C7.16 64 0 71.16 0 80v336c0 17.67 14.33 32 32 32h464c8.84 0 16-7.16 16-16v-16c0-8.84-7.16-16-16-16zm-387.2-48h22.4c6.4 0 12.8-6.4 12.8-12.8v-70.4c0-6.4-6.4-12.8-12.8-12.8h-22.4c-6.4 0-12.8 6.4-12.8 12.8v70.4c0 6.4 6.4 12.8 12.8 12.8z\" class=\"\"><\/path><\/svg><\/i> <img loading=\"lazy\" decoding=\"async\" width=\"16\" height=\"16\" alt=\"Loading\" src=\"https:\/\/www.raccontinellarete.it\/301\/wp-content\/plugins\/page-views-count\/ajax-loader-2x.gif\" border=0 \/><\/p>\n<div class=\"pvc_clear\"><\/div>\n","protected":false},"author":22388,"featured_media":0,"comment_status":"open","ping_status":"closed","sticky":false,"template":"","format":"standard","meta":{"footnotes":""},"categories":[657],"tags":[],"class_list":["post-50519","post","type-post","status-publish","format-standard","hentry","category-premio-racconti-nella-rete-2023"],"_links":{"self":[{"href":"https:\/\/www.raccontinellarete.it\/index.php?rest_route=\/wp\/v2\/posts\/50519"}],"collection":[{"href":"https:\/\/www.raccontinellarete.it\/index.php?rest_route=\/wp\/v2\/posts"}],"about":[{"href":"https:\/\/www.raccontinellarete.it\/index.php?rest_route=\/wp\/v2\/types\/post"}],"author":[{"embeddable":true,"href":"https:\/\/www.raccontinellarete.it\/index.php?rest_route=\/wp\/v2\/users\/22388"}],"replies":[{"embeddable":true,"href":"https:\/\/www.raccontinellarete.it\/index.php?rest_route=%2Fwp%2Fv2%2Fcomments&post=50519"}],"version-history":[{"count":2,"href":"https:\/\/www.raccontinellarete.it\/index.php?rest_route=\/wp\/v2\/posts\/50519\/revisions"}],"predecessor-version":[{"id":50523,"href":"https:\/\/www.raccontinellarete.it\/index.php?rest_route=\/wp\/v2\/posts\/50519\/revisions\/50523"}],"wp:attachment":[{"href":"https:\/\/www.raccontinellarete.it\/index.php?rest_route=%2Fwp%2Fv2%2Fmedia&parent=50519"}],"wp:term":[{"taxonomy":"category","embeddable":true,"href":"https:\/\/www.raccontinellarete.it\/index.php?rest_route=%2Fwp%2Fv2%2Fcategories&post=50519"},{"taxonomy":"post_tag","embeddable":true,"href":"https:\/\/www.raccontinellarete.it\/index.php?rest_route=%2Fwp%2Fv2%2Ftags&post=50519"}],"curies":[{"name":"wp","href":"https:\/\/api.w.org\/{rel}","templated":true}]}}