{"id":50420,"date":"2023-01-09T13:26:50","date_gmt":"2023-01-09T12:26:50","guid":{"rendered":"http:\/\/www.raccontinellarete.it\/?p=50420"},"modified":"2023-01-18T13:36:15","modified_gmt":"2023-01-18T12:36:15","slug":"sabato-14-gennaio-racconti-nella-rete-fa-tappa-a-capua","status":"publish","type":"post","link":"https:\/\/www.raccontinellarete.it\/?p=50420","title":{"rendered":"Sabato 14 gennaio Racconti nella Rete fa tappa a Capua"},"content":{"rendered":"\n<p><strong>CAPUA &#8211; Sabato 14 gennaio alle 18 presso il Circolo dei lettori di Capua &#8211; Cose d&#8217;Interni Libri&nbsp;&nbsp;verr\u00e0 presentata la nuova antologia del premio &#8220;Racconti nella Rete&#8221; edita da Castelvecchi.&nbsp;<\/strong><\/p>\n\n\n\n<p>Intervengono Demetrio Brandi, presidente del premio, e gli autori Cesare Cuscianna e Miriam De Marco, vincitori del premio 2022. L&#8217;incontro vedr\u00e0 la partecipazione di alcuni ex vincitori come Davide Deidda, Ottavio Mirra, Luigi Giampetraglia, Maria Sordino, Marco Floridia, Marianna Guida, Ida Raiola, Ersilia Crisci.&nbsp;L&#8217;attrice Piera De Cesare legger\u00e0 alcuni brani tratti dai racconti vincitori.&nbsp;<\/p>\n\n\n\n<p>Inoltre sar\u00e0&nbsp; proiettato il cortometraggio <em>&#8220;Quando una storia \u00e8 solo una storia&#8221;<\/em> di Nicola Buoso, vincitore della sezione corti 2022 del premio Racconti nella Rete.&nbsp; Il cortometraggio, prodotto da LuccAutori e Scuola di Cinema Immagina,&nbsp; vede protagonisti gli attori&nbsp;Simone Floreani, Gloria Tonini e Viorica Goltiescu.&nbsp;Regia di Giuseppe Ferlito.&nbsp; &nbsp; &nbsp; &nbsp; &nbsp;&nbsp;<\/p>\n\n\n\n<p>La ventunesima edizione di Racconti nella Rete si caratterizza per l\u2019alta qualit\u00e0 dei racconti che hanno partecipato al premio, senza timore di smentita diventato un riferimento per gli autori esordienti che vogliono farsi conoscere al grande pubblico.&nbsp;&nbsp;Il progetto letterario&nbsp; permette a tutti, giovani e meno giovani, di partecipare al concorso con un racconto breve, una favola per bambini o un soggetto per cortometraggi.&nbsp; Il premio prende vita tutto l\u2019anno nel sito&nbsp;&nbsp;<a href=\"https:\/\/www.raccontinellarete.it\">www.raccontinellarete.it<\/a>&nbsp; ed \u00e8 sostenuto da una serie di presentazioni dell\u2019antologia in diverse citt\u00e0 italiane. La premiazione dei vincitori avviene nell\u2019ambito del&nbsp; festival LuccAutori\u00ae , in programma a Lucca nel mese di ottobre.&nbsp; Scrigno di piccole storie compiute,&nbsp; l\u2019antologia diventa testimonianza del tempo in cui viviamo ed espressione di tematiche sociali affrontate a volte con leggerezza&nbsp; altre volte con passione, sensibilit\u00e0 e rabbia.&nbsp; Espressione di una qualit\u00e0 letteraria in continua crescita, i racconti si caratterizzano&nbsp; per una prosa sempre pi\u00f9 raffinata e variegata e con stili narrativi originali.&nbsp;La peculiarit\u00e0 del premio consiste nella pubblicazione di tutti racconti in concorso nel sito e nella possibilit\u00e0 che questi vengano letti e commentati dagli utenti.&nbsp;<\/p>\n\n\n\n<p>Questi i venticinque scrittori che hanno vinto la selezione 2022:&nbsp; Alberto Bassetto,&nbsp; GianMarco Cellini,&nbsp; Gabriella Cirillo, Federica Codeb\u00f2, Lucia Corsale, Cesare Cuscianna, Miriam De Marco, Gabriella Gera, Antonella Landi, Maria Luisa La Rosa, &nbsp;Arianna Lumare, Alessio Manfredi Selvaggi, Moreno Mojana, Chiara Pardini, Maria Cristina Peruzzini, Silvia Rivolta, Marco Ruggiero, Stefania Salvi, Marzia Santella, Benedetta Scafa, Riccardo Scafati, Leonardo Schiavone, Irene Schiesaro, Oscar Tison, Paola Zaldera.<\/p>\n\n\n\n<p><strong>A seguire ci sar\u00e0 la presentazione del libro di Carmen Verde \u201cUna minima infelicit\u00e0\u201d (Neri Pozza)<\/strong>. Anche Carmen, alcuni anni fa,&nbsp; ha vinto il premio Racconti nella Rete.<\/p>\n\n\n\n<p><em><strong>Una minima infelicit\u00e0&nbsp;<\/strong><\/em>\u00e8 un romanzo vertiginoso. Una nave in bottiglia che non si pu\u00f2 smettere di ammirare. Annetta racconta la sua vita vissuta all\u2019ombra della madre, Sofia Vivier. Bella, inquieta, elegante, Sofia si vergogna del corpo della figlia perch\u00e9 \u00e8 scandalosamente minuto. Una petite che non cresce, che resta alta come una bambina. Chiusa nel sacrario della sua casa, Annetta fugge la rozzezza del mondo di fuori, rispetto al quale si sente inadeguata. A sua insaputa, per\u00f2, il declino lavora in segreto. \u00c8 l\u2019arrivo di Clara Bigi, una domestica crudele, capace di imporle regole rigide e insensate, a introdurre il primo elemento di discontinuit\u00e0 nella vita familiare. Il padre, Antonio Baldini, ricco commerciante di tessuti, cede a quella donna il controllo della sua vita domestica. Clara Bigi diventa cos\u00ed il guardiano di Annetta, arrivando a sorvegliarne anche le letture. La morte improvvisa del padre \u00e8 per Annetta l\u2019approdo brusco all\u2019et\u00e0 adulta. Dimentica di s\u00e9, decide di rivolgere le sue cure soltanto alla madre, fino ad accudirne la bellezza sfiorita. Allenata dal suo stesso corpo alla rinuncia, coltiva con ostinazione il suo istinto alla diminuzione. Ogni pagina di questo romanzo ci mostra cosa significhi davvero saper narrare utilizzando una lingua magnifica che ci ipnotizza, ci costringe ad arrivare all\u2019ultima pagina, come un naufragio desiderato. Questo libro \u00e8 il miracolo di una scrittrice che segna un nuovo confine nella narrativa di questi anni.<\/p>\n\n\n\n<p>L&#8217;Ufficio Stampa<\/p>\n\n\n\n<figure class=\"wp-block-image size-large\"><img loading=\"lazy\" decoding=\"async\" width=\"1024\" height=\"1024\" src=\"https:\/\/www.raccontinellarete.it\/301\/wp-content\/uploads\/2023\/01\/LOCANDINA-CAPUA-14-GENNAIO-2023-1024x1024.jpg\" alt=\"\" class=\"wp-image-50421\" srcset=\"https:\/\/www.raccontinellarete.it\/301\/wp-content\/uploads\/2023\/01\/LOCANDINA-CAPUA-14-GENNAIO-2023-1024x1024.jpg 1024w, https:\/\/www.raccontinellarete.it\/301\/wp-content\/uploads\/2023\/01\/LOCANDINA-CAPUA-14-GENNAIO-2023-250x250.jpg 250w, https:\/\/www.raccontinellarete.it\/301\/wp-content\/uploads\/2023\/01\/LOCANDINA-CAPUA-14-GENNAIO-2023-768x768.jpg 768w, https:\/\/www.raccontinellarete.it\/301\/wp-content\/uploads\/2023\/01\/LOCANDINA-CAPUA-14-GENNAIO-2023.jpg 1080w\" sizes=\"(max-width: 1024px) 100vw, 1024px\" \/><\/figure>\n\n\n\n<figure class=\"wp-block-image size-large\"><img loading=\"lazy\" decoding=\"async\" width=\"1024\" height=\"1024\" src=\"https:\/\/www.raccontinellarete.it\/301\/wp-content\/uploads\/2023\/01\/carmen-verde-1024x1024.jpg\" alt=\"\" class=\"wp-image-50422\" srcset=\"https:\/\/www.raccontinellarete.it\/301\/wp-content\/uploads\/2023\/01\/carmen-verde-1024x1024.jpg 1024w, https:\/\/www.raccontinellarete.it\/301\/wp-content\/uploads\/2023\/01\/carmen-verde-250x250.jpg 250w, https:\/\/www.raccontinellarete.it\/301\/wp-content\/uploads\/2023\/01\/carmen-verde-768x768.jpg 768w, https:\/\/www.raccontinellarete.it\/301\/wp-content\/uploads\/2023\/01\/carmen-verde.jpg 1080w\" sizes=\"(max-width: 1024px) 100vw, 1024px\" \/><\/figure>\n\n\n\n<figure class=\"wp-block-image size-large\"><img loading=\"lazy\" decoding=\"async\" width=\"701\" height=\"1024\" src=\"https:\/\/www.raccontinellarete.it\/301\/wp-content\/uploads\/2023\/01\/la-nazione-12-gennaio-2023_page-0001-701x1024.jpg\" alt=\"\" class=\"wp-image-50438\" srcset=\"https:\/\/www.raccontinellarete.it\/301\/wp-content\/uploads\/2023\/01\/la-nazione-12-gennaio-2023_page-0001-701x1024.jpg 701w, https:\/\/www.raccontinellarete.it\/301\/wp-content\/uploads\/2023\/01\/la-nazione-12-gennaio-2023_page-0001-171x250.jpg 171w, https:\/\/www.raccontinellarete.it\/301\/wp-content\/uploads\/2023\/01\/la-nazione-12-gennaio-2023_page-0001-768x1122.jpg 768w, https:\/\/www.raccontinellarete.it\/301\/wp-content\/uploads\/2023\/01\/la-nazione-12-gennaio-2023_page-0001.jpg 956w\" sizes=\"(max-width: 701px) 100vw, 701px\" \/><\/figure>\n<div class=\"pvc_clear\"><\/div><p id=\"pvc_stats_50420\" class=\"pvc_stats all  \" data-element-id=\"50420\" style=\"\"><i class=\"pvc-stats-icon medium\" aria-hidden=\"true\"><svg aria-hidden=\"true\" focusable=\"false\" data-prefix=\"far\" data-icon=\"chart-bar\" role=\"img\" xmlns=\"http:\/\/www.w3.org\/2000\/svg\" viewBox=\"0 0 512 512\" class=\"svg-inline--fa fa-chart-bar fa-w-16 fa-2x\"><path fill=\"currentColor\" d=\"M396.8 352h22.4c6.4 0 12.8-6.4 12.8-12.8V108.8c0-6.4-6.4-12.8-12.8-12.8h-22.4c-6.4 0-12.8 6.4-12.8 12.8v230.4c0 6.4 6.4 12.8 12.8 12.8zm-192 0h22.4c6.4 0 12.8-6.4 12.8-12.8V140.8c0-6.4-6.4-12.8-12.8-12.8h-22.4c-6.4 0-12.8 6.4-12.8 12.8v198.4c0 6.4 6.4 12.8 12.8 12.8zm96 0h22.4c6.4 0 12.8-6.4 12.8-12.8V204.8c0-6.4-6.4-12.8-12.8-12.8h-22.4c-6.4 0-12.8 6.4-12.8 12.8v134.4c0 6.4 6.4 12.8 12.8 12.8zM496 400H48V80c0-8.84-7.16-16-16-16H16C7.16 64 0 71.16 0 80v336c0 17.67 14.33 32 32 32h464c8.84 0 16-7.16 16-16v-16c0-8.84-7.16-16-16-16zm-387.2-48h22.4c6.4 0 12.8-6.4 12.8-12.8v-70.4c0-6.4-6.4-12.8-12.8-12.8h-22.4c-6.4 0-12.8 6.4-12.8 12.8v70.4c0 6.4 6.4 12.8 12.8 12.8z\" class=\"\"><\/path><\/svg><\/i> <img loading=\"lazy\" decoding=\"async\" width=\"16\" height=\"16\" alt=\"Loading\" src=\"https:\/\/www.raccontinellarete.it\/301\/wp-content\/plugins\/page-views-count\/ajax-loader-2x.gif\" border=0 \/><\/p><div class=\"pvc_clear\"><\/div>","protected":false},"excerpt":{"rendered":"<p>CAPUA &#8211; Sabato 14 gennaio alle 18 presso il Circolo dei lettori di Capua &#8211; Cose d&#8217;Interni Libri&nbsp;&nbsp;verr\u00e0 presentata la nuova antologia del premio &#8220;Racconti nella Rete&#8221; edita da Castelvecchi.&nbsp; Intervengono Demetrio Brandi, presidente del premio, e gli autori Cesare Cuscianna e Miriam De Marco, vincitori del premio 2022. L&#8217;incontro vedr\u00e0 la partecipazione di alcuni [&hellip;]<\/p>\n<div class=\"pvc_clear\"><\/div>\n<p id=\"pvc_stats_50420\" class=\"pvc_stats all  \" data-element-id=\"50420\" style=\"\"><i class=\"pvc-stats-icon medium\" aria-hidden=\"true\"><svg aria-hidden=\"true\" focusable=\"false\" data-prefix=\"far\" data-icon=\"chart-bar\" role=\"img\" xmlns=\"http:\/\/www.w3.org\/2000\/svg\" viewBox=\"0 0 512 512\" class=\"svg-inline--fa fa-chart-bar fa-w-16 fa-2x\"><path fill=\"currentColor\" d=\"M396.8 352h22.4c6.4 0 12.8-6.4 12.8-12.8V108.8c0-6.4-6.4-12.8-12.8-12.8h-22.4c-6.4 0-12.8 6.4-12.8 12.8v230.4c0 6.4 6.4 12.8 12.8 12.8zm-192 0h22.4c6.4 0 12.8-6.4 12.8-12.8V140.8c0-6.4-6.4-12.8-12.8-12.8h-22.4c-6.4 0-12.8 6.4-12.8 12.8v198.4c0 6.4 6.4 12.8 12.8 12.8zm96 0h22.4c6.4 0 12.8-6.4 12.8-12.8V204.8c0-6.4-6.4-12.8-12.8-12.8h-22.4c-6.4 0-12.8 6.4-12.8 12.8v134.4c0 6.4 6.4 12.8 12.8 12.8zM496 400H48V80c0-8.84-7.16-16-16-16H16C7.16 64 0 71.16 0 80v336c0 17.67 14.33 32 32 32h464c8.84 0 16-7.16 16-16v-16c0-8.84-7.16-16-16-16zm-387.2-48h22.4c6.4 0 12.8-6.4 12.8-12.8v-70.4c0-6.4-6.4-12.8-12.8-12.8h-22.4c-6.4 0-12.8 6.4-12.8 12.8v70.4c0 6.4 6.4 12.8 12.8 12.8z\" class=\"\"><\/path><\/svg><\/i> <img loading=\"lazy\" decoding=\"async\" width=\"16\" height=\"16\" alt=\"Loading\" src=\"https:\/\/www.raccontinellarete.it\/301\/wp-content\/plugins\/page-views-count\/ajax-loader-2x.gif\" border=0 \/><\/p>\n<div class=\"pvc_clear\"><\/div>\n","protected":false},"author":3,"featured_media":50461,"comment_status":"open","ping_status":"closed","sticky":false,"template":"","format":"standard","meta":{"footnotes":""},"categories":[87,547,543,5],"tags":[],"class_list":["post-50420","post","type-post","status-publish","format-standard","has-post-thumbnail","hentry","category-comunicato-stampa","category-f-o-r-u-m","category-forum-di-racconti-nella-rete","category-racconti-nella-rete"],"_links":{"self":[{"href":"https:\/\/www.raccontinellarete.it\/index.php?rest_route=\/wp\/v2\/posts\/50420"}],"collection":[{"href":"https:\/\/www.raccontinellarete.it\/index.php?rest_route=\/wp\/v2\/posts"}],"about":[{"href":"https:\/\/www.raccontinellarete.it\/index.php?rest_route=\/wp\/v2\/types\/post"}],"author":[{"embeddable":true,"href":"https:\/\/www.raccontinellarete.it\/index.php?rest_route=\/wp\/v2\/users\/3"}],"replies":[{"embeddable":true,"href":"https:\/\/www.raccontinellarete.it\/index.php?rest_route=%2Fwp%2Fv2%2Fcomments&post=50420"}],"version-history":[{"count":3,"href":"https:\/\/www.raccontinellarete.it\/index.php?rest_route=\/wp\/v2\/posts\/50420\/revisions"}],"predecessor-version":[{"id":50439,"href":"https:\/\/www.raccontinellarete.it\/index.php?rest_route=\/wp\/v2\/posts\/50420\/revisions\/50439"}],"wp:featuredmedia":[{"embeddable":true,"href":"https:\/\/www.raccontinellarete.it\/index.php?rest_route=\/wp\/v2\/media\/50461"}],"wp:attachment":[{"href":"https:\/\/www.raccontinellarete.it\/index.php?rest_route=%2Fwp%2Fv2%2Fmedia&parent=50420"}],"wp:term":[{"taxonomy":"category","embeddable":true,"href":"https:\/\/www.raccontinellarete.it\/index.php?rest_route=%2Fwp%2Fv2%2Fcategories&post=50420"},{"taxonomy":"post_tag","embeddable":true,"href":"https:\/\/www.raccontinellarete.it\/index.php?rest_route=%2Fwp%2Fv2%2Ftags&post=50420"}],"curies":[{"name":"wp","href":"https:\/\/api.w.org\/{rel}","templated":true}]}}