{"id":50365,"date":"2022-12-30T13:18:13","date_gmt":"2022-12-30T12:18:13","guid":{"rendered":"http:\/\/www.raccontinellarete.it\/?p=50365"},"modified":"2022-12-30T13:18:13","modified_gmt":"2022-12-30T12:18:13","slug":"premio-racconti-nella-rete-2023-ma-quale-liberta-di-giancarlo-biserna","status":"publish","type":"post","link":"https:\/\/www.raccontinellarete.it\/?p=50365","title":{"rendered":"Premio Racconti nella Rete 2023 &#8220;Ma quale libert\u00e0!&#8221; di Giancarlo Biserna"},"content":{"rendered":"\n<p>Don Alfonso decise. Basta con queste omelie quasi scontate e spesso lunghe. Lo dice anche il Papa \u201cquando tenete una omelia non ripetete e neppure riassumete le letture, andate oltre, molto oltre, e siate corti, la gente non ne pu\u00f2 pi\u00f9 delle vostre barbe\u201d.<\/p>\n\n\n\n<p>Don Alfonso gli volle dare ragione ed a quella Messa, dove doveva commentare la Lettera ai Galati, appena proclamata dal lettore, disse:<\/p>\n\n\n\n<ul class=\"wp-block-list\">\n<li>Fratelli, come dice Paolo, voi siete stati chiamati a libert\u00e0. &#8211; &nbsp;Si ferm\u00f2 un attimo e poi riprese: &#8211; Purch\u00e8 questa libert\u00e0 non divenga un pretesto per vivere secondo la carne. &#8211;<\/li>\n<\/ul>\n\n\n\n<p>Don Alfonso scese dal gradino, and\u00f2 tra le persone e chiam\u00f2 per nome diversi dei presenti, e li &nbsp;coinvolse cos\u00ec \u201cTu come ti chiami?\u201d Una lei rispose: \u201cAnna Paola.\u201d Lui la guard\u00f2 in faccia e disse forte \u201callora tu\u2026saresti Anna Paola\u201d. Lei si meravigli\u00f2 un po\u2019 del&nbsp; modo, ma non ha importanza. E cos\u00ec fece con una trentina di persone, senza badare al tempo che passava e neppure se si meravigliavano o meno. Ma anche questo non ha importanza. Ebbero invece modo di meravigliarsi davvero dopo pochi minuti! Don Alfonso ritorn\u00f2 sull\u2019altare e riprese l\u2019omelia: &#8211; Mi viene da ridere pensare che l\u2019uomo oggi pretenda di essere libero, anzi ritenga che sia suo diritto essere libero di vivere e di agire come pi\u00f9 gli piace con la solita formula del \u201cpurch\u00e8 non faccia male agli altri\u201d. Ormai la donna e l\u2019uomo sono arrivati al punto di considerare loro diritto incontrovertibile anche l\u2019aborto, regolato da leggi sempre meno restrittive ed, ovviamente, pi\u00f9 favorevoli alle loro &nbsp;esigenze anzich\u00e9 a quelle del bambino. E \u201cdirittano\u201d anche nel pretendere di equiparare la cellula della vita, cio\u00e8 quella unione tra donna ed uomo, che \u00e8 l\u2019unica in grado di procreare, con qualsiasi altra unione. E questo non basta ancora! Non contenti, adesso vogliono addirittura decidere loro sul \u201cloro\u201d sesso, fregandosene di madre natura! &nbsp;Capito? &#8211;<\/p>\n\n\n\n<p>I fedeli lo guardavano curiosi ed attenti. Don Alfonso, non pago caric\u00f2: &#8211; Avete capito? Questo uomo vuole decidere lui se essere uomo oppure donna. Io gli urlo \u201cMa hai il pistolino!\u201d \u201cE\u2019 lo stesso\u201d, risponde lui, io mi percepisco donna ed io voglio essere libero di esplicarmi come donna. Ne ho diritto!\u201d &#8211;<\/p>\n\n\n\n<p>Don Alfonso continu\u00f2: &#8211; Amici, chiedetevi perch\u00e9 ora vi ho chiamati tutti col vostro nome di battesimo? Lo ho fatto perch\u00e9 vi voglio seguire nel vostro \u201cdirittame\u201d. Ebbene, quel nome, che \u00e8 la cosa pi\u00f9 importante ed in vista che vi tirate dietro per tutta la vita, chi ve lo ha dato? I vostri genitori, i quali evidentemente, ah, ah, ah, hanno fatto un soppruso alla vostra libert\u00e0. Ma con quale diritto! il nome \u00e8 vostro e ve lo dovreste dare voi da soli. Ed invece, perch\u00e8 accettate che ve lo diano i vostri genitori! Non \u00e8 una ingiustizia anche questa? Dite che \u00e8 sempre stato cos\u00ec, come si fa a fare diverso! Si fa, dico io. Si fa! In questa continua escalation verso diritti sempre pi\u00f9 spinti \u00e8 arrivato il tempo che il bambino deve avere anche il diritto di scegliersi lui il nome che lo accompagner\u00e0 per tutta la vita. Appena nato i genitori gli devono dire \u201cCiao\u201d e poi aggiungere \u201cCome ti vuoi chiamare?\u201d. Tra urletti, pianti e tanti ueeh, non si capisce la risposta. Ma non importa, il neonato non deve subire la prevaricazione, ne va della sua psiche e della sua libert\u00e0! Per\u00f2 in effetti, appena nato, \u00e8 troppo presto, bisogna metterlo in condizioni di potere darselo da s\u00e9 il nome quando capir\u00e0 un po\u2019. Nel frattempo avr\u00e0 un nome provvisorio per fare tutte le pratiche della nascita. Ecco, dicono i genitori, allora provvisoriamente ti chiamiamo Patatino. Poi tu lo cambi. Quando? Facciamo a cinque anni! Ma che nome ti puoi dare a cinque anni? Sgubble! No, fa ridere, \u00e8 troppo presto. Ma non ti preoccupare, nel frattempo avrai sempre Patatino. che ti permetter\u00e0 di identificarti. Il nome vero e libero te lo darai a dieci anni. Quale sar\u00e0? Giocoforza quello di una cantante, di un calciatore, di un cartone, di un video. Non va bene, pensa, dopo quando cambierai i tuoi gusti ed i tuoi interessi non puoi portarti dietro quel nome. Nel frattempo c\u2019\u00e8 sempre Patatino, non ti preoccupare. Il nome buono te lo darai a 18 anni. Per\u00f2 devi stare molto attento a dartelo, perch\u00e9 diventa decisivo per la tua vita lavorativa, sociale, intima. Per esempio se farai il cardiologo perch\u00e9 chiamarti Claudio, chiamati Cuor di Leone, che ti aiuta. La gente dice \u201cQuello s\u00ec che \u00e8 un bravo medico, si chiama Cuor di Leone, mi far\u00f2 operare da lui tre volte\u201d.<\/p>\n\n\n\n<p>Per\u00f2 mettiamo che poi non sei un gran che come cardiologo oppure che nella vita sei fifone, fai un p\u00f2 ridere con un nome cos\u00ec impegnativo. Pensi che farai il gelataio? Allora chiamati Freschino che ti fa pubblicit\u00e0 gratis! Ma poi se non fai il gelataio? Oppure provi, ma poi cambi lavoro, perch\u00e9 fai dei gelati cattivi? Freschino non \u00e8 un gran che. Oppure vuoi fare il metereologo? Perch\u00e9 non chiamarti Quinto Fabio Massimo, il temporeggiatore! E\u2019 anche molto bello! Ma se poi le previsioni del tempo le sbagli, un nome cos\u00ec non ti aiuta. Tanto per metterci dentro un p\u00f2 tutto, potresti decidere di chiamarti Perfetto, ma fai poi che sei, anche solo un p\u00f2, imperfetto, ti massacrano. No, caro Patatino il nome lo devi decidere pi\u00f9 avanti quando avrai maturato certezze ed esperienze, solo allora non potrai sbagliare. Dici che poi cambiarsi il nome a quaranta anni non \u00e8 il massimo, ormai tutti ti conoscono e ti chiamano Patatino, come fai a dire che ti chiamino, se mai, Antonio! No, non va bene neanche cos\u00ec. &#8211;<\/p>\n\n\n\n<p>Il popolo che ascoltava la omelia non capiva proprio dove don Alfonso volesse arrivare, sembrava anche questo uno spettacolo di cabaret, mai vista una omelia cabaret.<\/p>\n\n\n\n<p>Don Alfonso cap\u00ec che doveva stringere e volle chiudere, confortato sempre dalle parole del Papa che chiedeva, appunto, anche omelie corte, cortissime: &#8211; Insomma, sorelle e fratelli quale \u00e8 il momento migliore per esercitare questo diritto al nome, cos\u00ec fondamentale? &#8211;<\/p>\n\n\n\n<ul class=\"wp-block-list\">\n<li>Il momento della morte &#8211; si fece sentire una voce.<\/li>\n<\/ul>\n\n\n\n<p>E don Alfonso: &#8211; Esatto! Solo in quel momento hai tutti gli elementi, tute le esperienze e tutte le conoscenze per poter fare valere il tuo diritto primario al nome e quindi in piena libert\u00e0. Avanti, sei arrivato, stai per morire, \u00e8 arrivato il&nbsp; momento, non si pu\u00f2 pi\u00f9 attendere, dicci come ti vuoi chiamare, che nome dobbiamo mettere nei manifesti. E la decisione dell\u2019 ex bimbo, ecc. ecc. ecc. non potr\u00e0 che essere questa: &#8211; Ho deciso, mi voglio chiamare &#8211; fece una lunga pausa e poi grid\u00f2 &#8211; Patatino! &#8211;<\/p>\n\n\n\n<p>Se era cabaret forse qualcuno avrebbe applaudito, ma non era cabaret ed allora ci fu chi pens\u00f2 per amore della libert\u00e0 di denunciare don Alfonso per irrisione ai diritti della persona, per omofobia, per attentato alla libert\u00e0, ma poi ci ripens\u00f2 e non lo fece, per paura di chi, di cosa? Per paura della verit\u00e0? Chiss\u00e0.<\/p>\n\n\n\n<p>In effetti molti il collegamento con la Lettera ai Galati, che dice che la libert\u00e0 ci \u00e8 stata donata, purch\u00e8 la usiamo bene, lo fecero e capirono di non essere liberi, e neppure quasi, se non in delle cazzate.<\/p>\n\n\n\n<p>L\u2019omelia si chiuse e la Messa continu\u00f2.<\/p>\n\n\n\n<p>Don Alfonso guard\u00f2 i fedeli e si chiese \u201cChiss\u00e0!\u201d<\/p>\n\n\n\n<p><\/p>\n\n\n\n<p><\/p>\n<div class=\"pvc_clear\"><\/div><p id=\"pvc_stats_50365\" class=\"pvc_stats all  \" data-element-id=\"50365\" style=\"\"><i class=\"pvc-stats-icon medium\" aria-hidden=\"true\"><svg aria-hidden=\"true\" focusable=\"false\" data-prefix=\"far\" data-icon=\"chart-bar\" role=\"img\" xmlns=\"http:\/\/www.w3.org\/2000\/svg\" viewBox=\"0 0 512 512\" class=\"svg-inline--fa fa-chart-bar fa-w-16 fa-2x\"><path fill=\"currentColor\" d=\"M396.8 352h22.4c6.4 0 12.8-6.4 12.8-12.8V108.8c0-6.4-6.4-12.8-12.8-12.8h-22.4c-6.4 0-12.8 6.4-12.8 12.8v230.4c0 6.4 6.4 12.8 12.8 12.8zm-192 0h22.4c6.4 0 12.8-6.4 12.8-12.8V140.8c0-6.4-6.4-12.8-12.8-12.8h-22.4c-6.4 0-12.8 6.4-12.8 12.8v198.4c0 6.4 6.4 12.8 12.8 12.8zm96 0h22.4c6.4 0 12.8-6.4 12.8-12.8V204.8c0-6.4-6.4-12.8-12.8-12.8h-22.4c-6.4 0-12.8 6.4-12.8 12.8v134.4c0 6.4 6.4 12.8 12.8 12.8zM496 400H48V80c0-8.84-7.16-16-16-16H16C7.16 64 0 71.16 0 80v336c0 17.67 14.33 32 32 32h464c8.84 0 16-7.16 16-16v-16c0-8.84-7.16-16-16-16zm-387.2-48h22.4c6.4 0 12.8-6.4 12.8-12.8v-70.4c0-6.4-6.4-12.8-12.8-12.8h-22.4c-6.4 0-12.8 6.4-12.8 12.8v70.4c0 6.4 6.4 12.8 12.8 12.8z\" class=\"\"><\/path><\/svg><\/i> <img loading=\"lazy\" decoding=\"async\" width=\"16\" height=\"16\" alt=\"Loading\" src=\"https:\/\/www.raccontinellarete.it\/301\/wp-content\/plugins\/page-views-count\/ajax-loader-2x.gif\" border=0 \/><\/p><div class=\"pvc_clear\"><\/div>","protected":false},"excerpt":{"rendered":"<p>Don Alfonso decise. Basta con queste omelie quasi scontate e spesso lunghe. Lo dice anche il Papa \u201cquando tenete una omelia non ripetete e neppure riassumete le letture, andate oltre, molto oltre, e siate corti, la gente non ne pu\u00f2 pi\u00f9 delle vostre barbe\u201d. Don Alfonso gli volle dare ragione ed a quella Messa, dove [&hellip;]<\/p>\n<div class=\"pvc_clear\"><\/div>\n<p id=\"pvc_stats_50365\" class=\"pvc_stats all  \" data-element-id=\"50365\" style=\"\"><i class=\"pvc-stats-icon medium\" aria-hidden=\"true\"><svg aria-hidden=\"true\" focusable=\"false\" data-prefix=\"far\" data-icon=\"chart-bar\" role=\"img\" xmlns=\"http:\/\/www.w3.org\/2000\/svg\" viewBox=\"0 0 512 512\" class=\"svg-inline--fa fa-chart-bar fa-w-16 fa-2x\"><path fill=\"currentColor\" d=\"M396.8 352h22.4c6.4 0 12.8-6.4 12.8-12.8V108.8c0-6.4-6.4-12.8-12.8-12.8h-22.4c-6.4 0-12.8 6.4-12.8 12.8v230.4c0 6.4 6.4 12.8 12.8 12.8zm-192 0h22.4c6.4 0 12.8-6.4 12.8-12.8V140.8c0-6.4-6.4-12.8-12.8-12.8h-22.4c-6.4 0-12.8 6.4-12.8 12.8v198.4c0 6.4 6.4 12.8 12.8 12.8zm96 0h22.4c6.4 0 12.8-6.4 12.8-12.8V204.8c0-6.4-6.4-12.8-12.8-12.8h-22.4c-6.4 0-12.8 6.4-12.8 12.8v134.4c0 6.4 6.4 12.8 12.8 12.8zM496 400H48V80c0-8.84-7.16-16-16-16H16C7.16 64 0 71.16 0 80v336c0 17.67 14.33 32 32 32h464c8.84 0 16-7.16 16-16v-16c0-8.84-7.16-16-16-16zm-387.2-48h22.4c6.4 0 12.8-6.4 12.8-12.8v-70.4c0-6.4-6.4-12.8-12.8-12.8h-22.4c-6.4 0-12.8 6.4-12.8 12.8v70.4c0 6.4 6.4 12.8 12.8 12.8z\" class=\"\"><\/path><\/svg><\/i> <img loading=\"lazy\" decoding=\"async\" width=\"16\" height=\"16\" alt=\"Loading\" src=\"https:\/\/www.raccontinellarete.it\/301\/wp-content\/plugins\/page-views-count\/ajax-loader-2x.gif\" border=0 \/><\/p>\n<div class=\"pvc_clear\"><\/div>\n","protected":false},"author":24288,"featured_media":0,"comment_status":"open","ping_status":"closed","sticky":false,"template":"","format":"standard","meta":{"footnotes":""},"categories":[657],"tags":[],"class_list":["post-50365","post","type-post","status-publish","format-standard","hentry","category-premio-racconti-nella-rete-2023"],"_links":{"self":[{"href":"https:\/\/www.raccontinellarete.it\/index.php?rest_route=\/wp\/v2\/posts\/50365"}],"collection":[{"href":"https:\/\/www.raccontinellarete.it\/index.php?rest_route=\/wp\/v2\/posts"}],"about":[{"href":"https:\/\/www.raccontinellarete.it\/index.php?rest_route=\/wp\/v2\/types\/post"}],"author":[{"embeddable":true,"href":"https:\/\/www.raccontinellarete.it\/index.php?rest_route=\/wp\/v2\/users\/24288"}],"replies":[{"embeddable":true,"href":"https:\/\/www.raccontinellarete.it\/index.php?rest_route=%2Fwp%2Fv2%2Fcomments&post=50365"}],"version-history":[{"count":3,"href":"https:\/\/www.raccontinellarete.it\/index.php?rest_route=\/wp\/v2\/posts\/50365\/revisions"}],"predecessor-version":[{"id":50370,"href":"https:\/\/www.raccontinellarete.it\/index.php?rest_route=\/wp\/v2\/posts\/50365\/revisions\/50370"}],"wp:attachment":[{"href":"https:\/\/www.raccontinellarete.it\/index.php?rest_route=%2Fwp%2Fv2%2Fmedia&parent=50365"}],"wp:term":[{"taxonomy":"category","embeddable":true,"href":"https:\/\/www.raccontinellarete.it\/index.php?rest_route=%2Fwp%2Fv2%2Fcategories&post=50365"},{"taxonomy":"post_tag","embeddable":true,"href":"https:\/\/www.raccontinellarete.it\/index.php?rest_route=%2Fwp%2Fv2%2Ftags&post=50365"}],"curies":[{"name":"wp","href":"https:\/\/api.w.org\/{rel}","templated":true}]}}