{"id":50256,"date":"2022-12-02T12:33:06","date_gmt":"2022-12-02T11:33:06","guid":{"rendered":"http:\/\/www.raccontinellarete.it\/?p=50256"},"modified":"2022-12-12T12:37:45","modified_gmt":"2022-12-12T11:37:45","slug":"racconti-nella-rete-a-piu-libri-piu-liberi-vi-aspettiamo-a-roma-sabato-10-dicembre","status":"publish","type":"post","link":"https:\/\/www.raccontinellarete.it\/?p=50256","title":{"rendered":"Racconti nella Rete a &#8220;Pi\u00f9 libri pi\u00f9 liberi&#8221;. Vi aspettiamo a Roma sabato 10 dicembre"},"content":{"rendered":"\n<p>Roma &#8211; Sabato 10 dicembre alle 17 i vincitori del Premio Racconti nella Rete si ritroveranno al Roma Convention Center <strong>La Nuvola<\/strong> per partecipare all&#8217;edizione 2022 di <strong>Pi\u00f9 libri pi\u00f9 liberi<\/strong>, la Fiera Nazionale della Piccola e Media Editoria. L&#8217;incontro informale sar\u00e0 presso lo stand C33 della casa editrice Castelvecchi &#8211; che ha pubblicato l&#8217;antologia dei 25 vincitori della 21^ edizione del premio. <\/p>\n\n\n\n<p>Sar\u00e0 l&#8217;occasione per incontrare il presidente del premio, Demetrio Brandi, e molti vincitori anche delle passate edizioni. Non mancher\u00e0 la consueta foto di gruppo<em> &#8220;beneaugurante&#8221;<\/em> per la nuova edizione del premio.<\/p>\n\n\n\n<p>Il nuovo concorso \u00e8 gi\u00e0 iniziato nel sito www.raccontinellarete.it  e terminer\u00e0 nel prossimo mese di maggio. Possono partecipare  alla 22^ edizione tutti coloro che hanno un racconto inedito, una favola per bambini o un soggetto per cortometraggio. Non c&#8217;\u00e8 limite d&#8217;et\u00e0.  Ricordiamo inoltre che nel sito tutti gli utenti registrati  possono commentare i racconti in concorso.<\/p>\n\n\n\n<figure class=\"wp-block-image size-large\"><img loading=\"lazy\" decoding=\"async\" width=\"1024\" height=\"700\" src=\"https:\/\/www.raccontinellarete.it\/301\/wp-content\/uploads\/2022\/10\/gruppo-sabato-1-ottobre-2022-1024x700.jpg\" alt=\"\" class=\"wp-image-50028\" srcset=\"https:\/\/www.raccontinellarete.it\/301\/wp-content\/uploads\/2022\/10\/gruppo-sabato-1-ottobre-2022-1024x700.jpg 1024w, https:\/\/www.raccontinellarete.it\/301\/wp-content\/uploads\/2022\/10\/gruppo-sabato-1-ottobre-2022-344x235.jpg 344w, https:\/\/www.raccontinellarete.it\/301\/wp-content\/uploads\/2022\/10\/gruppo-sabato-1-ottobre-2022-768x525.jpg 768w, https:\/\/www.raccontinellarete.it\/301\/wp-content\/uploads\/2022\/10\/gruppo-sabato-1-ottobre-2022-1536x1050.jpg 1536w, https:\/\/www.raccontinellarete.it\/301\/wp-content\/uploads\/2022\/10\/gruppo-sabato-1-ottobre-2022.jpg 2048w\" sizes=\"(max-width: 1024px) 100vw, 1024px\" \/><\/figure>\n\n\n\n<figure class=\"wp-block-image size-large\"><img loading=\"lazy\" decoding=\"async\" width=\"1024\" height=\"894\" src=\"https:\/\/www.raccontinellarete.it\/301\/wp-content\/uploads\/2022\/10\/gruppo-domenica-2-ottobre-luccautori-2022-1024x894.jpg\" alt=\"\" class=\"wp-image-50025\" srcset=\"https:\/\/www.raccontinellarete.it\/301\/wp-content\/uploads\/2022\/10\/gruppo-domenica-2-ottobre-luccautori-2022-1024x894.jpg 1024w, https:\/\/www.raccontinellarete.it\/301\/wp-content\/uploads\/2022\/10\/gruppo-domenica-2-ottobre-luccautori-2022-286x250.jpg 286w, https:\/\/www.raccontinellarete.it\/301\/wp-content\/uploads\/2022\/10\/gruppo-domenica-2-ottobre-luccautori-2022-768x670.jpg 768w, https:\/\/www.raccontinellarete.it\/301\/wp-content\/uploads\/2022\/10\/gruppo-domenica-2-ottobre-luccautori-2022-1536x1341.jpg 1536w, https:\/\/www.raccontinellarete.it\/301\/wp-content\/uploads\/2022\/10\/gruppo-domenica-2-ottobre-luccautori-2022.jpg 2046w\" sizes=\"(max-width: 1024px) 100vw, 1024px\" \/><\/figure>\n<div class=\"pvc_clear\"><\/div><p id=\"pvc_stats_50256\" class=\"pvc_stats all  \" data-element-id=\"50256\" style=\"\"><i class=\"pvc-stats-icon medium\" aria-hidden=\"true\"><svg aria-hidden=\"true\" focusable=\"false\" data-prefix=\"far\" data-icon=\"chart-bar\" role=\"img\" xmlns=\"http:\/\/www.w3.org\/2000\/svg\" viewBox=\"0 0 512 512\" class=\"svg-inline--fa fa-chart-bar fa-w-16 fa-2x\"><path fill=\"currentColor\" d=\"M396.8 352h22.4c6.4 0 12.8-6.4 12.8-12.8V108.8c0-6.4-6.4-12.8-12.8-12.8h-22.4c-6.4 0-12.8 6.4-12.8 12.8v230.4c0 6.4 6.4 12.8 12.8 12.8zm-192 0h22.4c6.4 0 12.8-6.4 12.8-12.8V140.8c0-6.4-6.4-12.8-12.8-12.8h-22.4c-6.4 0-12.8 6.4-12.8 12.8v198.4c0 6.4 6.4 12.8 12.8 12.8zm96 0h22.4c6.4 0 12.8-6.4 12.8-12.8V204.8c0-6.4-6.4-12.8-12.8-12.8h-22.4c-6.4 0-12.8 6.4-12.8 12.8v134.4c0 6.4 6.4 12.8 12.8 12.8zM496 400H48V80c0-8.84-7.16-16-16-16H16C7.16 64 0 71.16 0 80v336c0 17.67 14.33 32 32 32h464c8.84 0 16-7.16 16-16v-16c0-8.84-7.16-16-16-16zm-387.2-48h22.4c6.4 0 12.8-6.4 12.8-12.8v-70.4c0-6.4-6.4-12.8-12.8-12.8h-22.4c-6.4 0-12.8 6.4-12.8 12.8v70.4c0 6.4 6.4 12.8 12.8 12.8z\" class=\"\"><\/path><\/svg><\/i> <img loading=\"lazy\" decoding=\"async\" width=\"16\" height=\"16\" alt=\"Loading\" src=\"https:\/\/www.raccontinellarete.it\/301\/wp-content\/plugins\/page-views-count\/ajax-loader-2x.gif\" border=0 \/><\/p><div class=\"pvc_clear\"><\/div>","protected":false},"excerpt":{"rendered":"<p>Roma &#8211; Sabato 10 dicembre alle 17 i vincitori del Premio Racconti nella Rete si ritroveranno al Roma Convention Center La Nuvola per partecipare all&#8217;edizione 2022 di Pi\u00f9 libri pi\u00f9 liberi, la Fiera Nazionale della Piccola e Media Editoria. L&#8217;incontro informale sar\u00e0 presso lo stand C33 della casa editrice Castelvecchi &#8211; che ha pubblicato l&#8217;antologia [&hellip;]<\/p>\n<div class=\"pvc_clear\"><\/div>\n<p id=\"pvc_stats_50256\" class=\"pvc_stats all  \" data-element-id=\"50256\" style=\"\"><i class=\"pvc-stats-icon medium\" aria-hidden=\"true\"><svg aria-hidden=\"true\" focusable=\"false\" data-prefix=\"far\" data-icon=\"chart-bar\" role=\"img\" xmlns=\"http:\/\/www.w3.org\/2000\/svg\" viewBox=\"0 0 512 512\" class=\"svg-inline--fa fa-chart-bar fa-w-16 fa-2x\"><path fill=\"currentColor\" d=\"M396.8 352h22.4c6.4 0 12.8-6.4 12.8-12.8V108.8c0-6.4-6.4-12.8-12.8-12.8h-22.4c-6.4 0-12.8 6.4-12.8 12.8v230.4c0 6.4 6.4 12.8 12.8 12.8zm-192 0h22.4c6.4 0 12.8-6.4 12.8-12.8V140.8c0-6.4-6.4-12.8-12.8-12.8h-22.4c-6.4 0-12.8 6.4-12.8 12.8v198.4c0 6.4 6.4 12.8 12.8 12.8zm96 0h22.4c6.4 0 12.8-6.4 12.8-12.8V204.8c0-6.4-6.4-12.8-12.8-12.8h-22.4c-6.4 0-12.8 6.4-12.8 12.8v134.4c0 6.4 6.4 12.8 12.8 12.8zM496 400H48V80c0-8.84-7.16-16-16-16H16C7.16 64 0 71.16 0 80v336c0 17.67 14.33 32 32 32h464c8.84 0 16-7.16 16-16v-16c0-8.84-7.16-16-16-16zm-387.2-48h22.4c6.4 0 12.8-6.4 12.8-12.8v-70.4c0-6.4-6.4-12.8-12.8-12.8h-22.4c-6.4 0-12.8 6.4-12.8 12.8v70.4c0 6.4 6.4 12.8 12.8 12.8z\" class=\"\"><\/path><\/svg><\/i> <img loading=\"lazy\" decoding=\"async\" width=\"16\" height=\"16\" alt=\"Loading\" src=\"https:\/\/www.raccontinellarete.it\/301\/wp-content\/plugins\/page-views-count\/ajax-loader-2x.gif\" border=0 \/><\/p>\n<div class=\"pvc_clear\"><\/div>\n","protected":false},"author":3,"featured_media":50324,"comment_status":"open","ping_status":"closed","sticky":false,"template":"","format":"standard","meta":{"footnotes":""},"categories":[87,547,543,5],"tags":[],"class_list":["post-50256","post","type-post","status-publish","format-standard","has-post-thumbnail","hentry","category-comunicato-stampa","category-f-o-r-u-m","category-forum-di-racconti-nella-rete","category-racconti-nella-rete"],"_links":{"self":[{"href":"https:\/\/www.raccontinellarete.it\/index.php?rest_route=\/wp\/v2\/posts\/50256"}],"collection":[{"href":"https:\/\/www.raccontinellarete.it\/index.php?rest_route=\/wp\/v2\/posts"}],"about":[{"href":"https:\/\/www.raccontinellarete.it\/index.php?rest_route=\/wp\/v2\/types\/post"}],"author":[{"embeddable":true,"href":"https:\/\/www.raccontinellarete.it\/index.php?rest_route=\/wp\/v2\/users\/3"}],"replies":[{"embeddable":true,"href":"https:\/\/www.raccontinellarete.it\/index.php?rest_route=%2Fwp%2Fv2%2Fcomments&post=50256"}],"version-history":[{"count":3,"href":"https:\/\/www.raccontinellarete.it\/index.php?rest_route=\/wp\/v2\/posts\/50256\/revisions"}],"predecessor-version":[{"id":50273,"href":"https:\/\/www.raccontinellarete.it\/index.php?rest_route=\/wp\/v2\/posts\/50256\/revisions\/50273"}],"wp:featuredmedia":[{"embeddable":true,"href":"https:\/\/www.raccontinellarete.it\/index.php?rest_route=\/wp\/v2\/media\/50324"}],"wp:attachment":[{"href":"https:\/\/www.raccontinellarete.it\/index.php?rest_route=%2Fwp%2Fv2%2Fmedia&parent=50256"}],"wp:term":[{"taxonomy":"category","embeddable":true,"href":"https:\/\/www.raccontinellarete.it\/index.php?rest_route=%2Fwp%2Fv2%2Fcategories&post=50256"},{"taxonomy":"post_tag","embeddable":true,"href":"https:\/\/www.raccontinellarete.it\/index.php?rest_route=%2Fwp%2Fv2%2Ftags&post=50256"}],"curies":[{"name":"wp","href":"https:\/\/api.w.org\/{rel}","templated":true}]}}