{"id":50099,"date":"2022-10-25T12:08:26","date_gmt":"2022-10-25T11:08:26","guid":{"rendered":"http:\/\/www.raccontinellarete.it\/?p=50099"},"modified":"2022-12-02T13:08:51","modified_gmt":"2022-12-02T12:08:51","slug":"bookcity-venerdi-18-novembre-racconti-nella-rete-alla-biblioteca-sormani-di-milano","status":"publish","type":"post","link":"https:\/\/www.raccontinellarete.it\/?p=50099","title":{"rendered":"BOOKCITY Venerd\u00ec 18 novembre Racconti nella Rete alla Biblioteca Sormani di Milano"},"content":{"rendered":"\n<h5 class=\"wp-block-heading\">Quando le storie corrono sul web. Venerd\u00ec 18 novembre alle 17 &#8220;Racconti nella Rete&#8221; alla Biblioteca Sormani di Milano.  Con Demetrio Brandi, Gabriella Gera, Silvia Rivolta, Stefania Salvi, Marzia Santella e Oscar Tison. Letture di Alberto Ricci. <\/h5>\n\n\n\n<p>La ventunesima edizione di Racconti nella Rete si caratterizza per l\u2019alta qualit\u00e0 dei racconti che hanno partecipato al premio, senza timore di smentita diventato un riferimento per gli autori esordienti che vogliono farsi conoscere al grande pubblico. &nbsp;Il progetto letterario &nbsp;permette a tutti, giovani e meno giovani, di partecipare al concorso con un racconto breve, una favola per bambini o un soggetto per cortometraggi. Il premio prende vita tutto l\u2019anno nel sito &nbsp;<a href=\"https:\/\/www.raccontinellarete.it\/\" target=\"_blank\" rel=\"noreferrer noopener\">www.raccontinellarete.it<\/a>&nbsp;&nbsp; ed \u00e8 sostenuto da una serie di presentazioni dell\u2019antologia in diverse citt\u00e0 italiane. La premiazione dei vincitori avviene nell\u2019ambito del festival LuccAutori\u00ae, in programma a Lucca nel mese di ottobre. Scrigno di piccole storie compiute, l\u2019antologia diventa testimonianza del tempo in cui viviamo ed espressione di tematiche sociali affrontate a volte con leggerezza altre volte con passione, sensibilit\u00e0 e rabbia. Espressione di una qualit\u00e0 letteraria in continua crescita, i racconti si caratterizzano per una prosa sempre pi\u00f9 raffinata e variegata e con stili narrativi originali. La peculiarit\u00e0 del premio consiste nella pubblicazione di tutti racconti in concorso nel sito e nella possibilit\u00e0 che questi vengano letti e commentati dagli utenti. &nbsp; &nbsp;<\/p>\n\n\n\n<p>Questi i venticinque scrittori che hanno vinto la selezione 2022: Alberto Bassetto, GianMarco Cellini, Gabriella Cirillo, Federica Codeb\u00f2, Lucia Corsale, Cesare Cuscianna, Miriam De Marco, Gabriella Gera, Antonella Landi, Maria Luisa La Rosa, Arianna Lumare, Alessio Manfredi Selvaggi, Moreno Mojana, Chiara Pardini, Maria Cristina Peruzzini, Silvia Rivolta, Marco Ruggiero, Stefania Salvi, Marzia Santella, Benedetta Scafa, Riccardo Scafati, Leonardo Schiavone, Irene Schiesaro, Oscar Tison, Paola Zaldera.<\/p>\n\n\n\n<p><\/p>\n\n\n\n<figure class=\"wp-block-image size-large\"><img loading=\"lazy\" decoding=\"async\" width=\"1024\" height=\"942\" src=\"https:\/\/www.raccontinellarete.it\/301\/wp-content\/uploads\/2022\/10\/bookcity-locandina-2022-1-1024x942.jpg\" alt=\"\" class=\"wp-image-50121\" srcset=\"https:\/\/www.raccontinellarete.it\/301\/wp-content\/uploads\/2022\/10\/bookcity-locandina-2022-1-1024x942.jpg 1024w, https:\/\/www.raccontinellarete.it\/301\/wp-content\/uploads\/2022\/10\/bookcity-locandina-2022-1-272x250.jpg 272w, https:\/\/www.raccontinellarete.it\/301\/wp-content\/uploads\/2022\/10\/bookcity-locandina-2022-1-768x706.jpg 768w, https:\/\/www.raccontinellarete.it\/301\/wp-content\/uploads\/2022\/10\/bookcity-locandina-2022-1.jpg 1155w\" sizes=\"(max-width: 1024px) 100vw, 1024px\" \/><\/figure>\n\n\n\n<figure class=\"wp-block-image size-full\"><img loading=\"lazy\" decoding=\"async\" width=\"473\" height=\"563\" src=\"https:\/\/www.raccontinellarete.it\/301\/wp-content\/uploads\/2022\/11\/locandina-bookcity-2022-castelvecchi.jpg\" alt=\"\" class=\"wp-image-50181\" srcset=\"https:\/\/www.raccontinellarete.it\/301\/wp-content\/uploads\/2022\/11\/locandina-bookcity-2022-castelvecchi.jpg 473w, https:\/\/www.raccontinellarete.it\/301\/wp-content\/uploads\/2022\/11\/locandina-bookcity-2022-castelvecchi-210x250.jpg 210w\" sizes=\"(max-width: 473px) 100vw, 473px\" \/><\/figure>\n<div class=\"pvc_clear\"><\/div><p id=\"pvc_stats_50099\" class=\"pvc_stats all  \" data-element-id=\"50099\" style=\"\"><i class=\"pvc-stats-icon medium\" aria-hidden=\"true\"><svg aria-hidden=\"true\" focusable=\"false\" data-prefix=\"far\" data-icon=\"chart-bar\" role=\"img\" xmlns=\"http:\/\/www.w3.org\/2000\/svg\" viewBox=\"0 0 512 512\" class=\"svg-inline--fa fa-chart-bar fa-w-16 fa-2x\"><path fill=\"currentColor\" d=\"M396.8 352h22.4c6.4 0 12.8-6.4 12.8-12.8V108.8c0-6.4-6.4-12.8-12.8-12.8h-22.4c-6.4 0-12.8 6.4-12.8 12.8v230.4c0 6.4 6.4 12.8 12.8 12.8zm-192 0h22.4c6.4 0 12.8-6.4 12.8-12.8V140.8c0-6.4-6.4-12.8-12.8-12.8h-22.4c-6.4 0-12.8 6.4-12.8 12.8v198.4c0 6.4 6.4 12.8 12.8 12.8zm96 0h22.4c6.4 0 12.8-6.4 12.8-12.8V204.8c0-6.4-6.4-12.8-12.8-12.8h-22.4c-6.4 0-12.8 6.4-12.8 12.8v134.4c0 6.4 6.4 12.8 12.8 12.8zM496 400H48V80c0-8.84-7.16-16-16-16H16C7.16 64 0 71.16 0 80v336c0 17.67 14.33 32 32 32h464c8.84 0 16-7.16 16-16v-16c0-8.84-7.16-16-16-16zm-387.2-48h22.4c6.4 0 12.8-6.4 12.8-12.8v-70.4c0-6.4-6.4-12.8-12.8-12.8h-22.4c-6.4 0-12.8 6.4-12.8 12.8v70.4c0 6.4 6.4 12.8 12.8 12.8z\" class=\"\"><\/path><\/svg><\/i> <img loading=\"lazy\" decoding=\"async\" width=\"16\" height=\"16\" alt=\"Loading\" src=\"https:\/\/www.raccontinellarete.it\/301\/wp-content\/plugins\/page-views-count\/ajax-loader-2x.gif\" border=0 \/><\/p><div class=\"pvc_clear\"><\/div>","protected":false},"excerpt":{"rendered":"<p>Quando le storie corrono sul web. Venerd\u00ec 18 novembre alle 17 &#8220;Racconti nella Rete&#8221; alla Biblioteca Sormani di Milano. Con Demetrio Brandi, Gabriella Gera, Silvia Rivolta, Stefania Salvi, Marzia Santella e Oscar Tison. Letture di Alberto Ricci. La ventunesima edizione di Racconti nella Rete si caratterizza per l\u2019alta qualit\u00e0 dei racconti che hanno partecipato al [&hellip;]<\/p>\n<div class=\"pvc_clear\"><\/div>\n<p id=\"pvc_stats_50099\" class=\"pvc_stats all  \" data-element-id=\"50099\" style=\"\"><i class=\"pvc-stats-icon medium\" aria-hidden=\"true\"><svg aria-hidden=\"true\" focusable=\"false\" data-prefix=\"far\" data-icon=\"chart-bar\" role=\"img\" xmlns=\"http:\/\/www.w3.org\/2000\/svg\" viewBox=\"0 0 512 512\" class=\"svg-inline--fa fa-chart-bar fa-w-16 fa-2x\"><path fill=\"currentColor\" d=\"M396.8 352h22.4c6.4 0 12.8-6.4 12.8-12.8V108.8c0-6.4-6.4-12.8-12.8-12.8h-22.4c-6.4 0-12.8 6.4-12.8 12.8v230.4c0 6.4 6.4 12.8 12.8 12.8zm-192 0h22.4c6.4 0 12.8-6.4 12.8-12.8V140.8c0-6.4-6.4-12.8-12.8-12.8h-22.4c-6.4 0-12.8 6.4-12.8 12.8v198.4c0 6.4 6.4 12.8 12.8 12.8zm96 0h22.4c6.4 0 12.8-6.4 12.8-12.8V204.8c0-6.4-6.4-12.8-12.8-12.8h-22.4c-6.4 0-12.8 6.4-12.8 12.8v134.4c0 6.4 6.4 12.8 12.8 12.8zM496 400H48V80c0-8.84-7.16-16-16-16H16C7.16 64 0 71.16 0 80v336c0 17.67 14.33 32 32 32h464c8.84 0 16-7.16 16-16v-16c0-8.84-7.16-16-16-16zm-387.2-48h22.4c6.4 0 12.8-6.4 12.8-12.8v-70.4c0-6.4-6.4-12.8-12.8-12.8h-22.4c-6.4 0-12.8 6.4-12.8 12.8v70.4c0 6.4 6.4 12.8 12.8 12.8z\" class=\"\"><\/path><\/svg><\/i> <img loading=\"lazy\" decoding=\"async\" width=\"16\" height=\"16\" alt=\"Loading\" src=\"https:\/\/www.raccontinellarete.it\/301\/wp-content\/plugins\/page-views-count\/ajax-loader-2x.gif\" border=0 \/><\/p>\n<div class=\"pvc_clear\"><\/div>\n","protected":false},"author":3,"featured_media":50274,"comment_status":"open","ping_status":"closed","sticky":false,"template":"","format":"standard","meta":{"footnotes":""},"categories":[87,547,543,5],"tags":[],"class_list":["post-50099","post","type-post","status-publish","format-standard","has-post-thumbnail","hentry","category-comunicato-stampa","category-f-o-r-u-m","category-forum-di-racconti-nella-rete","category-racconti-nella-rete"],"_links":{"self":[{"href":"https:\/\/www.raccontinellarete.it\/index.php?rest_route=\/wp\/v2\/posts\/50099"}],"collection":[{"href":"https:\/\/www.raccontinellarete.it\/index.php?rest_route=\/wp\/v2\/posts"}],"about":[{"href":"https:\/\/www.raccontinellarete.it\/index.php?rest_route=\/wp\/v2\/types\/post"}],"author":[{"embeddable":true,"href":"https:\/\/www.raccontinellarete.it\/index.php?rest_route=\/wp\/v2\/users\/3"}],"replies":[{"embeddable":true,"href":"https:\/\/www.raccontinellarete.it\/index.php?rest_route=%2Fwp%2Fv2%2Fcomments&post=50099"}],"version-history":[{"count":7,"href":"https:\/\/www.raccontinellarete.it\/index.php?rest_route=\/wp\/v2\/posts\/50099\/revisions"}],"predecessor-version":[{"id":50182,"href":"https:\/\/www.raccontinellarete.it\/index.php?rest_route=\/wp\/v2\/posts\/50099\/revisions\/50182"}],"wp:featuredmedia":[{"embeddable":true,"href":"https:\/\/www.raccontinellarete.it\/index.php?rest_route=\/wp\/v2\/media\/50274"}],"wp:attachment":[{"href":"https:\/\/www.raccontinellarete.it\/index.php?rest_route=%2Fwp%2Fv2%2Fmedia&parent=50099"}],"wp:term":[{"taxonomy":"category","embeddable":true,"href":"https:\/\/www.raccontinellarete.it\/index.php?rest_route=%2Fwp%2Fv2%2Fcategories&post=50099"},{"taxonomy":"post_tag","embeddable":true,"href":"https:\/\/www.raccontinellarete.it\/index.php?rest_route=%2Fwp%2Fv2%2Ftags&post=50099"}],"curies":[{"name":"wp","href":"https:\/\/api.w.org\/{rel}","templated":true}]}}