{"id":50054,"date":"2022-10-11T18:11:55","date_gmt":"2022-10-11T17:11:55","guid":{"rendered":"http:\/\/www.raccontinellarete.it\/?p=50054"},"modified":"2022-11-08T11:47:21","modified_gmt":"2022-11-08T10:47:21","slug":"luccautori-su-rai-5","status":"publish","type":"post","link":"https:\/\/www.raccontinellarete.it\/?p=50054","title":{"rendered":"LuccAutori su Rai 5 ( guarda il video)"},"content":{"rendered":"\n<p><strong><br>Vetrina televisiva su Rai 5 per il 28\u00b0 festival LuccAutori &#8211; Premio Racconti nella Rete. <\/strong><\/p>\n\n\n\n<p>Un ampio servizio sulla manifestazione, che si \u00e8 tenuta recentemente con grande successo a Villa Bottini di Lucca, \u00e8 andato in onda nell&#8217;ambito della nuova puntata di <strong>SAVE THE DATE<\/strong>  (venerd\u00ec 21 ottobre alle 23.25). Il programma \u00e8 stato replicato su Rai 3 ed \u00e8 disponibile su Rai Play. Al festival LuccAutori sono intervenuti, tra gli altri, Enrico Vanzina, Giordano Bruno Guerri, Melania Soriani e Pietrangelo Buttafuoco.\u00a0<\/p>\n\n\n\n<p><strong>&#8220;Save the date&#8221; \u00e8 una esclusiva di Rai Cultura <\/strong>con la regia di Laura Ferraresi. <strong>Il programma presenta gli appuntamenti pi\u00f9 importanti della scena culturale italiana.<\/strong> La troupe della Rai ha seguito il festival LuccAutori guidata dal regista Daniele Zanzari. Vedrete le interviste con Demetrio BRANDI, direttore artistico della manifestazione e con Bruno BOZZETTO, regista e disegnatore, che lo scorso anno ha realizzato la copertina dell\u2019antologia di Racconti nella Rete (Castelvecchi Editore).\u00a0Con lui, presenti a Lucca, i disegnatori del giornale Budu\u00e0r, almanacco dell\u2019arte leggera: Milko Dalla Battista, Marco De Angelis, Alex Prevosto, Dino Aloi ed il cantautore Edoardo De Angelis. <\/p>\n\n\n\n<p>Ad arricchire il servizio le immagini della citt\u00e0 di Lucca, palcoscenico ideale per questi eventi culturali, la premiazione dei vincitori del 21\u00b0 premio letterario Racconti nella Rete, il pi\u00f9 importante premio nazionale per inediti online, e la presentazione del cortometraggio di Nicola Buoso, vincitore della sezione corti del premio.<\/p>\n\n\n\n<p>Corto diretto da Giuseppe Ferlito <em>(una storia d&#8217;amore ambientata sulle Mura di Lucca<\/em>) con protagonisti Simone Floreani, Viorica Goltiescu e Gloria Tonini, giovani attori della Scuola di Cinema Immagina.&nbsp; <\/p>\n\n\n\n<p>La&nbsp;nuova edizione del premio letterario \u00e8 in corso nel sito <a href=\"https:\/\/www.raccontinellarete.it\">www.raccontinellarete.it<\/a>.&nbsp;<\/p>\n\n\n\n<figure class=\"wp-block-embed is-type-video is-provider-youtube wp-block-embed-youtube wp-embed-aspect-16-9 wp-has-aspect-ratio\"><div class=\"wp-block-embed__wrapper\">\n<iframe loading=\"lazy\" title=\"Festival LuccAutori 2022 &quot;Save the Date&quot; Rai 5\" width=\"500\" height=\"281\" src=\"https:\/\/www.youtube.com\/embed\/Sa0j5ukx3KE?feature=oembed\" frameborder=\"0\" allow=\"accelerometer; autoplay; clipboard-write; encrypted-media; gyroscope; picture-in-picture; web-share\" referrerpolicy=\"strict-origin-when-cross-origin\" allowfullscreen><\/iframe>\n<\/div><\/figure>\n\n\n\n<figure class=\"wp-block-image size-large\"><img loading=\"lazy\" decoding=\"async\" width=\"1024\" height=\"941\" src=\"https:\/\/www.raccontinellarete.it\/301\/wp-content\/uploads\/2022\/10\/93ef9ac7-d09c-4b5b-83f5-687cd5cca36f-1024x941.jpg\" alt=\"\" class=\"wp-image-50061\" srcset=\"https:\/\/www.raccontinellarete.it\/301\/wp-content\/uploads\/2022\/10\/93ef9ac7-d09c-4b5b-83f5-687cd5cca36f-1024x941.jpg 1024w, https:\/\/www.raccontinellarete.it\/301\/wp-content\/uploads\/2022\/10\/93ef9ac7-d09c-4b5b-83f5-687cd5cca36f-272x250.jpg 272w, https:\/\/www.raccontinellarete.it\/301\/wp-content\/uploads\/2022\/10\/93ef9ac7-d09c-4b5b-83f5-687cd5cca36f-768x706.jpg 768w, https:\/\/www.raccontinellarete.it\/301\/wp-content\/uploads\/2022\/10\/93ef9ac7-d09c-4b5b-83f5-687cd5cca36f-1536x1412.jpg 1536w, https:\/\/www.raccontinellarete.it\/301\/wp-content\/uploads\/2022\/10\/93ef9ac7-d09c-4b5b-83f5-687cd5cca36f.jpg 2048w\" sizes=\"(max-width: 1024px) 100vw, 1024px\" \/><\/figure>\n\n\n\n<figure class=\"wp-block-image size-large\"><img loading=\"lazy\" decoding=\"async\" width=\"1024\" height=\"681\" src=\"https:\/\/www.raccontinellarete.it\/301\/wp-content\/uploads\/2022\/10\/sanalitro-e-buduar-1024x681.jpg\" alt=\"\" class=\"wp-image-50055\" srcset=\"https:\/\/www.raccontinellarete.it\/301\/wp-content\/uploads\/2022\/10\/sanalitro-e-buduar-1024x681.jpg 1024w, https:\/\/www.raccontinellarete.it\/301\/wp-content\/uploads\/2022\/10\/sanalitro-e-buduar-344x229.jpg 344w, https:\/\/www.raccontinellarete.it\/301\/wp-content\/uploads\/2022\/10\/sanalitro-e-buduar-768x510.jpg 768w, https:\/\/www.raccontinellarete.it\/301\/wp-content\/uploads\/2022\/10\/sanalitro-e-buduar-1536x1021.jpg 1536w, https:\/\/www.raccontinellarete.it\/301\/wp-content\/uploads\/2022\/10\/sanalitro-e-buduar.jpg 2048w\" sizes=\"(max-width: 1024px) 100vw, 1024px\" \/><\/figure>\n\n\n\n<figure class=\"wp-block-image size-large\"><img loading=\"lazy\" decoding=\"async\" width=\"1024\" height=\"576\" src=\"https:\/\/www.raccontinellarete.it\/301\/wp-content\/uploads\/2022\/10\/vlcsnap-2022-10-23-13h08m08s38-1024x576.png\" alt=\"\" class=\"wp-image-50128\" srcset=\"https:\/\/www.raccontinellarete.it\/301\/wp-content\/uploads\/2022\/10\/vlcsnap-2022-10-23-13h08m08s38-1024x576.png 1024w, https:\/\/www.raccontinellarete.it\/301\/wp-content\/uploads\/2022\/10\/vlcsnap-2022-10-23-13h08m08s38-344x194.png 344w, https:\/\/www.raccontinellarete.it\/301\/wp-content\/uploads\/2022\/10\/vlcsnap-2022-10-23-13h08m08s38-768x432.png 768w, https:\/\/www.raccontinellarete.it\/301\/wp-content\/uploads\/2022\/10\/vlcsnap-2022-10-23-13h08m08s38.png 1280w\" sizes=\"(max-width: 1024px) 100vw, 1024px\" \/><\/figure>\n<div class=\"pvc_clear\"><\/div><p id=\"pvc_stats_50054\" class=\"pvc_stats all  \" data-element-id=\"50054\" style=\"\"><i class=\"pvc-stats-icon medium\" aria-hidden=\"true\"><svg aria-hidden=\"true\" focusable=\"false\" data-prefix=\"far\" data-icon=\"chart-bar\" role=\"img\" xmlns=\"http:\/\/www.w3.org\/2000\/svg\" viewBox=\"0 0 512 512\" class=\"svg-inline--fa fa-chart-bar fa-w-16 fa-2x\"><path fill=\"currentColor\" d=\"M396.8 352h22.4c6.4 0 12.8-6.4 12.8-12.8V108.8c0-6.4-6.4-12.8-12.8-12.8h-22.4c-6.4 0-12.8 6.4-12.8 12.8v230.4c0 6.4 6.4 12.8 12.8 12.8zm-192 0h22.4c6.4 0 12.8-6.4 12.8-12.8V140.8c0-6.4-6.4-12.8-12.8-12.8h-22.4c-6.4 0-12.8 6.4-12.8 12.8v198.4c0 6.4 6.4 12.8 12.8 12.8zm96 0h22.4c6.4 0 12.8-6.4 12.8-12.8V204.8c0-6.4-6.4-12.8-12.8-12.8h-22.4c-6.4 0-12.8 6.4-12.8 12.8v134.4c0 6.4 6.4 12.8 12.8 12.8zM496 400H48V80c0-8.84-7.16-16-16-16H16C7.16 64 0 71.16 0 80v336c0 17.67 14.33 32 32 32h464c8.84 0 16-7.16 16-16v-16c0-8.84-7.16-16-16-16zm-387.2-48h22.4c6.4 0 12.8-6.4 12.8-12.8v-70.4c0-6.4-6.4-12.8-12.8-12.8h-22.4c-6.4 0-12.8 6.4-12.8 12.8v70.4c0 6.4 6.4 12.8 12.8 12.8z\" class=\"\"><\/path><\/svg><\/i> <img loading=\"lazy\" decoding=\"async\" width=\"16\" height=\"16\" alt=\"Loading\" src=\"https:\/\/www.raccontinellarete.it\/301\/wp-content\/plugins\/page-views-count\/ajax-loader-2x.gif\" border=0 \/><\/p><div class=\"pvc_clear\"><\/div>","protected":false},"excerpt":{"rendered":"<p>Vetrina televisiva su Rai 5 per il 28\u00b0 festival LuccAutori &#8211; Premio Racconti nella Rete. Un ampio servizio sulla manifestazione, che si \u00e8 tenuta recentemente con grande successo a Villa Bottini di Lucca, \u00e8 andato in onda nell&#8217;ambito della nuova puntata di SAVE THE DATE (venerd\u00ec 21 ottobre alle 23.25). Il programma \u00e8 stato replicato [&hellip;]<\/p>\n<div class=\"pvc_clear\"><\/div>\n<p id=\"pvc_stats_50054\" class=\"pvc_stats all  \" data-element-id=\"50054\" style=\"\"><i class=\"pvc-stats-icon medium\" aria-hidden=\"true\"><svg aria-hidden=\"true\" focusable=\"false\" data-prefix=\"far\" data-icon=\"chart-bar\" role=\"img\" xmlns=\"http:\/\/www.w3.org\/2000\/svg\" viewBox=\"0 0 512 512\" class=\"svg-inline--fa fa-chart-bar fa-w-16 fa-2x\"><path fill=\"currentColor\" d=\"M396.8 352h22.4c6.4 0 12.8-6.4 12.8-12.8V108.8c0-6.4-6.4-12.8-12.8-12.8h-22.4c-6.4 0-12.8 6.4-12.8 12.8v230.4c0 6.4 6.4 12.8 12.8 12.8zm-192 0h22.4c6.4 0 12.8-6.4 12.8-12.8V140.8c0-6.4-6.4-12.8-12.8-12.8h-22.4c-6.4 0-12.8 6.4-12.8 12.8v198.4c0 6.4 6.4 12.8 12.8 12.8zm96 0h22.4c6.4 0 12.8-6.4 12.8-12.8V204.8c0-6.4-6.4-12.8-12.8-12.8h-22.4c-6.4 0-12.8 6.4-12.8 12.8v134.4c0 6.4 6.4 12.8 12.8 12.8zM496 400H48V80c0-8.84-7.16-16-16-16H16C7.16 64 0 71.16 0 80v336c0 17.67 14.33 32 32 32h464c8.84 0 16-7.16 16-16v-16c0-8.84-7.16-16-16-16zm-387.2-48h22.4c6.4 0 12.8-6.4 12.8-12.8v-70.4c0-6.4-6.4-12.8-12.8-12.8h-22.4c-6.4 0-12.8 6.4-12.8 12.8v70.4c0 6.4 6.4 12.8 12.8 12.8z\" class=\"\"><\/path><\/svg><\/i> <img loading=\"lazy\" decoding=\"async\" width=\"16\" height=\"16\" alt=\"Loading\" src=\"https:\/\/www.raccontinellarete.it\/301\/wp-content\/plugins\/page-views-count\/ajax-loader-2x.gif\" border=0 \/><\/p>\n<div class=\"pvc_clear\"><\/div>\n","protected":false},"author":3,"featured_media":50128,"comment_status":"open","ping_status":"closed","sticky":false,"template":"","format":"standard","meta":{"footnotes":""},"categories":[87,547,543,5],"tags":[],"class_list":["post-50054","post","type-post","status-publish","format-standard","has-post-thumbnail","hentry","category-comunicato-stampa","category-f-o-r-u-m","category-forum-di-racconti-nella-rete","category-racconti-nella-rete"],"_links":{"self":[{"href":"https:\/\/www.raccontinellarete.it\/index.php?rest_route=\/wp\/v2\/posts\/50054"}],"collection":[{"href":"https:\/\/www.raccontinellarete.it\/index.php?rest_route=\/wp\/v2\/posts"}],"about":[{"href":"https:\/\/www.raccontinellarete.it\/index.php?rest_route=\/wp\/v2\/types\/post"}],"author":[{"embeddable":true,"href":"https:\/\/www.raccontinellarete.it\/index.php?rest_route=\/wp\/v2\/users\/3"}],"replies":[{"embeddable":true,"href":"https:\/\/www.raccontinellarete.it\/index.php?rest_route=%2Fwp%2Fv2%2Fcomments&post=50054"}],"version-history":[{"count":9,"href":"https:\/\/www.raccontinellarete.it\/index.php?rest_route=\/wp\/v2\/posts\/50054\/revisions"}],"predecessor-version":[{"id":50159,"href":"https:\/\/www.raccontinellarete.it\/index.php?rest_route=\/wp\/v2\/posts\/50054\/revisions\/50159"}],"wp:featuredmedia":[{"embeddable":true,"href":"https:\/\/www.raccontinellarete.it\/index.php?rest_route=\/wp\/v2\/media\/50128"}],"wp:attachment":[{"href":"https:\/\/www.raccontinellarete.it\/index.php?rest_route=%2Fwp%2Fv2%2Fmedia&parent=50054"}],"wp:term":[{"taxonomy":"category","embeddable":true,"href":"https:\/\/www.raccontinellarete.it\/index.php?rest_route=%2Fwp%2Fv2%2Fcategories&post=50054"},{"taxonomy":"post_tag","embeddable":true,"href":"https:\/\/www.raccontinellarete.it\/index.php?rest_route=%2Fwp%2Fv2%2Ftags&post=50054"}],"curies":[{"name":"wp","href":"https:\/\/api.w.org\/{rel}","templated":true}]}}