{"id":50040,"date":"2022-10-11T11:10:05","date_gmt":"2022-10-11T10:10:05","guid":{"rendered":"http:\/\/www.raccontinellarete.it\/?p=50040"},"modified":"2022-10-11T11:12:18","modified_gmt":"2022-10-11T10:12:18","slug":"officina-del-premio-iscrizioni-entro-il-28-ottobre","status":"publish","type":"post","link":"https:\/\/www.raccontinellarete.it\/?p=50040","title":{"rendered":"A Viareggio l&#8217;Officina del Premio. Iscrizioni entro il 28 ottobre"},"content":{"rendered":"\n<p><strong>Riparte la Scuola di scrittura dell\u2019Officina del Premio. La nuova sessione autunnale si terr\u00e0 nel prossimo mese di novembre nella sala congressi dell\u2019hotel Palace di Viareggio (via Flavio Gioia 2). L\u2019apertura \u00e8 fissata per venerd\u00ec 4 novembre alle 17, con la lezione introduttiva del direttore della Scuola, <u>Giordano Bruno Guerri<\/u>.<\/strong>&nbsp;<\/p>\n\n\n\n<p>Seguir\u00e0, sabato 5 novembre alle 17, la lezione di Giampaolo Simi, che parler\u00e0 sul tema \u201cPersonaggi dal passato traumatico e ingombrante: quando, e come, farne a meno per narrare meglio\u201d. Il calendario prevede inoltre altri tre fine settimana.&nbsp;L\u201911 e il 12 novembre salir\u00e0 in cattedra Elena Stancanelli, vincitrice del Premio Berto e finalista in vari premi letterari. Il 18 e il 19 novembre sar\u00e0 la volta di Paolo Nori, il cui recente libro \u201cSanguina ancora. L\u2019incredibile vita di F\u00ebdor M. Dostoevskij\u201d ha suscitato grande interesse e anche qualche polemica. Il 25 e il 26 novembre la Scuola dell\u2019Officina del Premio vedr\u00e0 protagonista Fabio Stassi, autore di romanzi e saggi letterari. La conclusione del ciclo sar\u00e0 affidata come sempre al direttore Guerri, che incontrer\u00e0 i corsisti domenica 27 novembre alle 10.<\/p>\n\n\n\n<p>Nel corso degli incontri gli studenti verranno invitati, se vogliono, a elaborare\u00a0 brevi testi su indicazione dei docenti. Gli esercizi\u00a0 verranno corretti e valutati dai docenti stessi o dagli editor della Scuola.\u00a0 Alla fine di ogni sessione gli studenti potranno cimentarsi nella stesura di un racconto breve. Gli elaborati pi\u00f9 meritevoli saranno raccolti in un\u2019antologia da pubblicare alla conclusione di due cicli didattici.\u00a0La scuola \u00e8 sostenuta, tra gli altri, dalle librerie \u201cLettera 22\u201d di Viareggio, \u201cNina\u201d di Pietrasanta e \u201cUbik\u201d di Lucca. <\/p>\n\n\n\n<p>E\u2019 possibile frequentare l\u2019intero corso (la retta \u00e8 di 350 euro) o anche singoli weekend (100 euro l\u2019uno).<\/p>\n\n\n\n<p><strong>Per informazioni e iscrizioni entro il 28 ottobre: <a href=\"mailto:segreteria@officinadelpremio.it\">segreteria@officinadelpremio.it<\/a>\u00a0 Telefoni: 347 910.95.22 \u2013 328 00.49.699.\u00a0<\/strong><\/p>\n\n\n\n<figure class=\"wp-block-image size-large\"><img loading=\"lazy\" decoding=\"async\" width=\"724\" height=\"1024\" src=\"https:\/\/www.raccontinellarete.it\/301\/wp-content\/uploads\/2022\/10\/LocandinaWEB_UbikLucca_Finale-724x1024.jpg\" alt=\"\" class=\"wp-image-50041\" srcset=\"https:\/\/www.raccontinellarete.it\/301\/wp-content\/uploads\/2022\/10\/LocandinaWEB_UbikLucca_Finale-724x1024.jpg 724w, https:\/\/www.raccontinellarete.it\/301\/wp-content\/uploads\/2022\/10\/LocandinaWEB_UbikLucca_Finale-177x250.jpg 177w, https:\/\/www.raccontinellarete.it\/301\/wp-content\/uploads\/2022\/10\/LocandinaWEB_UbikLucca_Finale-768x1086.jpg 768w, https:\/\/www.raccontinellarete.it\/301\/wp-content\/uploads\/2022\/10\/LocandinaWEB_UbikLucca_Finale-1086x1536.jpg 1086w, https:\/\/www.raccontinellarete.it\/301\/wp-content\/uploads\/2022\/10\/LocandinaWEB_UbikLucca_Finale.jpg 1414w\" sizes=\"(max-width: 724px) 100vw, 724px\" \/><\/figure>\n<div class=\"pvc_clear\"><\/div><p id=\"pvc_stats_50040\" class=\"pvc_stats all  \" data-element-id=\"50040\" style=\"\"><i class=\"pvc-stats-icon medium\" aria-hidden=\"true\"><svg aria-hidden=\"true\" focusable=\"false\" data-prefix=\"far\" data-icon=\"chart-bar\" role=\"img\" xmlns=\"http:\/\/www.w3.org\/2000\/svg\" viewBox=\"0 0 512 512\" class=\"svg-inline--fa fa-chart-bar fa-w-16 fa-2x\"><path fill=\"currentColor\" d=\"M396.8 352h22.4c6.4 0 12.8-6.4 12.8-12.8V108.8c0-6.4-6.4-12.8-12.8-12.8h-22.4c-6.4 0-12.8 6.4-12.8 12.8v230.4c0 6.4 6.4 12.8 12.8 12.8zm-192 0h22.4c6.4 0 12.8-6.4 12.8-12.8V140.8c0-6.4-6.4-12.8-12.8-12.8h-22.4c-6.4 0-12.8 6.4-12.8 12.8v198.4c0 6.4 6.4 12.8 12.8 12.8zm96 0h22.4c6.4 0 12.8-6.4 12.8-12.8V204.8c0-6.4-6.4-12.8-12.8-12.8h-22.4c-6.4 0-12.8 6.4-12.8 12.8v134.4c0 6.4 6.4 12.8 12.8 12.8zM496 400H48V80c0-8.84-7.16-16-16-16H16C7.16 64 0 71.16 0 80v336c0 17.67 14.33 32 32 32h464c8.84 0 16-7.16 16-16v-16c0-8.84-7.16-16-16-16zm-387.2-48h22.4c6.4 0 12.8-6.4 12.8-12.8v-70.4c0-6.4-6.4-12.8-12.8-12.8h-22.4c-6.4 0-12.8 6.4-12.8 12.8v70.4c0 6.4 6.4 12.8 12.8 12.8z\" class=\"\"><\/path><\/svg><\/i> <img loading=\"lazy\" decoding=\"async\" width=\"16\" height=\"16\" alt=\"Loading\" src=\"https:\/\/www.raccontinellarete.it\/301\/wp-content\/plugins\/page-views-count\/ajax-loader-2x.gif\" border=0 \/><\/p><div class=\"pvc_clear\"><\/div>","protected":false},"excerpt":{"rendered":"<p>Riparte la Scuola di scrittura dell\u2019Officina del Premio. La nuova sessione autunnale si terr\u00e0 nel prossimo mese di novembre nella sala congressi dell\u2019hotel Palace di Viareggio (via Flavio Gioia 2). L\u2019apertura \u00e8 fissata per venerd\u00ec 4 novembre alle 17, con la lezione introduttiva del direttore della Scuola, Giordano Bruno Guerri.&nbsp; Seguir\u00e0, sabato 5 novembre alle [&hellip;]<\/p>\n<div class=\"pvc_clear\"><\/div>\n<p id=\"pvc_stats_50040\" class=\"pvc_stats all  \" data-element-id=\"50040\" style=\"\"><i class=\"pvc-stats-icon medium\" aria-hidden=\"true\"><svg aria-hidden=\"true\" focusable=\"false\" data-prefix=\"far\" data-icon=\"chart-bar\" role=\"img\" xmlns=\"http:\/\/www.w3.org\/2000\/svg\" viewBox=\"0 0 512 512\" class=\"svg-inline--fa fa-chart-bar fa-w-16 fa-2x\"><path fill=\"currentColor\" d=\"M396.8 352h22.4c6.4 0 12.8-6.4 12.8-12.8V108.8c0-6.4-6.4-12.8-12.8-12.8h-22.4c-6.4 0-12.8 6.4-12.8 12.8v230.4c0 6.4 6.4 12.8 12.8 12.8zm-192 0h22.4c6.4 0 12.8-6.4 12.8-12.8V140.8c0-6.4-6.4-12.8-12.8-12.8h-22.4c-6.4 0-12.8 6.4-12.8 12.8v198.4c0 6.4 6.4 12.8 12.8 12.8zm96 0h22.4c6.4 0 12.8-6.4 12.8-12.8V204.8c0-6.4-6.4-12.8-12.8-12.8h-22.4c-6.4 0-12.8 6.4-12.8 12.8v134.4c0 6.4 6.4 12.8 12.8 12.8zM496 400H48V80c0-8.84-7.16-16-16-16H16C7.16 64 0 71.16 0 80v336c0 17.67 14.33 32 32 32h464c8.84 0 16-7.16 16-16v-16c0-8.84-7.16-16-16-16zm-387.2-48h22.4c6.4 0 12.8-6.4 12.8-12.8v-70.4c0-6.4-6.4-12.8-12.8-12.8h-22.4c-6.4 0-12.8 6.4-12.8 12.8v70.4c0 6.4 6.4 12.8 12.8 12.8z\" class=\"\"><\/path><\/svg><\/i> <img loading=\"lazy\" decoding=\"async\" width=\"16\" height=\"16\" alt=\"Loading\" src=\"https:\/\/www.raccontinellarete.it\/301\/wp-content\/plugins\/page-views-count\/ajax-loader-2x.gif\" border=0 \/><\/p>\n<div class=\"pvc_clear\"><\/div>\n","protected":false},"author":3,"featured_media":50042,"comment_status":"open","ping_status":"closed","sticky":false,"template":"","format":"standard","meta":{"footnotes":""},"categories":[87,5],"tags":[],"class_list":["post-50040","post","type-post","status-publish","format-standard","has-post-thumbnail","hentry","category-comunicato-stampa","category-racconti-nella-rete"],"_links":{"self":[{"href":"https:\/\/www.raccontinellarete.it\/index.php?rest_route=\/wp\/v2\/posts\/50040"}],"collection":[{"href":"https:\/\/www.raccontinellarete.it\/index.php?rest_route=\/wp\/v2\/posts"}],"about":[{"href":"https:\/\/www.raccontinellarete.it\/index.php?rest_route=\/wp\/v2\/types\/post"}],"author":[{"embeddable":true,"href":"https:\/\/www.raccontinellarete.it\/index.php?rest_route=\/wp\/v2\/users\/3"}],"replies":[{"embeddable":true,"href":"https:\/\/www.raccontinellarete.it\/index.php?rest_route=%2Fwp%2Fv2%2Fcomments&post=50040"}],"version-history":[{"count":3,"href":"https:\/\/www.raccontinellarete.it\/index.php?rest_route=\/wp\/v2\/posts\/50040\/revisions"}],"predecessor-version":[{"id":50045,"href":"https:\/\/www.raccontinellarete.it\/index.php?rest_route=\/wp\/v2\/posts\/50040\/revisions\/50045"}],"wp:featuredmedia":[{"embeddable":true,"href":"https:\/\/www.raccontinellarete.it\/index.php?rest_route=\/wp\/v2\/media\/50042"}],"wp:attachment":[{"href":"https:\/\/www.raccontinellarete.it\/index.php?rest_route=%2Fwp%2Fv2%2Fmedia&parent=50040"}],"wp:term":[{"taxonomy":"category","embeddable":true,"href":"https:\/\/www.raccontinellarete.it\/index.php?rest_route=%2Fwp%2Fv2%2Fcategories&post=50040"},{"taxonomy":"post_tag","embeddable":true,"href":"https:\/\/www.raccontinellarete.it\/index.php?rest_route=%2Fwp%2Fv2%2Ftags&post=50040"}],"curies":[{"name":"wp","href":"https:\/\/api.w.org\/{rel}","templated":true}]}}