{"id":50024,"date":"2022-10-10T17:37:56","date_gmt":"2022-10-10T16:37:56","guid":{"rendered":"http:\/\/www.raccontinellarete.it\/?p=50024"},"modified":"2022-10-11T16:46:38","modified_gmt":"2022-10-11T15:46:38","slug":"al-via-la-22-edizione-di-racconti-nella-rete-inserite-nel-sito-i-vostri-racconti-e-soggetti-inediti","status":"publish","type":"post","link":"https:\/\/www.raccontinellarete.it\/?p=50024","title":{"rendered":"Al via la 22^ edizione di Racconti nella Rete. Inserite nel sito i vostri racconti e soggetti inediti"},"content":{"rendered":"\n<p><strong>Ha preso il via nel sito <a href=\"https:\/\/www.raccontinellarete.it\">www.raccontinellarete.it<\/a>&nbsp; la&nbsp; 22^&nbsp; edizione del Premio letterario &#8220;Racconti nelle Rete&#8221; riservato&nbsp; ai&nbsp; racconti brevi&nbsp; ed ai soggetti per cortometraggi .&nbsp; Si tratta del pi\u00f9 grande premio nazionale per inediti online.&nbsp;&nbsp;<\/strong><\/p>\n\n\n\n<p>(leggi il regolamento <a href=\"https:\/\/www.raccontinellarete.it\/?page_id=6\">https:\/\/www.raccontinellarete.it\/?page_id=6<\/a>)<\/p>\n\n\n\n<p>(clicca qui per registrarti: <a rel=\"noreferrer noopener\" href=\"https:\/\/www.raccontinellarete.it\/301\/wp-register.php\" target=\"_blank\">https:\/\/www.raccontinellarete.it\/301\/wp-register.php<\/a> e inserisci subito il tuo racconto) <\/p>\n\n\n\n<p>Nato da un&#8217;idea del giornalista Demetrio Brandi, il Premio Racconti nella Rete \u00e8 collegato al 29\u00b0 &nbsp;Festival letterario LuccAutori in programma a Lucca nel mese di ottobre.&nbsp;&nbsp; <strong>La 22^ edizione del premio letterario si sviluppa fino al 31 maggio 2023.  Gli scrittori&nbsp;&nbsp;possono pubblicare&nbsp; nel sito i loro racconti&nbsp; che potranno essere letti e commentati da tutti gli utenti registrati.&nbsp;&nbsp;&nbsp;&nbsp;<\/strong><\/p>\n\n\n\n<p>Numerosi sono gli appuntamenti con il premio e gli scrittori vincitori&nbsp; in programma nelle pi\u00f9 importanti citt\u00e0 italiane.&nbsp; Un calendario che partir\u00e0 dal festival Bookcity di Milano per arrivare al Salone del Libro di Torino. Verranno presentati i racconti inseriti&nbsp; nell&#8217;antologia del premio edita da Castelvecchi.&nbsp;&nbsp;<\/p>\n\n\n\n<p>Si tratta di una vetrina d&#8217;autore. Possono partecipare al Premio tutti coloro che hanno un racconto inedito, oppure un soggetto per la sezione Corti. Racconti nella Rete vuole essere un&#8217;opportunit\u00e0 di espressione e confronto fra aspiranti scrittori pi\u00f9 o meno giovani. In una sorta di agor\u00e0 virtuale, tutti trovano infatti lo spazio privilegiato per dar voce alle proprie fantasie, memorie o sogni, per cimentarsi nella scrittura creativa e per saggiare il valore e la qualit\u00e0 del proprio lavoro, incontrando talenti sconosciuti o confrontandosi immediatamente con i diversi stili narrativi, generi e contenuti. E&#8217; questo il momento in cui tutti, dal professionista al dilettante, hanno piena possibilit\u00e0 di espressione e uguale dignit\u00e0 di ascolto. E&#8217; uno spazio democratico in cui si da possibilit\u00e0 di espressione a tutti coloro che lo desiderano.&nbsp;<\/p>\n\n\n\n<p>Gli autori fino ai 25 anni di et\u00e0&nbsp; potranno usufruire di uno sconto di dieci euro sulla quota di partecipazione al premio 2023 \u2013 sezioni racconti e corti. Baster\u00e0 segnalare la vostra adesione con una email indirizzata a <a href=\"mailto:info@raccontinellarete.it\">info@raccontinellarete.it<\/a> . &#8220;Questa agevolazione&#8221; \u2013 dice Demetrio Brandi, presidente del Premio \u2013 &#8220;\u00e8 rivolta ai giovani talenti letterari, uno stimolo in pi\u00f9 per farli partecipare ad una vetrina sempre pi\u00f9 importante per gli autori emergenti.&#8221; Molti tra gli autori pubblicati in questi anni nelle antologie hanno ottenuto brillanti risultati in campo letterario. Tra i premi assegnati ai vincitori quello per il pi\u00f9 giovane scrittore (assegnato da Associazione Italiana Digital Revolution) e per il racconto umoristico (assegnato dal giornale Budu\u00e0r).&nbsp;&nbsp;&nbsp;<\/p>\n\n\n\n<p>Per partecipare basta registrarsi e leggere il regolamento pubblicato nel sito <a href=\"https:\/\/www.raccontinellarete.it\">www.raccontinellarete.it<\/a>. Il racconto, a tema libero, non dovr\u00e0 superare le cinque cartelle di testo: se l&#8217;elaborato sar\u00e0 ritenuto interessante verr\u00e0 subito inserito nel sito.&nbsp; &nbsp;&nbsp;<\/p>\n\n\n\n<p>Per informazioni:&nbsp;&nbsp;Associazioni Culturale LuccAutori&nbsp;&nbsp;tel. 0584.651874&nbsp; <a href=\"mailto:info@raccontinellarete.it\">info@raccontinellarete.it<\/a> &nbsp;<a href=\"https:\/\/www.raccontinellarete.it\">www.raccontinellarete.it<\/a><\/p>\n\n\n\n<figure class=\"wp-block-image size-large\"><img loading=\"lazy\" decoding=\"async\" width=\"1024\" height=\"894\" src=\"https:\/\/www.raccontinellarete.it\/301\/wp-content\/uploads\/2022\/10\/gruppo-domenica-2-ottobre-luccautori-2022-1024x894.jpg\" alt=\"\" class=\"wp-image-50025\" srcset=\"https:\/\/www.raccontinellarete.it\/301\/wp-content\/uploads\/2022\/10\/gruppo-domenica-2-ottobre-luccautori-2022-1024x894.jpg 1024w, https:\/\/www.raccontinellarete.it\/301\/wp-content\/uploads\/2022\/10\/gruppo-domenica-2-ottobre-luccautori-2022-286x250.jpg 286w, https:\/\/www.raccontinellarete.it\/301\/wp-content\/uploads\/2022\/10\/gruppo-domenica-2-ottobre-luccautori-2022-768x670.jpg 768w, https:\/\/www.raccontinellarete.it\/301\/wp-content\/uploads\/2022\/10\/gruppo-domenica-2-ottobre-luccautori-2022-1536x1341.jpg 1536w, https:\/\/www.raccontinellarete.it\/301\/wp-content\/uploads\/2022\/10\/gruppo-domenica-2-ottobre-luccautori-2022.jpg 2046w\" sizes=\"(max-width: 1024px) 100vw, 1024px\" \/><\/figure>\n\n\n\n<figure class=\"wp-block-image size-large\"><img loading=\"lazy\" decoding=\"async\" width=\"1024\" height=\"700\" src=\"https:\/\/www.raccontinellarete.it\/301\/wp-content\/uploads\/2022\/10\/gruppo-sabato-1-ottobre-2022-1024x700.jpg\" alt=\"\" class=\"wp-image-50028\" srcset=\"https:\/\/www.raccontinellarete.it\/301\/wp-content\/uploads\/2022\/10\/gruppo-sabato-1-ottobre-2022-1024x700.jpg 1024w, https:\/\/www.raccontinellarete.it\/301\/wp-content\/uploads\/2022\/10\/gruppo-sabato-1-ottobre-2022-344x235.jpg 344w, https:\/\/www.raccontinellarete.it\/301\/wp-content\/uploads\/2022\/10\/gruppo-sabato-1-ottobre-2022-768x525.jpg 768w, https:\/\/www.raccontinellarete.it\/301\/wp-content\/uploads\/2022\/10\/gruppo-sabato-1-ottobre-2022-1536x1050.jpg 1536w, https:\/\/www.raccontinellarete.it\/301\/wp-content\/uploads\/2022\/10\/gruppo-sabato-1-ottobre-2022.jpg 2048w\" sizes=\"(max-width: 1024px) 100vw, 1024px\" \/><\/figure>\n\n\n\n<figure class=\"wp-block-embed is-type-video is-provider-youtube wp-block-embed-youtube wp-embed-aspect-16-9 wp-has-aspect-ratio\"><div class=\"wp-block-embed__wrapper\">\n<iframe loading=\"lazy\" title=\"&quot;Quando una storia \u00e8 solo una storia&quot; soggetto di Nicola Buoso. Regia di Giuseppe Ferlito.\" width=\"500\" height=\"281\" src=\"https:\/\/www.youtube.com\/embed\/612_up8bqsk?feature=oembed\" frameborder=\"0\" allow=\"accelerometer; autoplay; clipboard-write; encrypted-media; gyroscope; picture-in-picture; web-share\" referrerpolicy=\"strict-origin-when-cross-origin\" allowfullscreen><\/iframe>\n<\/div><\/figure>\n<div class=\"pvc_clear\"><\/div><p id=\"pvc_stats_50024\" class=\"pvc_stats all  \" data-element-id=\"50024\" style=\"\"><i class=\"pvc-stats-icon medium\" aria-hidden=\"true\"><svg aria-hidden=\"true\" focusable=\"false\" data-prefix=\"far\" data-icon=\"chart-bar\" role=\"img\" xmlns=\"http:\/\/www.w3.org\/2000\/svg\" viewBox=\"0 0 512 512\" class=\"svg-inline--fa fa-chart-bar fa-w-16 fa-2x\"><path fill=\"currentColor\" d=\"M396.8 352h22.4c6.4 0 12.8-6.4 12.8-12.8V108.8c0-6.4-6.4-12.8-12.8-12.8h-22.4c-6.4 0-12.8 6.4-12.8 12.8v230.4c0 6.4 6.4 12.8 12.8 12.8zm-192 0h22.4c6.4 0 12.8-6.4 12.8-12.8V140.8c0-6.4-6.4-12.8-12.8-12.8h-22.4c-6.4 0-12.8 6.4-12.8 12.8v198.4c0 6.4 6.4 12.8 12.8 12.8zm96 0h22.4c6.4 0 12.8-6.4 12.8-12.8V204.8c0-6.4-6.4-12.8-12.8-12.8h-22.4c-6.4 0-12.8 6.4-12.8 12.8v134.4c0 6.4 6.4 12.8 12.8 12.8zM496 400H48V80c0-8.84-7.16-16-16-16H16C7.16 64 0 71.16 0 80v336c0 17.67 14.33 32 32 32h464c8.84 0 16-7.16 16-16v-16c0-8.84-7.16-16-16-16zm-387.2-48h22.4c6.4 0 12.8-6.4 12.8-12.8v-70.4c0-6.4-6.4-12.8-12.8-12.8h-22.4c-6.4 0-12.8 6.4-12.8 12.8v70.4c0 6.4 6.4 12.8 12.8 12.8z\" class=\"\"><\/path><\/svg><\/i> <img loading=\"lazy\" decoding=\"async\" width=\"16\" height=\"16\" alt=\"Loading\" src=\"https:\/\/www.raccontinellarete.it\/301\/wp-content\/plugins\/page-views-count\/ajax-loader-2x.gif\" border=0 \/><\/p><div class=\"pvc_clear\"><\/div>","protected":false},"excerpt":{"rendered":"<p>Ha preso il via nel sito www.raccontinellarete.it&nbsp; la&nbsp; 22^&nbsp; edizione del Premio letterario &#8220;Racconti nelle Rete&#8221; riservato&nbsp; ai&nbsp; racconti brevi&nbsp; ed ai soggetti per cortometraggi .&nbsp; Si tratta del pi\u00f9 grande premio nazionale per inediti online.&nbsp;&nbsp; (leggi il regolamento https:\/\/www.raccontinellarete.it\/?page_id=6) (clicca qui per registrarti: https:\/\/www.raccontinellarete.it\/301\/wp-register.php e inserisci subito il tuo racconto) Nato da un&#8217;idea del [&hellip;]<\/p>\n<div class=\"pvc_clear\"><\/div>\n<p id=\"pvc_stats_50024\" class=\"pvc_stats all  \" data-element-id=\"50024\" style=\"\"><i class=\"pvc-stats-icon medium\" aria-hidden=\"true\"><svg aria-hidden=\"true\" focusable=\"false\" data-prefix=\"far\" data-icon=\"chart-bar\" role=\"img\" xmlns=\"http:\/\/www.w3.org\/2000\/svg\" viewBox=\"0 0 512 512\" class=\"svg-inline--fa fa-chart-bar fa-w-16 fa-2x\"><path fill=\"currentColor\" d=\"M396.8 352h22.4c6.4 0 12.8-6.4 12.8-12.8V108.8c0-6.4-6.4-12.8-12.8-12.8h-22.4c-6.4 0-12.8 6.4-12.8 12.8v230.4c0 6.4 6.4 12.8 12.8 12.8zm-192 0h22.4c6.4 0 12.8-6.4 12.8-12.8V140.8c0-6.4-6.4-12.8-12.8-12.8h-22.4c-6.4 0-12.8 6.4-12.8 12.8v198.4c0 6.4 6.4 12.8 12.8 12.8zm96 0h22.4c6.4 0 12.8-6.4 12.8-12.8V204.8c0-6.4-6.4-12.8-12.8-12.8h-22.4c-6.4 0-12.8 6.4-12.8 12.8v134.4c0 6.4 6.4 12.8 12.8 12.8zM496 400H48V80c0-8.84-7.16-16-16-16H16C7.16 64 0 71.16 0 80v336c0 17.67 14.33 32 32 32h464c8.84 0 16-7.16 16-16v-16c0-8.84-7.16-16-16-16zm-387.2-48h22.4c6.4 0 12.8-6.4 12.8-12.8v-70.4c0-6.4-6.4-12.8-12.8-12.8h-22.4c-6.4 0-12.8 6.4-12.8 12.8v70.4c0 6.4 6.4 12.8 12.8 12.8z\" class=\"\"><\/path><\/svg><\/i> <img loading=\"lazy\" decoding=\"async\" width=\"16\" height=\"16\" alt=\"Loading\" src=\"https:\/\/www.raccontinellarete.it\/301\/wp-content\/plugins\/page-views-count\/ajax-loader-2x.gif\" border=0 \/><\/p>\n<div class=\"pvc_clear\"><\/div>\n","protected":false},"author":3,"featured_media":50025,"comment_status":"open","ping_status":"closed","sticky":false,"template":"","format":"standard","meta":{"footnotes":""},"categories":[87,547,543,5],"tags":[],"class_list":["post-50024","post","type-post","status-publish","format-standard","has-post-thumbnail","hentry","category-comunicato-stampa","category-f-o-r-u-m","category-forum-di-racconti-nella-rete","category-racconti-nella-rete"],"_links":{"self":[{"href":"https:\/\/www.raccontinellarete.it\/index.php?rest_route=\/wp\/v2\/posts\/50024"}],"collection":[{"href":"https:\/\/www.raccontinellarete.it\/index.php?rest_route=\/wp\/v2\/posts"}],"about":[{"href":"https:\/\/www.raccontinellarete.it\/index.php?rest_route=\/wp\/v2\/types\/post"}],"author":[{"embeddable":true,"href":"https:\/\/www.raccontinellarete.it\/index.php?rest_route=\/wp\/v2\/users\/3"}],"replies":[{"embeddable":true,"href":"https:\/\/www.raccontinellarete.it\/index.php?rest_route=%2Fwp%2Fv2%2Fcomments&post=50024"}],"version-history":[{"count":7,"href":"https:\/\/www.raccontinellarete.it\/index.php?rest_route=\/wp\/v2\/posts\/50024\/revisions"}],"predecessor-version":[{"id":50050,"href":"https:\/\/www.raccontinellarete.it\/index.php?rest_route=\/wp\/v2\/posts\/50024\/revisions\/50050"}],"wp:featuredmedia":[{"embeddable":true,"href":"https:\/\/www.raccontinellarete.it\/index.php?rest_route=\/wp\/v2\/media\/50025"}],"wp:attachment":[{"href":"https:\/\/www.raccontinellarete.it\/index.php?rest_route=%2Fwp%2Fv2%2Fmedia&parent=50024"}],"wp:term":[{"taxonomy":"category","embeddable":true,"href":"https:\/\/www.raccontinellarete.it\/index.php?rest_route=%2Fwp%2Fv2%2Fcategories&post=50024"},{"taxonomy":"post_tag","embeddable":true,"href":"https:\/\/www.raccontinellarete.it\/index.php?rest_route=%2Fwp%2Fv2%2Ftags&post=50024"}],"curies":[{"name":"wp","href":"https:\/\/api.w.org\/{rel}","templated":true}]}}