{"id":50000,"date":"2022-09-26T18:14:17","date_gmt":"2022-09-26T17:14:17","guid":{"rendered":"http:\/\/www.raccontinellarete.it\/?p=50000"},"modified":"2022-09-26T18:14:18","modified_gmt":"2022-09-26T17:14:18","slug":"mercoledi-28-settembre-alle-10-al-cinema-roma-di-barga-incontro-con-enrico-vanzina","status":"publish","type":"post","link":"https:\/\/www.raccontinellarete.it\/?p=50000","title":{"rendered":"Mercoled\u00ec 28 settembre alle 10 al Cinema Roma di Barga incontro con ENRICO VANZINA"},"content":{"rendered":"\n<p><strong><br><\/strong><strong>Il festival LuccAutori in collaborazione con Fondazione Giovanni Pascoli<\/strong> presenta l&#8217;incontro con il regista e sceneggiatore<strong> ENRICO VANZINA<\/strong>. Sar\u00e0 l&#8217;occasione per parlare del suo libro <strong>DIARIO DIURNO<\/strong> (HarperCollins)\u00a0 che recentemente ha vinto il premio internazionale Casin\u00f2 di Sanremo.\u00a0 \u00a0<\/p>\n\n\n\n<p><strong>Con Enrico Vanzina intervengono Alessandro Adami presidente della Fondazione Giovanni Pascoli e Demetrio Brandi, presidente di LuccAutori.&nbsp;<\/strong><strong>Carlo Sburlati porter\u00e0 un saluto da parte della giuria del premio Casin\u00f2 di Sanremo.<\/strong><\/p>\n\n\n\n<p>Con la partecipazione degli studenti delle scuole secondarie di secondo grado di Barga<strong>.&nbsp;&nbsp;<\/strong>Durante l&#8217;incontro si parler\u00e0 di <strong>Giovanni Pascoli &#8216;narratore dell&#8217;avvenire&#8217;&nbsp; e si ricorder\u00e0 il centenario dalla nascita del poeta e regista Pier Paolo Pasolini.&nbsp;<\/strong>Pasolini&nbsp;scrisse la&nbsp;propria tesi di laurea proprio sul poeta di Castelvecchio; una tesi nata in tempo di guerra, tra vicende travagliate. Con il suo lavoro, Pasolini si propose di analizzare alcune delle composizioni di Giovanni Pascoli che lui riteneva dettate dalla&nbsp;pura volont\u00e0 di fare poesia, formulando tante osservazioni sua modernit\u00e0 linguistica pascoliana che negli anni sarebbero state unanimemente accolte dalla critica letteraria.&nbsp;&nbsp;<strong>DIARIO DIURNO (HarperCollins)<\/strong> &#8211; Il diario di Enrico Vanzina&nbsp; racconta undici anni, racchiusi da due grandi crisi sociali, quella economica del 2011 e quella che stiamo ancora vivendo ed \u00e8 legata alla pandemia. E in mezzo: la vita, le gioie, i dolori, gli attimi solo in apparenza insignificanti ma in realt\u00e0 decisivi, la politica, i libri, il cinema, certo, il cinema, gli amici che si ritrovano o se ne vanno, gli incontri casuali, le strade prese o perse. Perch\u00e9 un diario, se scritto da un grande autore, \u00e8 molto di pi\u00f9 del mero succedersi degli accadimenti, pubblici e privati che siano, \u00e8 un\u2019opera letteraria che sa far commuovere, sorridere, riflettere, rivelando verit\u00e0 spesso nascoste sul cuore umano.&nbsp;<br><strong>Enrico Vanzina<\/strong>,&nbsp; primogenito del regista e sceneggiatore Steno nonch\u00e9 fratello del regista e produttore Carlo Vanzina, vive sin dalla nascita a stretto contatto con il mondo del cinema. A partire dal 1976 ha iniziato a scrivere sceneggiature, collaborando con i maggiori esponenti del cinema italiano, realizzando pi\u00f9 di 80 soggetti, molti dei quali assieme a registi famosi. Nel corso di oltre trent&#8217;anni ha firmato, insieme al fratello Carlo, alcuni dei pi\u00f9 grandi successi al botteghino italiano e ha realizzato molte fiction televisive di successo. In quarant&#8217;anni&nbsp; di cinema, \u00e8 stato autore di oltre cento sceneggiature. Oggi \u00e8 considerato uno dei massimi esponenti della commedia all&#8217;italiana, autore di film con enorme successo di pubblico.<\/p>\n\n\n\n<p>Tutto il programma di LuccAutori 2022 su\u00a0 <a href=\"https:\/\/www.raccontinellarete.it\">www.raccontinellarete.it<\/a><\/p>\n\n\n\n<figure class=\"wp-block-image size-large\"><img loading=\"lazy\" decoding=\"async\" width=\"717\" height=\"1024\" src=\"https:\/\/www.raccontinellarete.it\/301\/wp-content\/uploads\/2022\/09\/locandina-VANZINA-a-Barga-28.9.2022-717x1024.jpg\" alt=\"\" class=\"wp-image-50002\" srcset=\"https:\/\/www.raccontinellarete.it\/301\/wp-content\/uploads\/2022\/09\/locandina-VANZINA-a-Barga-28.9.2022-717x1024.jpg 717w, https:\/\/www.raccontinellarete.it\/301\/wp-content\/uploads\/2022\/09\/locandina-VANZINA-a-Barga-28.9.2022-175x250.jpg 175w, https:\/\/www.raccontinellarete.it\/301\/wp-content\/uploads\/2022\/09\/locandina-VANZINA-a-Barga-28.9.2022-768x1097.jpg 768w, https:\/\/www.raccontinellarete.it\/301\/wp-content\/uploads\/2022\/09\/locandina-VANZINA-a-Barga-28.9.2022-1075x1536.jpg 1075w, https:\/\/www.raccontinellarete.it\/301\/wp-content\/uploads\/2022\/09\/locandina-VANZINA-a-Barga-28.9.2022.jpg 1120w\" sizes=\"(max-width: 717px) 100vw, 717px\" \/><\/figure>\n<div class=\"pvc_clear\"><\/div><p id=\"pvc_stats_50000\" class=\"pvc_stats all  \" data-element-id=\"50000\" style=\"\"><i class=\"pvc-stats-icon medium\" aria-hidden=\"true\"><svg aria-hidden=\"true\" focusable=\"false\" data-prefix=\"far\" data-icon=\"chart-bar\" role=\"img\" xmlns=\"http:\/\/www.w3.org\/2000\/svg\" viewBox=\"0 0 512 512\" class=\"svg-inline--fa fa-chart-bar fa-w-16 fa-2x\"><path fill=\"currentColor\" d=\"M396.8 352h22.4c6.4 0 12.8-6.4 12.8-12.8V108.8c0-6.4-6.4-12.8-12.8-12.8h-22.4c-6.4 0-12.8 6.4-12.8 12.8v230.4c0 6.4 6.4 12.8 12.8 12.8zm-192 0h22.4c6.4 0 12.8-6.4 12.8-12.8V140.8c0-6.4-6.4-12.8-12.8-12.8h-22.4c-6.4 0-12.8 6.4-12.8 12.8v198.4c0 6.4 6.4 12.8 12.8 12.8zm96 0h22.4c6.4 0 12.8-6.4 12.8-12.8V204.8c0-6.4-6.4-12.8-12.8-12.8h-22.4c-6.4 0-12.8 6.4-12.8 12.8v134.4c0 6.4 6.4 12.8 12.8 12.8zM496 400H48V80c0-8.84-7.16-16-16-16H16C7.16 64 0 71.16 0 80v336c0 17.67 14.33 32 32 32h464c8.84 0 16-7.16 16-16v-16c0-8.84-7.16-16-16-16zm-387.2-48h22.4c6.4 0 12.8-6.4 12.8-12.8v-70.4c0-6.4-6.4-12.8-12.8-12.8h-22.4c-6.4 0-12.8 6.4-12.8 12.8v70.4c0 6.4 6.4 12.8 12.8 12.8z\" class=\"\"><\/path><\/svg><\/i> <img loading=\"lazy\" decoding=\"async\" width=\"16\" height=\"16\" alt=\"Loading\" src=\"https:\/\/www.raccontinellarete.it\/301\/wp-content\/plugins\/page-views-count\/ajax-loader-2x.gif\" border=0 \/><\/p><div class=\"pvc_clear\"><\/div>","protected":false},"excerpt":{"rendered":"<p>Il festival LuccAutori in collaborazione con Fondazione Giovanni Pascoli presenta l&#8217;incontro con il regista e sceneggiatore ENRICO VANZINA. Sar\u00e0 l&#8217;occasione per parlare del suo libro DIARIO DIURNO (HarperCollins)\u00a0 che recentemente ha vinto il premio internazionale Casin\u00f2 di Sanremo.\u00a0 \u00a0 Con Enrico Vanzina intervengono Alessandro Adami presidente della Fondazione Giovanni Pascoli e Demetrio Brandi, presidente di [&hellip;]<\/p>\n<div class=\"pvc_clear\"><\/div>\n<p id=\"pvc_stats_50000\" class=\"pvc_stats all  \" data-element-id=\"50000\" style=\"\"><i class=\"pvc-stats-icon medium\" aria-hidden=\"true\"><svg aria-hidden=\"true\" focusable=\"false\" data-prefix=\"far\" data-icon=\"chart-bar\" role=\"img\" xmlns=\"http:\/\/www.w3.org\/2000\/svg\" viewBox=\"0 0 512 512\" class=\"svg-inline--fa fa-chart-bar fa-w-16 fa-2x\"><path fill=\"currentColor\" d=\"M396.8 352h22.4c6.4 0 12.8-6.4 12.8-12.8V108.8c0-6.4-6.4-12.8-12.8-12.8h-22.4c-6.4 0-12.8 6.4-12.8 12.8v230.4c0 6.4 6.4 12.8 12.8 12.8zm-192 0h22.4c6.4 0 12.8-6.4 12.8-12.8V140.8c0-6.4-6.4-12.8-12.8-12.8h-22.4c-6.4 0-12.8 6.4-12.8 12.8v198.4c0 6.4 6.4 12.8 12.8 12.8zm96 0h22.4c6.4 0 12.8-6.4 12.8-12.8V204.8c0-6.4-6.4-12.8-12.8-12.8h-22.4c-6.4 0-12.8 6.4-12.8 12.8v134.4c0 6.4 6.4 12.8 12.8 12.8zM496 400H48V80c0-8.84-7.16-16-16-16H16C7.16 64 0 71.16 0 80v336c0 17.67 14.33 32 32 32h464c8.84 0 16-7.16 16-16v-16c0-8.84-7.16-16-16-16zm-387.2-48h22.4c6.4 0 12.8-6.4 12.8-12.8v-70.4c0-6.4-6.4-12.8-12.8-12.8h-22.4c-6.4 0-12.8 6.4-12.8 12.8v70.4c0 6.4 6.4 12.8 12.8 12.8z\" class=\"\"><\/path><\/svg><\/i> <img loading=\"lazy\" decoding=\"async\" width=\"16\" height=\"16\" alt=\"Loading\" src=\"https:\/\/www.raccontinellarete.it\/301\/wp-content\/plugins\/page-views-count\/ajax-loader-2x.gif\" border=0 \/><\/p>\n<div class=\"pvc_clear\"><\/div>\n","protected":false},"author":3,"featured_media":50001,"comment_status":"open","ping_status":"closed","sticky":false,"template":"","format":"standard","meta":{"footnotes":""},"categories":[87,547,543,5],"tags":[],"class_list":["post-50000","post","type-post","status-publish","format-standard","has-post-thumbnail","hentry","category-comunicato-stampa","category-f-o-r-u-m","category-forum-di-racconti-nella-rete","category-racconti-nella-rete"],"_links":{"self":[{"href":"https:\/\/www.raccontinellarete.it\/index.php?rest_route=\/wp\/v2\/posts\/50000"}],"collection":[{"href":"https:\/\/www.raccontinellarete.it\/index.php?rest_route=\/wp\/v2\/posts"}],"about":[{"href":"https:\/\/www.raccontinellarete.it\/index.php?rest_route=\/wp\/v2\/types\/post"}],"author":[{"embeddable":true,"href":"https:\/\/www.raccontinellarete.it\/index.php?rest_route=\/wp\/v2\/users\/3"}],"replies":[{"embeddable":true,"href":"https:\/\/www.raccontinellarete.it\/index.php?rest_route=%2Fwp%2Fv2%2Fcomments&post=50000"}],"version-history":[{"count":1,"href":"https:\/\/www.raccontinellarete.it\/index.php?rest_route=\/wp\/v2\/posts\/50000\/revisions"}],"predecessor-version":[{"id":50003,"href":"https:\/\/www.raccontinellarete.it\/index.php?rest_route=\/wp\/v2\/posts\/50000\/revisions\/50003"}],"wp:featuredmedia":[{"embeddable":true,"href":"https:\/\/www.raccontinellarete.it\/index.php?rest_route=\/wp\/v2\/media\/50001"}],"wp:attachment":[{"href":"https:\/\/www.raccontinellarete.it\/index.php?rest_route=%2Fwp%2Fv2%2Fmedia&parent=50000"}],"wp:term":[{"taxonomy":"category","embeddable":true,"href":"https:\/\/www.raccontinellarete.it\/index.php?rest_route=%2Fwp%2Fv2%2Fcategories&post=50000"},{"taxonomy":"post_tag","embeddable":true,"href":"https:\/\/www.raccontinellarete.it\/index.php?rest_route=%2Fwp%2Fv2%2Ftags&post=50000"}],"curies":[{"name":"wp","href":"https:\/\/api.w.org\/{rel}","templated":true}]}}