{"id":49980,"date":"2022-09-22T10:38:04","date_gmt":"2022-09-22T09:38:04","guid":{"rendered":"http:\/\/www.raccontinellarete.it\/?p=49980"},"modified":"2022-09-22T11:29:19","modified_gmt":"2022-09-22T10:29:19","slug":"luccautori-sabato-24-melania-soriani-e-le-mostre-a-villa-bottini","status":"publish","type":"post","link":"https:\/\/www.raccontinellarete.it\/?p=49980","title":{"rendered":"LuccAutori &#8211; Sabato 24, Melania Soriani e le Mostre a Villa Bottini"},"content":{"rendered":"\n<p><strong>Sabato 24 settembre alle 10 doppia inaugurazione&nbsp; a Villa Bottini delle&nbsp; mostre \u201cQUEI CARI RACCONTI DI UNA VOLTA\u201d, con le opere di grandi illustratori e vignettisti italiani, e \u201cRACCONTI A COLORI\u201d con i disegni degli studenti del liceo artistico Passaglia che hanno illustrato i venticinque racconti vincitori del premio&nbsp;Racconti nella Rete 2022. Ospiti&nbsp; la scrittrice MELANIA SORIANI che presenta il suo ultimo libro dal titolo \u201cBly\u201d (Mondadori) &#8211; <em>premio selezione Bancarella 2022<\/em><\/strong> &#8211;&nbsp;<strong>ed il disegnatore umoristico Lido Contemori<\/strong>.&nbsp;I premi per gli studenti del liceo Passaglia sono offerti da Unicoopfirenze e dagli artisti <strong>Stefano Carlo Vecoli, Massimo Cantini ed Andrea Granchi.<\/strong> Conduce <strong>Elena Marchini<\/strong>. <\/p>\n\n\n\n<p><strong>MELANIA SORIANI presenta \u201cBly&#8221; (Mondadori). La scrittrice ci racconta la&nbsp; storia vera ed ancora poco conosciuta di una donna eccezionale, mettendone in luce la forza e la fragilit\u00e0, il coraggio e la tenacia impensabili per i suoi tempi, dopo aver combattuto pi\u00f9 di&nbsp; cento anni fa le stesse battaglie che purtroppo, ancora oggi, non sono state completamente vinte<\/strong>.&nbsp;Liberamente ispirato alla storia di Nellie Bly, un romanzo denso e appassionante che raccontando una vita straordinaria del mondo di ieri ci mostra come dovremmo cambiare il mondo di oggi.&nbsp; &nbsp;&nbsp; &nbsp;<br>Quanto spesso ci capita di sentire che questo o quel primato \u00e8 stato realizzato da una donna? Soprattutto se parliamo di settori storicamente maschili, come il giornalismo e l&#8217;esplorazione. A cavallo tra &#8216;800 e &#8216;900, Nellie Bly &#8211; di cui quest&#8217;anno ricorre il centenario dalla morte &#8211; fu tra le prime donne reporter capaci, con le sue inchieste, di cambiare la Storia.<br>\u00c8 una giornata di primavera del 1864 quando il giudice Cochran mostra orgoglioso ai propri figli il fagottino rosa della neonata Elizabeth. Il loro \u00e8 un piccolo borgo di tranquillo benessere in Pennsylvania, dove i ruoli sociali seguono schemi quasi inviolabili, ma Pink \u2013 come viene soprannominata la bambina \u2013 si dimostra presto inquieta e ribelle, pi\u00f9 attratta dalle scorribande&nbsp; dei fratelli maggiori che dalle bambole, e al tempo stesso incuriosita dalla ricca biblioteca paterna. Quando, durante un banchetto, conosce Miss Jennie Stentz \u2013 intraprendente fondatrice di un quotidiano locale \u2013&nbsp; Elizabeth vive un vero e proprio colpo di fulmine: diventer\u00e0 giornalista.&nbsp; &nbsp;Il destino ha per\u00f2 per lei altri amari, amarissimi piani. Costretta ad abbandonare gli amati studi, Elizabeth si trasferisce a Pittsburgh, dove nel tentativo di decifrare un mondo che non conosce diventa avida lettrice di&nbsp; giornali. Ha cos\u00ec la prova che le sue sensazioni sono fondate: le disparit\u00e0 di genere ci sono davvero, e sono pi\u00f9 radicate che mai. Decide allora di passare all\u2019azione, e scrive una lettera di denuncia con una voce cos\u00ec fuori dal coro da convincere il direttore del giornale a proporle una collaborazione, con lo pseudonimo di Nellie Bly.<br>\u00c8 l\u2019inizio di un\u2019appassionante storia, perch\u00e9 con la sua vita <strong>Elizabeth diventer\u00e0 una figura leggendaria del femminismo ante litteram, pioniera delle pari opportunit\u00e0 in una societ\u00e0 maschilista e profondamente conservatrice, ma anche l\u2019inventrice del giornalismo sotto copertura, e un\u2019avventuriera straordinaria, capace di compiere il Giro del Mondo in meno tempo del Phileas Fogg di Jules Verne.<\/strong><\/p>\n\n\n\n<p><br><strong>A seguire inaugurazione della mostra \u201cQUEI CARI RACCONTI DI UNA VOLTA\u201d a cura di Stefano Giraldi. Vengono esposte opere realizzate da importanti artisti contemporanei.&nbsp;<\/strong><br>La mostra ci invita ad entrare nel mondo della fantasia accompagnati dai maestri della letteratura, del disegno, della pittura e arte visiva. Con la loro arte ci trasmettono quello spirito d&#8217;immaginazione ed il desiderio di esplorare il mondo misterioso ed affascinante dell&#8217;universale umano.&nbsp;Per gli scrittori e gli editori del secolo scorso, disegnare ed illustare le copertine dei libri per l&#8217;infanzia era un&#8217;operazione fondamentale per promuovere il libro in modo efficace, facendo a gara per avere a disposizione i migliori illustratori del tempo,che a loro volta ebbero l&#8217;opportunit\u00e0 di dimostrare il loro talento.&nbsp; Il festival LuccAutori &#8211; Premio Racconti nella Rete, mette a confronto gli artisti visivi e gli illustratori di racconti del passato con quelli contemporanei, tecniche ed identit\u00e0 artistiche diverse dovute al tempo ed alle nuove tecnologie contemporanee. <\/p>\n\n\n\n<p>Un tuffo nel passato con gli occhi di oggi, un viaggio nella letteratura accompagnati dall&#8217;estro immaginativo di questi artisti:&nbsp;&nbsp;<strong>Lido Contemori, Massimo Presciutti, Mauro Pispoli, Giuliano Rossetti, Massimo Cavezzali, Sergio Staino, Marco De Angelis, Milko Dalla Battista, Doriano Solinas, Sabrina Costantini Always, Gianni Oliveti, Angela Volpi, Angela Monaci, Luana Lapi, Andrea Granchi, Alessandro Nocentini, Stefano Carlo Vecoli, Gianpaolo Giovannetti, Dino Aloi, Davide Manfroni, Massimo Cantini, Stefano Giraldi, Bruno Latella, Giovanni Mazzi, Antonio Ieradi.&nbsp;<\/strong><br><strong>Inaugurazione della mostra \u201cRACCONTI A COLORI\u201d venticinque artisti per venticinque racconti.&nbsp;Le splendide sale di Villa Bottini accolgono i venticinque disegni originali ispirati ai venticinque racconti vincitori del Premio Letterario Racconti nella Rete 2022 realizzati dagli studenti del Liceo Artistico \u201cPassaglia\u201d di Lucca<\/strong>. Ogni studente utilizza la propria tecnica ed il proprio stile illustrando un racconto tra i 25 vincitori del Premio.&nbsp;<\/p>\n\n\n\n<p>La giuria composta dall&#8217;illustratore e umorista Lido Contemori, dal fotografo d&#8217;arte Stefano Giraldi e dal professore Stefano Carlo Vecoli premier\u00e0 i tre lavori migliori e consegner\u00e0 gli attestati ed i buoni per l&#8217;acquisto di libri agli studenti\/artisti:&nbsp;<strong>Melissa Fanani,&nbsp;Veronica Fanani,&nbsp;Sara Rugani,&nbsp;Penelope Meconi,&nbsp;Adele Puccinelli,&nbsp;Manuel Cocco,&nbsp;Aurora Pellegrinetti,&nbsp;Cristiano Giannecchini,&nbsp;Ambra Minichilli,&nbsp;Amanda Pugliesi,&nbsp;Maxima Margesin,&nbsp;Sofia Bazzucchi,&nbsp;Camilla Ginesi,&nbsp;Lorenzo Cavalletti e Elena Pietrini,&nbsp;Angelica Menchini, Matilde Panattoni,&nbsp;Yulia Tsurkanu,&nbsp;Giulia Fabrizi, Beatrice Fulceri,&nbsp;Elisa Lazzarini,&nbsp;Greta Mariotti,&nbsp;Alessandra Marmo,&nbsp;Giulia Massai,&nbsp;Giacomo Pisani.<\/strong><\/p>\n\n\n\n<p><br>Le mostre sono visitabili in occasione degli incontri letterari, fino al 2 ottobre.&nbsp;&nbsp;Tutto il programma di LuccAutori 2022 su <a href=\"https:\/\/www.raccontinellarete.it\">www.raccontinellarete.it<\/a><\/p>\n\n\n<div class=\"wp-block-image\">\n<figure class=\"alignleft size-full\"><img loading=\"lazy\" decoding=\"async\" width=\"314\" height=\"448\" src=\"https:\/\/www.raccontinellarete.it\/301\/wp-content\/uploads\/2022\/09\/racconti-a-colori-2022-manifesto_page-0001-Copia.jpg\" alt=\"\" class=\"wp-image-49968\" srcset=\"https:\/\/www.raccontinellarete.it\/301\/wp-content\/uploads\/2022\/09\/racconti-a-colori-2022-manifesto_page-0001-Copia.jpg 314w, https:\/\/www.raccontinellarete.it\/301\/wp-content\/uploads\/2022\/09\/racconti-a-colori-2022-manifesto_page-0001-Copia-175x250.jpg 175w\" sizes=\"(max-width: 314px) 100vw, 314px\" \/><\/figure><\/div>\n\n\n<figure class=\"wp-block-image size-large is-resized\"><img loading=\"lazy\" decoding=\"async\" src=\"https:\/\/www.raccontinellarete.it\/301\/wp-content\/uploads\/2022\/09\/manifesto-mostra-quei-cari-racconti-di-una-volta-1-739x1024.jpg\" alt=\"\" class=\"wp-image-49986\" width=\"333\" height=\"460\" srcset=\"https:\/\/www.raccontinellarete.it\/301\/wp-content\/uploads\/2022\/09\/manifesto-mostra-quei-cari-racconti-di-una-volta-1-739x1024.jpg 739w, https:\/\/www.raccontinellarete.it\/301\/wp-content\/uploads\/2022\/09\/manifesto-mostra-quei-cari-racconti-di-una-volta-1-180x250.jpg 180w, https:\/\/www.raccontinellarete.it\/301\/wp-content\/uploads\/2022\/09\/manifesto-mostra-quei-cari-racconti-di-una-volta-1-768x1064.jpg 768w, https:\/\/www.raccontinellarete.it\/301\/wp-content\/uploads\/2022\/09\/manifesto-mostra-quei-cari-racconti-di-una-volta-1-1109x1536.jpg 1109w, https:\/\/www.raccontinellarete.it\/301\/wp-content\/uploads\/2022\/09\/manifesto-mostra-quei-cari-racconti-di-una-volta-1.jpg 1155w\" sizes=\"(max-width: 333px) 100vw, 333px\" \/><\/figure>\n\n\n\n<figure class=\"wp-block-image size-full is-resized\"><img loading=\"lazy\" decoding=\"async\" src=\"https:\/\/www.raccontinellarete.it\/301\/wp-content\/uploads\/2022\/09\/Foto-Soriani-libera-Copia.jpg\" alt=\"\" class=\"wp-image-49981\" width=\"666\" height=\"476\" srcset=\"https:\/\/www.raccontinellarete.it\/301\/wp-content\/uploads\/2022\/09\/Foto-Soriani-libera-Copia.jpg 640w, https:\/\/www.raccontinellarete.it\/301\/wp-content\/uploads\/2022\/09\/Foto-Soriani-libera-Copia-344x246.jpg 344w\" sizes=\"(max-width: 666px) 100vw, 666px\" \/><figcaption><strong>La scrittrice<\/strong> <strong>Melania Soriani<\/strong> <strong>ospite di LuccAutori 2022<\/strong>                                 <\/figcaption><\/figure>\n<div class=\"pvc_clear\"><\/div><p id=\"pvc_stats_49980\" class=\"pvc_stats all  \" data-element-id=\"49980\" style=\"\"><i class=\"pvc-stats-icon medium\" aria-hidden=\"true\"><svg aria-hidden=\"true\" focusable=\"false\" data-prefix=\"far\" data-icon=\"chart-bar\" role=\"img\" xmlns=\"http:\/\/www.w3.org\/2000\/svg\" viewBox=\"0 0 512 512\" class=\"svg-inline--fa fa-chart-bar fa-w-16 fa-2x\"><path fill=\"currentColor\" d=\"M396.8 352h22.4c6.4 0 12.8-6.4 12.8-12.8V108.8c0-6.4-6.4-12.8-12.8-12.8h-22.4c-6.4 0-12.8 6.4-12.8 12.8v230.4c0 6.4 6.4 12.8 12.8 12.8zm-192 0h22.4c6.4 0 12.8-6.4 12.8-12.8V140.8c0-6.4-6.4-12.8-12.8-12.8h-22.4c-6.4 0-12.8 6.4-12.8 12.8v198.4c0 6.4 6.4 12.8 12.8 12.8zm96 0h22.4c6.4 0 12.8-6.4 12.8-12.8V204.8c0-6.4-6.4-12.8-12.8-12.8h-22.4c-6.4 0-12.8 6.4-12.8 12.8v134.4c0 6.4 6.4 12.8 12.8 12.8zM496 400H48V80c0-8.84-7.16-16-16-16H16C7.16 64 0 71.16 0 80v336c0 17.67 14.33 32 32 32h464c8.84 0 16-7.16 16-16v-16c0-8.84-7.16-16-16-16zm-387.2-48h22.4c6.4 0 12.8-6.4 12.8-12.8v-70.4c0-6.4-6.4-12.8-12.8-12.8h-22.4c-6.4 0-12.8 6.4-12.8 12.8v70.4c0 6.4 6.4 12.8 12.8 12.8z\" class=\"\"><\/path><\/svg><\/i> <img loading=\"lazy\" decoding=\"async\" width=\"16\" height=\"16\" alt=\"Loading\" src=\"https:\/\/www.raccontinellarete.it\/301\/wp-content\/plugins\/page-views-count\/ajax-loader-2x.gif\" border=0 \/><\/p><div class=\"pvc_clear\"><\/div>","protected":false},"excerpt":{"rendered":"<p>Sabato 24 settembre alle 10 doppia inaugurazione&nbsp; a Villa Bottini delle&nbsp; mostre \u201cQUEI CARI RACCONTI DI UNA VOLTA\u201d, con le opere di grandi illustratori e vignettisti italiani, e \u201cRACCONTI A COLORI\u201d con i disegni degli studenti del liceo artistico Passaglia che hanno illustrato i venticinque racconti vincitori del premio&nbsp;Racconti nella Rete 2022. Ospiti&nbsp; la scrittrice [&hellip;]<\/p>\n<div class=\"pvc_clear\"><\/div>\n<p id=\"pvc_stats_49980\" class=\"pvc_stats all  \" data-element-id=\"49980\" style=\"\"><i class=\"pvc-stats-icon medium\" aria-hidden=\"true\"><svg aria-hidden=\"true\" focusable=\"false\" data-prefix=\"far\" data-icon=\"chart-bar\" role=\"img\" xmlns=\"http:\/\/www.w3.org\/2000\/svg\" viewBox=\"0 0 512 512\" class=\"svg-inline--fa fa-chart-bar fa-w-16 fa-2x\"><path fill=\"currentColor\" d=\"M396.8 352h22.4c6.4 0 12.8-6.4 12.8-12.8V108.8c0-6.4-6.4-12.8-12.8-12.8h-22.4c-6.4 0-12.8 6.4-12.8 12.8v230.4c0 6.4 6.4 12.8 12.8 12.8zm-192 0h22.4c6.4 0 12.8-6.4 12.8-12.8V140.8c0-6.4-6.4-12.8-12.8-12.8h-22.4c-6.4 0-12.8 6.4-12.8 12.8v198.4c0 6.4 6.4 12.8 12.8 12.8zm96 0h22.4c6.4 0 12.8-6.4 12.8-12.8V204.8c0-6.4-6.4-12.8-12.8-12.8h-22.4c-6.4 0-12.8 6.4-12.8 12.8v134.4c0 6.4 6.4 12.8 12.8 12.8zM496 400H48V80c0-8.84-7.16-16-16-16H16C7.16 64 0 71.16 0 80v336c0 17.67 14.33 32 32 32h464c8.84 0 16-7.16 16-16v-16c0-8.84-7.16-16-16-16zm-387.2-48h22.4c6.4 0 12.8-6.4 12.8-12.8v-70.4c0-6.4-6.4-12.8-12.8-12.8h-22.4c-6.4 0-12.8 6.4-12.8 12.8v70.4c0 6.4 6.4 12.8 12.8 12.8z\" class=\"\"><\/path><\/svg><\/i> <img loading=\"lazy\" decoding=\"async\" width=\"16\" height=\"16\" alt=\"Loading\" src=\"https:\/\/www.raccontinellarete.it\/301\/wp-content\/plugins\/page-views-count\/ajax-loader-2x.gif\" border=0 \/><\/p>\n<div class=\"pvc_clear\"><\/div>\n","protected":false},"author":3,"featured_media":49981,"comment_status":"open","ping_status":"closed","sticky":false,"template":"","format":"standard","meta":{"footnotes":""},"categories":[87,547,543,5],"tags":[],"class_list":["post-49980","post","type-post","status-publish","format-standard","has-post-thumbnail","hentry","category-comunicato-stampa","category-f-o-r-u-m","category-forum-di-racconti-nella-rete","category-racconti-nella-rete"],"_links":{"self":[{"href":"https:\/\/www.raccontinellarete.it\/index.php?rest_route=\/wp\/v2\/posts\/49980"}],"collection":[{"href":"https:\/\/www.raccontinellarete.it\/index.php?rest_route=\/wp\/v2\/posts"}],"about":[{"href":"https:\/\/www.raccontinellarete.it\/index.php?rest_route=\/wp\/v2\/types\/post"}],"author":[{"embeddable":true,"href":"https:\/\/www.raccontinellarete.it\/index.php?rest_route=\/wp\/v2\/users\/3"}],"replies":[{"embeddable":true,"href":"https:\/\/www.raccontinellarete.it\/index.php?rest_route=%2Fwp%2Fv2%2Fcomments&post=49980"}],"version-history":[{"count":7,"href":"https:\/\/www.raccontinellarete.it\/index.php?rest_route=\/wp\/v2\/posts\/49980\/revisions"}],"predecessor-version":[{"id":49992,"href":"https:\/\/www.raccontinellarete.it\/index.php?rest_route=\/wp\/v2\/posts\/49980\/revisions\/49992"}],"wp:featuredmedia":[{"embeddable":true,"href":"https:\/\/www.raccontinellarete.it\/index.php?rest_route=\/wp\/v2\/media\/49981"}],"wp:attachment":[{"href":"https:\/\/www.raccontinellarete.it\/index.php?rest_route=%2Fwp%2Fv2%2Fmedia&parent=49980"}],"wp:term":[{"taxonomy":"category","embeddable":true,"href":"https:\/\/www.raccontinellarete.it\/index.php?rest_route=%2Fwp%2Fv2%2Fcategories&post=49980"},{"taxonomy":"post_tag","embeddable":true,"href":"https:\/\/www.raccontinellarete.it\/index.php?rest_route=%2Fwp%2Fv2%2Ftags&post=49980"}],"curies":[{"name":"wp","href":"https:\/\/api.w.org\/{rel}","templated":true}]}}