{"id":49944,"date":"2022-09-09T11:58:16","date_gmt":"2022-09-09T10:58:16","guid":{"rendered":"http:\/\/www.raccontinellarete.it\/?p=49944"},"modified":"2022-09-10T19:38:54","modified_gmt":"2022-09-10T18:38:54","slug":"ciak-si-gira-a-lucca-il-corto-quando-una-storia-e-solo-una-storia","status":"publish","type":"post","link":"https:\/\/www.raccontinellarete.it\/?p=49944","title":{"rendered":"Ciak, si gira a Lucca il corto &#8220;Quando una storia \u00e8 solo una storia&#8221;"},"content":{"rendered":"\n<p><strong>Sabato 10 settembre sulle Mura di Lucca si gireranno le scene principali del corto &#8220;Quando una storia \u00e8 solo una storia&#8221;, tratto dal soggetto dello sceneggiatore di Lendinara (Rovigo) Nicola Buoso, vincitore della sezione corti del premio Racconti nella Rete 2022.<\/strong><\/p>\n\n\n\n<p>\u201cIl racconto \u00e8 una storia \u201csemplice\u201d \u2013&nbsp;<em>dice Nicola Buoso.&nbsp;&nbsp;<\/em>&nbsp;&#8220;Grazie alla regia di<strong>&nbsp;Giuseppe Ferlito&nbsp;<\/strong>ed agli attori della&nbsp;<strong>Scuola di Cinema Immagina<\/strong>, sono sicuro che il mio soggetto consentir\u00e0 di fare un salto nel passato, alle fondamenta del cinema, dove le storie erano \u201craccontate\u201d dalle didascalie scritte nei cartelli&#8221;.<\/p>\n\n\n\n<p>&#8220;Trame che accompagnavano una recitazione in cui gli attori \u201cparlavano\u201d solo con i gesti e l\u2019espressivit\u00e0 dei loro volti: era il cinema muto e in bianco e nero.&nbsp; In un\u2019epoca, come la nostra, in cui, spesso, chi guarda un film viene privato dal coltivare la propria immaginazione perch\u00e9 le sue fonti di ispirazione, e cio\u00e8 le immagini e la storia oggetto della pellicola, sono talmente sature di effetti speciali, tecnologia e luoghi comuni, guardare invece un film com\u2019era al principio del cinema, potrebbe rappresentare un\u2019utile discontinuit\u00e0 di pensiero, facendo scoccare quella scintilla che riaccende il fuoco di quelle emozioni che solo un film pu\u00f2 dare e da cui si pu\u00f2 attingere per coltivare la propria fantasia e accrescere la propria sensibilit\u00e0.\u201d<\/p>\n\n\n\n<p>Il corto prodotto da <strong>LuccAutori<\/strong> con la collaborazione della <strong>Scuola di Cinema Immagina, <\/strong>vede la regia&nbsp; di&nbsp;<strong>Giuseppe Ferlito<\/strong>. La troupe \u00e8 composta da&nbsp;Massimiliano Nocco,&nbsp;Andrea Fantini, Luigi Mennella, Seif Bibari, Viorica Goltiescu, Simone Floreani e Gloria Tonini. <\/p>\n\n\n\n<p>La proiezione in anteprima assoluta avr\u00e0 luogo&nbsp;<strong>sabato 1 ottobre alle 16.30 presso Villa Bottini di Lucca in occasione della 28^ edizione del Festival LuccAutori \u2013 Premio Racconti nella Rete.<\/strong><\/p>\n\n\n\n<figure class=\"wp-block-image size-large\"><img loading=\"lazy\" decoding=\"async\" width=\"1024\" height=\"768\" src=\"https:\/\/www.raccontinellarete.it\/301\/wp-content\/uploads\/2022\/09\/20211002_1032440-1024x768.jpg\" alt=\"\" class=\"wp-image-49945\" srcset=\"https:\/\/www.raccontinellarete.it\/301\/wp-content\/uploads\/2022\/09\/20211002_1032440-1024x768.jpg 1024w, https:\/\/www.raccontinellarete.it\/301\/wp-content\/uploads\/2022\/09\/20211002_1032440-333x250.jpg 333w, https:\/\/www.raccontinellarete.it\/301\/wp-content\/uploads\/2022\/09\/20211002_1032440-768x576.jpg 768w, https:\/\/www.raccontinellarete.it\/301\/wp-content\/uploads\/2022\/09\/20211002_1032440-1536x1152.jpg 1536w, https:\/\/www.raccontinellarete.it\/301\/wp-content\/uploads\/2022\/09\/20211002_1032440-2048x1536.jpg 2048w\" sizes=\"(max-width: 1024px) 100vw, 1024px\" \/><\/figure>\n<div class=\"pvc_clear\"><\/div><p id=\"pvc_stats_49944\" class=\"pvc_stats all  \" data-element-id=\"49944\" style=\"\"><i class=\"pvc-stats-icon medium\" aria-hidden=\"true\"><svg aria-hidden=\"true\" focusable=\"false\" data-prefix=\"far\" data-icon=\"chart-bar\" role=\"img\" xmlns=\"http:\/\/www.w3.org\/2000\/svg\" viewBox=\"0 0 512 512\" class=\"svg-inline--fa fa-chart-bar fa-w-16 fa-2x\"><path fill=\"currentColor\" d=\"M396.8 352h22.4c6.4 0 12.8-6.4 12.8-12.8V108.8c0-6.4-6.4-12.8-12.8-12.8h-22.4c-6.4 0-12.8 6.4-12.8 12.8v230.4c0 6.4 6.4 12.8 12.8 12.8zm-192 0h22.4c6.4 0 12.8-6.4 12.8-12.8V140.8c0-6.4-6.4-12.8-12.8-12.8h-22.4c-6.4 0-12.8 6.4-12.8 12.8v198.4c0 6.4 6.4 12.8 12.8 12.8zm96 0h22.4c6.4 0 12.8-6.4 12.8-12.8V204.8c0-6.4-6.4-12.8-12.8-12.8h-22.4c-6.4 0-12.8 6.4-12.8 12.8v134.4c0 6.4 6.4 12.8 12.8 12.8zM496 400H48V80c0-8.84-7.16-16-16-16H16C7.16 64 0 71.16 0 80v336c0 17.67 14.33 32 32 32h464c8.84 0 16-7.16 16-16v-16c0-8.84-7.16-16-16-16zm-387.2-48h22.4c6.4 0 12.8-6.4 12.8-12.8v-70.4c0-6.4-6.4-12.8-12.8-12.8h-22.4c-6.4 0-12.8 6.4-12.8 12.8v70.4c0 6.4 6.4 12.8 12.8 12.8z\" class=\"\"><\/path><\/svg><\/i> <img loading=\"lazy\" decoding=\"async\" width=\"16\" height=\"16\" alt=\"Loading\" src=\"https:\/\/www.raccontinellarete.it\/301\/wp-content\/plugins\/page-views-count\/ajax-loader-2x.gif\" border=0 \/><\/p><div class=\"pvc_clear\"><\/div>","protected":false},"excerpt":{"rendered":"<p>Sabato 10 settembre sulle Mura di Lucca si gireranno le scene principali del corto &#8220;Quando una storia \u00e8 solo una storia&#8221;, tratto dal soggetto dello sceneggiatore di Lendinara (Rovigo) Nicola Buoso, vincitore della sezione corti del premio Racconti nella Rete 2022. \u201cIl racconto \u00e8 una storia \u201csemplice\u201d \u2013&nbsp;dice Nicola Buoso.&nbsp;&nbsp;&nbsp;&#8220;Grazie alla regia di&nbsp;Giuseppe Ferlito&nbsp;ed agli [&hellip;]<\/p>\n<div class=\"pvc_clear\"><\/div>\n<p id=\"pvc_stats_49944\" class=\"pvc_stats all  \" data-element-id=\"49944\" style=\"\"><i class=\"pvc-stats-icon medium\" aria-hidden=\"true\"><svg aria-hidden=\"true\" focusable=\"false\" data-prefix=\"far\" data-icon=\"chart-bar\" role=\"img\" xmlns=\"http:\/\/www.w3.org\/2000\/svg\" viewBox=\"0 0 512 512\" class=\"svg-inline--fa fa-chart-bar fa-w-16 fa-2x\"><path fill=\"currentColor\" d=\"M396.8 352h22.4c6.4 0 12.8-6.4 12.8-12.8V108.8c0-6.4-6.4-12.8-12.8-12.8h-22.4c-6.4 0-12.8 6.4-12.8 12.8v230.4c0 6.4 6.4 12.8 12.8 12.8zm-192 0h22.4c6.4 0 12.8-6.4 12.8-12.8V140.8c0-6.4-6.4-12.8-12.8-12.8h-22.4c-6.4 0-12.8 6.4-12.8 12.8v198.4c0 6.4 6.4 12.8 12.8 12.8zm96 0h22.4c6.4 0 12.8-6.4 12.8-12.8V204.8c0-6.4-6.4-12.8-12.8-12.8h-22.4c-6.4 0-12.8 6.4-12.8 12.8v134.4c0 6.4 6.4 12.8 12.8 12.8zM496 400H48V80c0-8.84-7.16-16-16-16H16C7.16 64 0 71.16 0 80v336c0 17.67 14.33 32 32 32h464c8.84 0 16-7.16 16-16v-16c0-8.84-7.16-16-16-16zm-387.2-48h22.4c6.4 0 12.8-6.4 12.8-12.8v-70.4c0-6.4-6.4-12.8-12.8-12.8h-22.4c-6.4 0-12.8 6.4-12.8 12.8v70.4c0 6.4 6.4 12.8 12.8 12.8z\" class=\"\"><\/path><\/svg><\/i> <img loading=\"lazy\" decoding=\"async\" width=\"16\" height=\"16\" alt=\"Loading\" src=\"https:\/\/www.raccontinellarete.it\/301\/wp-content\/plugins\/page-views-count\/ajax-loader-2x.gif\" border=0 \/><\/p>\n<div class=\"pvc_clear\"><\/div>\n","protected":false},"author":3,"featured_media":49952,"comment_status":"open","ping_status":"closed","sticky":false,"template":"","format":"standard","meta":{"footnotes":""},"categories":[87,547,543,5],"tags":[],"class_list":["post-49944","post","type-post","status-publish","format-standard","has-post-thumbnail","hentry","category-comunicato-stampa","category-f-o-r-u-m","category-forum-di-racconti-nella-rete","category-racconti-nella-rete"],"_links":{"self":[{"href":"https:\/\/www.raccontinellarete.it\/index.php?rest_route=\/wp\/v2\/posts\/49944"}],"collection":[{"href":"https:\/\/www.raccontinellarete.it\/index.php?rest_route=\/wp\/v2\/posts"}],"about":[{"href":"https:\/\/www.raccontinellarete.it\/index.php?rest_route=\/wp\/v2\/types\/post"}],"author":[{"embeddable":true,"href":"https:\/\/www.raccontinellarete.it\/index.php?rest_route=\/wp\/v2\/users\/3"}],"replies":[{"embeddable":true,"href":"https:\/\/www.raccontinellarete.it\/index.php?rest_route=%2Fwp%2Fv2%2Fcomments&post=49944"}],"version-history":[{"count":4,"href":"https:\/\/www.raccontinellarete.it\/index.php?rest_route=\/wp\/v2\/posts\/49944\/revisions"}],"predecessor-version":[{"id":49953,"href":"https:\/\/www.raccontinellarete.it\/index.php?rest_route=\/wp\/v2\/posts\/49944\/revisions\/49953"}],"wp:featuredmedia":[{"embeddable":true,"href":"https:\/\/www.raccontinellarete.it\/index.php?rest_route=\/wp\/v2\/media\/49952"}],"wp:attachment":[{"href":"https:\/\/www.raccontinellarete.it\/index.php?rest_route=%2Fwp%2Fv2%2Fmedia&parent=49944"}],"wp:term":[{"taxonomy":"category","embeddable":true,"href":"https:\/\/www.raccontinellarete.it\/index.php?rest_route=%2Fwp%2Fv2%2Fcategories&post=49944"},{"taxonomy":"post_tag","embeddable":true,"href":"https:\/\/www.raccontinellarete.it\/index.php?rest_route=%2Fwp%2Fv2%2Ftags&post=49944"}],"curies":[{"name":"wp","href":"https:\/\/api.w.org\/{rel}","templated":true}]}}