{"id":49921,"date":"2022-08-29T18:29:30","date_gmt":"2022-08-29T17:29:30","guid":{"rendered":"http:\/\/www.raccontinellarete.it\/?p=49921"},"modified":"2022-09-01T18:31:04","modified_gmt":"2022-09-01T17:31:04","slug":"programma-generale-luccautori-2022","status":"publish","type":"post","link":"https:\/\/www.raccontinellarete.it\/?p=49921","title":{"rendered":"Programma generale LuccAutori 2022"},"content":{"rendered":"\n<p><strong>28\u00b0 FESTIVAL LUCCAUTORI \u2013 21\u00b0 PREMIO LETTERARIO RACCONTI NELLA RETE<\/strong><\/p>\n\n\n\n<p><strong>Lucca, 17&nbsp; SETTEMBRE \u2013 2 OTTOBRE 2022<\/strong><\/p>\n\n\n\n<p><strong>ENRICO VANZINA, GIORDANO BRUNO GUERRI, ERALDO AFFINATI, MELANIA SORIANI, ELEONORA SOTTILI, MARCO FRITTELLA, PIETRANGELO BUTTAFUOCO, BRUNO BOZZETTO, SERGIO STAINO, sono alcuni tra i protagonisti\u00a0 della 28^ edizione del festival LuccAutori, anche quest\u2019anno abbinato alla ventunesima edizione del Premio Letterario Racconti nella Rete. <\/strong>Direzione artistica\u00a0 di <strong>Demetrio Brandi,\u00a0 <\/strong>conduce gli incontri\u00a0 <strong>Maria Elena Marchini.<\/strong><\/p>\n\n\n\n<p><strong>Il festival LuccAutori \u00e8 sostenuto dal Comune di Lucca, con il patrocinio della Regione Toscana, Provincia di Lucca, RAI, sotto gli auspici del Centro per il libro e la cultura, Biblioteche di Roma. <\/strong>Proseguono le importanti collaborazioni culturali con la<strong> Fondazione Mario Tobino, Rotary Club Lucca, Fondazione Giovanni Pascoli, Cesvot, Strada del vino e dell\u2019olio di Lucca, Montecarlo e Versilia, Italian Digital Revolution, giornale Budu\u00e0r, premio letterario Casin\u00f2 di Sanremo \u201cAntonio Semeria\u201d. <\/strong>E con il contributo della<strong> Fondazione Banca del Monte di Lucca, Fondazione Cassa di Risparmio di Lucca, Unicoopfirenze, Caff\u00e8 Incas.<\/strong><\/p>\n\n\n\n<p>\u201cLuccAutori festeggia i ventuno anni di Racconti nella Rete\u201d \u2013 <em>dice il presidente del festival e del premio Racconti nella Rete, Demetrio Brandi.<\/em>&nbsp; \u201cUn festival, LuccAutori, nato a Lucca nel 1994, &nbsp;che ha dato una ribalta a tanti scrittori e che in oltre vent\u2019anni ha fatto incontrare gli autori premiati con i protagonisti della vita culturale e artistica del Paese. <strong>Racconti nella Rete \u00e8 &nbsp;ormai considerato il pi\u00f9 grande premio nazionale per inediti online<\/strong>.&nbsp; Per chi non potr\u00e0 venire a Lucca \u2013 <em>conclude Brandi<\/em> \u2013 ci sar\u00e0 la possibilit\u00e0 di assistere agli eventi in diretta streaming sulla pagina youtube <strong>Live Love Lucca <\/strong>del Comune di Lucca.\u201d<\/p>\n\n\n\n<p><strong>Il premio letterario Racconti nella Rete, organizzato nel sito <a href=\"https:\/\/www.raccontinellarete.it\/\">www.raccontinellarete.it<\/a>, vede la pubblicazione dei 25 racconti vincitori in una antologia edita da Castelvecchi<\/strong>,&nbsp; che sar\u00e0 presentata in anteprima al festival LuccAutori.&nbsp; Il disegno dell\u2019antologia \u00e8 stata realizzato da <strong>MILKO DALLA BATTISTA<\/strong> che sar\u00e0 anche protagonista di un incontro con il pubblico e gli studenti inserito nelle Occasioni Tobiniane<strong>.&nbsp;<\/strong><\/p>\n\n\n\n<p><strong>Il festival letterario \u00e8 in programma dal 17 settembre al 2 ottobre.<\/strong>&nbsp; Il calendario prevede gli&nbsp; incontri con i vincitori del premio <strong>Racconti nella Rete<\/strong> (venticinque scrittori da tutta Italia) e con noti personaggi del mondo della cultura e dello spettacolo.&nbsp; Si terranno presso <strong>Biblioteca civica Agor\u00e0, Palazzo Bernardini,&nbsp; Villa Bottini, Cinema Roma a Barga.<\/strong><\/p>\n\n\n\n<p><strong>In apertura del festival, sabato 17 settembre alle 10 alla Biblioteca Agor\u00e0, la scrittrice e docente ELEONORA SOTTILI, incontrer\u00e0 i partecipanti ai corsi di scrittura organizzati da LuccAutori. Nell&#8217;occasione si parler\u00e0 del suo libro \u201cSenti che vento\u201d edito da Einaudi. <\/strong>Conducono Demetrio Brandi ed Elena Marchini<\/p>\n\n\n\n<p><strong>VILLA BOTTINI &#8211;&nbsp; <\/strong>Sabato 1 ottobre alle 18&nbsp; \u00e8&nbsp; in programma l&#8217;incontro con<strong> MARCO FRITTELLA, giornalista e scrittore, direttore di RAI LIBRI. Fritella presenta il libro \u201cL&#8217;oro d&#8217;Italia\u201d. Interviene Elena Marchini.&nbsp; Sempre a Villa Bottini&nbsp; <\/strong>protagonista dell\u2019incontro di domenica 2 ottobre alle 18 sar\u00e0 lo scrittore <strong>PIETRANGELO BUTTAFUOCO<\/strong>. Presenta il libro \u201cSono cose che passsano\u201d (La nave di Teseo). Interviene Elena Marchini.<\/p>\n\n\n\n<p><strong>MOSTRE \u2013 Villa Bottini&nbsp;&nbsp;&nbsp; <\/strong>Anche quest\u2019anno grande attenzione viene rivolta ai giovani, coinvolti nel programma del festival per la mostra \u201c<strong>RACCONTI A COLORI<\/strong>\u201d (<strong>inaugurazione sabato 24 settembre alle 11 a Villa Bottini<\/strong>).&nbsp; Prima dell&#8217;inaugurazione, \u00e8 in programma la presentazione del libro di <strong>MELANIA SORIANI <\/strong>dal titolo &#8220;Bly&#8221; (Mondadori)<strong>.&nbsp;<\/strong> La mostra vedr\u00e0 la partecipazione degli <strong>studenti del liceo artistico PASSAGLIA, <\/strong>impegnati nel realizzare i disegni ispirati ai 25 racconti vincitori del premio Racconti nella Rete.&nbsp; I premi saranno assegnati dagli artisti&nbsp; <strong>Massimo Cantini, Andrea Granchi <\/strong>e<strong> Stefano Carlo Vecoli<\/strong>. Per i primi tre disegni classificati saranno assegnati dei buoni per l&#8217;acquisto di libri offerti da&nbsp;&nbsp;<strong>Unicoopfirenze, sezione soci Lucca<\/strong>.&nbsp;&nbsp;In contemporanea, <strong>sempre sabato 24 settembre<\/strong>, sar\u00e0 allestita nelle sale di Villa Bottini una mostra molto interessante dal titolo <strong>&#8220;QUEI CARI RACCONTI DI UNA VOLTA&#8221;<\/strong> con disegni di importanti artisti contemporanei. Ci sar\u00e0 anche un spazio riservato a&nbsp;<strong>PIER PAOLO PASOLINI<\/strong> in occasione dei cento anni dalla nascita. Tra le opere in mostra quelle di <strong>Sergio Staino, Bruno Bozzetto, Lido Contemori, Massimo Cavezzali, Giuliano Rossetti e Marco De Angelis. <\/strong>A cura di <strong>Stefano Giraldi.<\/strong><\/p>\n\n\n\n<p><strong>BARGA \u2013 FONDAZIONE GIOVANNI PASCOLI&nbsp; &#8211;&nbsp; Il regista e sceneggiatore ENRICO VANZINA mercoled\u00ec 28 settembre&nbsp; alle 10 presso lo storico Cinema Roma di Barga, <\/strong>terr\u00e0 un incontro con gli studenti delle scuole cittadine partendo dalla genialit\u00e0 del poeta<strong> Giovanni Pascoli, <\/strong>narratore dell\u2019avvenire. Vanzina ha scritto un libro molto interessante dal titolo <strong>DIARIO DIURNO<\/strong> edito da HarperCollins. L&#8217;incontro viene organizzato in collaborazione con la <strong>Fondazione&nbsp; Giovanni Pascoli. Intervengono Demetrio Brandi, presidente di LuccAutori, ed il presidente della Fondazione Pascoli, AlessandroAdami.<\/strong><\/p>\n\n\n\n<p><strong>Gioved\u00ec 29 settembre alle 18.30 presso la sala conferenze di PALAZZO BERNARDINI <\/strong>incontro con <strong>GIORDANO BRUNO GUERRI <\/strong>che parler\u00e0 della figura di <strong>Ernesto Buonaiuti<\/strong>, protagonista del libro <strong>ERETICO O SANTO<\/strong> (La Nave di Teseo). In collaborazione con <strong>ROTARY CLUB LUCCA <\/strong>e con il patrocinio di <strong>Unipop Pistoia.&nbsp;<\/strong>Intervengono il presidente del<strong> Rotary club Lucca, Gualtiero Pachetti, il giornalista Mario Bernardi Guardi e Demetrio Brandi, presidente di LuccAutori.<\/strong><\/p>\n\n\n\n<p><strong>OCCASIONI TOBINIANE &#8211;&nbsp; <\/strong>Gli incontri con gli studenti delle scuole medie e superiori dal titolo<strong> \u201cOccasioni Tobiniane\u201d sono in programma giovedi 29 settembre alle 10 e sabato 1 ottobre alle 10 a&nbsp; Villa Bottini.<\/strong><\/p>\n\n\n\n<p>Sono organizzati in collaborazione con la<strong> Fondazione Mario Tobino.&nbsp; <\/strong>Gioved\u00ec 29 settembre alle 10 \u00e8 in programma l\u2019incontro con <strong>ERALDO AFFINATI<\/strong> che presenter\u00e0 il libro <strong>IL VANGELO DEGLI ANGELI <\/strong>(HarperCollins)<strong>. <\/strong>Un libro emozionante che ripercorre la vita di Ges\u00f9, anche dal punto di vista&nbsp;<em>degli angeli.<\/em><\/p>\n\n\n\n<p>Le <strong>Occasioni Tobiniane<\/strong> ritornano sabato 1 ottobre alle 10 con l&#8217;atteso intervento di <strong>MILKO DALLA BATTISTA<\/strong> , disegnatore umoristico e satirico, autore della copertina 2022 dell&#8217;antologia Racconti nella Rete. Insieme a lui gli illustratori <strong>MARCO DE ANGELIS, DINO ALOI e ALESSANDRO PREVOSTO <\/strong>del giornale <strong>BUDUAR<\/strong>, almanacco dell&#8217;arte leggera. Con la partecipazione straordinaria di <strong>BRUNO BOZZETTO<\/strong> che ritorna dopo il grande successo dello scorso anno. Poi spazio al cantautore <strong>EDOARDO DE ANGELIS.&nbsp;&nbsp;<\/strong>A conclusione dell&#8217;appuntamento&nbsp; saranno premiati&nbsp; da <strong>ISABELLA TOBINO&nbsp; e ELDA CARLOTTI<\/strong> i ragazzi vincitori della <strong>XVI edizione&nbsp; del Premio Mario Tobino.<\/strong>&nbsp; &nbsp;&nbsp;<\/p>\n\n\n\n<p><strong>RACCONTI PER CORTI<\/strong> &#8211; Nel pomeriggio di sabato 1 ottobre, alle 16.30,&nbsp; presso l\u2019Auditorium San Romano \u2013 prima della premiazione degli autori vincitori di Racconti nella Rete &#8211; proietteremo il CORTOMETRAGGIO&nbsp; tratto dal soggetto del vincitore della sezione corti, dal titolo <strong>\u201cQuando una storia \u00e8 solo una storia\u201d, scritto dallo sceneggiatore NICOLA BUOSO<\/strong>. La produzione \u00e8 di LuccAutori e Scuola di Cinema Immagina di Firenze. La regia \u00e8 di Giuseppe Ferlito.&nbsp;<\/p>\n\n\n\n<p><strong>RACCONTI NELLA RETE:<\/strong> &nbsp;Sabato 1 ottobre alle 17 presso la sala conferenze di Villa Bottini sar\u00e0 assegnato il&nbsp;&nbsp;<strong>Premio AIDR&nbsp; Italian Digital Revolution a ALESSIO MANFREDI SELVAGGI <\/strong>il pi\u00f9 giovane vincitore di questa edizione.&nbsp; Interviene&nbsp; <strong>MAURO NICASTRI<\/strong>,&nbsp; presidente di Aidr.&nbsp; Domenica 2 ottobre alle 17&nbsp;<strong>CHIARA PARDINI<\/strong> <strong>ricever\u00e0 il premio Budu\u00e0r per il miglior racconto umoristico<\/strong>. Consegnano il premio <strong>DINO ALOI, ALESSANDRO PREVOSTO E MARCO DE ANGELIS. <\/strong>La scultura in ardesia \u00e8 opera dell\u2019artista <strong>LAURA LAPIS<\/strong>.&nbsp;<\/p>\n\n\n\n<p><strong>PREMIAZIONI VINCITORI RACCONTI NELLA RETE<\/strong>\u2013 <strong>A VILLA BOTTINI<\/strong> <strong>sabato 1 ottobre alle 16,30, e&nbsp; domenica 2 ottobre sempre alle 16.30, sono in programma&nbsp; le&nbsp; premiazioni dei vincitori della 21^ edizione di&nbsp; Racconti nella Rete<\/strong>. Conduce Maria Elena Marchini. Intervento musicale di Giuseppe Sanalitro. Letture di Mario Cenni, Fabio Dostuni e Antonella Lucii. &nbsp;&nbsp;<\/p>\n\n\n\n<p><strong>Questo l\u2019elenco dei 25 vincitori del PREMIO RACCONTI NELLA RETE 2022&nbsp; &nbsp;&#8211;&nbsp;&nbsp;<\/strong><strong>SABATO 1 OTTOBRE ore 16.30 Villa Bottini \u2013 <\/strong>Nicola Buoso (premiato per il corto \u201cQuando una storia \u00e8 solo una storia\u201d) Alberto Bassetto, Lucia Corsale, Miriam De Marco, Gabriella Gera, Maria Luisa la Rosa, Alessio Manfredi Selvaggi \u2013 premio AIDR, Marco Ruggiero, Stefania Salvi, Irene Schiesaro, Riccardo Scafati, Federica Codeb\u00f2, Oscar Tison.&nbsp;&nbsp;<strong>DOMENICA 2 OTTOBRE ore 16.30 Villa Bottini \u2013 <\/strong>GianMarco Cellini, Gabriella Cirillo, Cesare Cuscianna, Silvia Rivolta, Marzia Santella, Leonardo Schiavone, Antonella Landi, Moreno Mojana, Benedetta Scafa, Paola Zaldera, Arianna Lumare, Chiara Pardini \u2013 premio BUDUAR, Maria Cristina Peruzzini.<\/p>\n\n\n\n<p><strong><u>RAI<\/u><\/strong><strong> <\/strong>&nbsp;&#8211; Anche quest\u2019anno grazie al patrocinio della RAI, il festival sar\u00e0 presente in varie trasmissioni e nei TG delle varie testate della Rai. Sar\u00e0 inoltre realizzato uno speciale della trasmissione SAVE THE DATE di Rai Cinque e SPAZIO LIBERO di Rai Parlamento. LuccAutori, con la regia di Luca Martinelli, produrr\u00e0 un video che sar\u00e0 distribuito a vari circuiti televisivi.&nbsp;<\/p>\n\n\n\n<p><strong>La 21^ edizione del premio RACCONTI NELLA RETE parte ad ottobre nel sito <a href=\"https:\/\/www.raccontinellarete.it\/\">www.raccontinellarete.it<\/a>&nbsp; <\/strong>Una antologia&nbsp; che negli anni \u00e8 stata il nostro biglietto da visita con presentazioni in molte librerie d\u2019Italia e che ha partecipato alle pi\u00f9 importanti rassegne letterarie come il Salone Internazionale del Libro di Torino e \u201cPi\u00f9 libri pi\u00f9 liberi\u201d di Roma.&nbsp;&nbsp; Nutrita anche la rassegna stampa, con articoli e recensioni sui principali quotidiani e periodici nazionali. Numerosi anche i passaggi radio e televisivi con gli speciali a cura di Radio Rai e Rai Parlamento.<\/p>\n\n\n\n<p>Oltre agli scrittori esordienti, in questi anni LuccAutori ha ospitato grandi personaggi del mondo della cultura e dello spettacolo come Dacia Maraini, Lidia Ravera, Sergio Zavoli, Vittorino Andreoli, Alda Merini, Arrigo Petacco, Alain Elkann, Maurizio Maggiani, Piero Badaloni, Francesco Alberoni, Pino Caruso, Barbara Alberti, Bruno Lauzi, Antonio Caprarica, Enrico Vaime, Irene Pivetti, Ugo Gregoretti, Sveva Casati Modignani, Giordano Bruno Guerri, Gianluca Grignani, Silvio Muccino, Stefano Zecchi, Piero Angela, Francesco Guccini, Enrico Vanzina, Roberto Vecchioni, Roberto Giacobbo, Giancarlo Governi, Maurizio Nichetti, Alberto Matano, Osvaldo Bevilacqua, Bruno Gambarotta, Lello Arena, Carlo Cottarelli, Michele Cucuzza, Francesco Sabatini, CarloVerdone.<\/p>\n\n\n\n<p>Per informazioni sul programma di LuccAutori&nbsp; e per partecipare al 20\u00b0 premio Racconti nella Rete vedere il sito <strong>ww.raccontinellarete.it&nbsp; &#8211; tel. 0584 651874.<\/strong>&nbsp;<\/p>\n\n\n\n<figure class=\"wp-block-image size-large\"><img loading=\"lazy\" decoding=\"async\" width=\"717\" height=\"1024\" src=\"https:\/\/www.raccontinellarete.it\/301\/wp-content\/uploads\/2022\/08\/eleonora-sottili-cartello-717x1024.jpg\" alt=\"\" class=\"wp-image-49924\" srcset=\"https:\/\/www.raccontinellarete.it\/301\/wp-content\/uploads\/2022\/08\/eleonora-sottili-cartello-717x1024.jpg 717w, https:\/\/www.raccontinellarete.it\/301\/wp-content\/uploads\/2022\/08\/eleonora-sottili-cartello-175x250.jpg 175w, https:\/\/www.raccontinellarete.it\/301\/wp-content\/uploads\/2022\/08\/eleonora-sottili-cartello-768x1097.jpg 768w, https:\/\/www.raccontinellarete.it\/301\/wp-content\/uploads\/2022\/08\/eleonora-sottili-cartello-1075x1536.jpg 1075w, https:\/\/www.raccontinellarete.it\/301\/wp-content\/uploads\/2022\/08\/eleonora-sottili-cartello.jpg 1400w\" sizes=\"(max-width: 717px) 100vw, 717px\" \/><\/figure>\n\n\n\n<figure class=\"wp-block-image size-large\"><img loading=\"lazy\" decoding=\"async\" width=\"717\" height=\"1024\" src=\"https:\/\/www.raccontinellarete.it\/301\/wp-content\/uploads\/2022\/08\/melania-soriani-cartello-1-717x1024.jpg\" alt=\"\" class=\"wp-image-49933\" srcset=\"https:\/\/www.raccontinellarete.it\/301\/wp-content\/uploads\/2022\/08\/melania-soriani-cartello-1-717x1024.jpg 717w, https:\/\/www.raccontinellarete.it\/301\/wp-content\/uploads\/2022\/08\/melania-soriani-cartello-1-175x250.jpg 175w, https:\/\/www.raccontinellarete.it\/301\/wp-content\/uploads\/2022\/08\/melania-soriani-cartello-1-768x1097.jpg 768w, https:\/\/www.raccontinellarete.it\/301\/wp-content\/uploads\/2022\/08\/melania-soriani-cartello-1-1075x1536.jpg 1075w, https:\/\/www.raccontinellarete.it\/301\/wp-content\/uploads\/2022\/08\/melania-soriani-cartello-1.jpg 1400w\" sizes=\"(max-width: 717px) 100vw, 717px\" \/><\/figure>\n\n\n\n<figure class=\"wp-block-image size-large\"><img loading=\"lazy\" decoding=\"async\" width=\"717\" height=\"1024\" src=\"https:\/\/www.raccontinellarete.it\/301\/wp-content\/uploads\/2022\/08\/locandina-Vanzina-28-settembre-2022-Barga-717x1024.jpg\" alt=\"\" class=\"wp-image-49925\" srcset=\"https:\/\/www.raccontinellarete.it\/301\/wp-content\/uploads\/2022\/08\/locandina-Vanzina-28-settembre-2022-Barga-717x1024.jpg 717w, https:\/\/www.raccontinellarete.it\/301\/wp-content\/uploads\/2022\/08\/locandina-Vanzina-28-settembre-2022-Barga-175x250.jpg 175w, https:\/\/www.raccontinellarete.it\/301\/wp-content\/uploads\/2022\/08\/locandina-Vanzina-28-settembre-2022-Barga-768x1097.jpg 768w, https:\/\/www.raccontinellarete.it\/301\/wp-content\/uploads\/2022\/08\/locandina-Vanzina-28-settembre-2022-Barga-1075x1536.jpg 1075w, https:\/\/www.raccontinellarete.it\/301\/wp-content\/uploads\/2022\/08\/locandina-Vanzina-28-settembre-2022-Barga.jpg 1120w\" sizes=\"(max-width: 717px) 100vw, 717px\" \/><\/figure>\n\n\n\n<figure class=\"wp-block-image size-large\"><img loading=\"lazy\" decoding=\"async\" width=\"717\" height=\"1024\" src=\"https:\/\/www.raccontinellarete.it\/301\/wp-content\/uploads\/2022\/08\/Eraldo-Affinati-cartello-1-717x1024.jpg\" alt=\"\" class=\"wp-image-49926\" srcset=\"https:\/\/www.raccontinellarete.it\/301\/wp-content\/uploads\/2022\/08\/Eraldo-Affinati-cartello-1-717x1024.jpg 717w, https:\/\/www.raccontinellarete.it\/301\/wp-content\/uploads\/2022\/08\/Eraldo-Affinati-cartello-1-175x250.jpg 175w, https:\/\/www.raccontinellarete.it\/301\/wp-content\/uploads\/2022\/08\/Eraldo-Affinati-cartello-1-768x1097.jpg 768w, https:\/\/www.raccontinellarete.it\/301\/wp-content\/uploads\/2022\/08\/Eraldo-Affinati-cartello-1-1075x1536.jpg 1075w, https:\/\/www.raccontinellarete.it\/301\/wp-content\/uploads\/2022\/08\/Eraldo-Affinati-cartello-1.jpg 1400w\" sizes=\"(max-width: 717px) 100vw, 717px\" \/><\/figure>\n\n\n\n<figure class=\"wp-block-image size-large\"><img loading=\"lazy\" decoding=\"async\" width=\"717\" height=\"1024\" src=\"https:\/\/www.raccontinellarete.it\/301\/wp-content\/uploads\/2022\/08\/giordano-bruno-guerri-cartello-717x1024.jpg\" alt=\"\" class=\"wp-image-49927\" srcset=\"https:\/\/www.raccontinellarete.it\/301\/wp-content\/uploads\/2022\/08\/giordano-bruno-guerri-cartello-717x1024.jpg 717w, https:\/\/www.raccontinellarete.it\/301\/wp-content\/uploads\/2022\/08\/giordano-bruno-guerri-cartello-175x250.jpg 175w, https:\/\/www.raccontinellarete.it\/301\/wp-content\/uploads\/2022\/08\/giordano-bruno-guerri-cartello-768x1097.jpg 768w, https:\/\/www.raccontinellarete.it\/301\/wp-content\/uploads\/2022\/08\/giordano-bruno-guerri-cartello-1075x1536.jpg 1075w, https:\/\/www.raccontinellarete.it\/301\/wp-content\/uploads\/2022\/08\/giordano-bruno-guerri-cartello.jpg 1400w\" sizes=\"(max-width: 717px) 100vw, 717px\" \/><\/figure>\n\n\n\n<figure class=\"wp-block-image size-large\"><img loading=\"lazy\" decoding=\"async\" width=\"717\" height=\"1024\" src=\"https:\/\/www.raccontinellarete.it\/301\/wp-content\/uploads\/2022\/08\/marco-frittella-cartello-717x1024.jpg\" alt=\"\" class=\"wp-image-49928\" srcset=\"https:\/\/www.raccontinellarete.it\/301\/wp-content\/uploads\/2022\/08\/marco-frittella-cartello-717x1024.jpg 717w, https:\/\/www.raccontinellarete.it\/301\/wp-content\/uploads\/2022\/08\/marco-frittella-cartello-175x250.jpg 175w, https:\/\/www.raccontinellarete.it\/301\/wp-content\/uploads\/2022\/08\/marco-frittella-cartello-768x1097.jpg 768w, https:\/\/www.raccontinellarete.it\/301\/wp-content\/uploads\/2022\/08\/marco-frittella-cartello-1075x1536.jpg 1075w, https:\/\/www.raccontinellarete.it\/301\/wp-content\/uploads\/2022\/08\/marco-frittella-cartello.jpg 1400w\" sizes=\"(max-width: 717px) 100vw, 717px\" \/><\/figure>\n\n\n\n<figure class=\"wp-block-image size-large\"><img loading=\"lazy\" decoding=\"async\" width=\"717\" height=\"1024\" src=\"https:\/\/www.raccontinellarete.it\/301\/wp-content\/uploads\/2022\/08\/pietrangelo-buttafuoco-cartello-1-717x1024.jpg\" alt=\"\" class=\"wp-image-49932\" srcset=\"https:\/\/www.raccontinellarete.it\/301\/wp-content\/uploads\/2022\/08\/pietrangelo-buttafuoco-cartello-1-717x1024.jpg 717w, https:\/\/www.raccontinellarete.it\/301\/wp-content\/uploads\/2022\/08\/pietrangelo-buttafuoco-cartello-1-175x250.jpg 175w, https:\/\/www.raccontinellarete.it\/301\/wp-content\/uploads\/2022\/08\/pietrangelo-buttafuoco-cartello-1-768x1097.jpg 768w, https:\/\/www.raccontinellarete.it\/301\/wp-content\/uploads\/2022\/08\/pietrangelo-buttafuoco-cartello-1-1075x1536.jpg 1075w, https:\/\/www.raccontinellarete.it\/301\/wp-content\/uploads\/2022\/08\/pietrangelo-buttafuoco-cartello-1.jpg 1400w\" sizes=\"(max-width: 717px) 100vw, 717px\" \/><\/figure>\n<div class=\"pvc_clear\"><\/div><p id=\"pvc_stats_49921\" class=\"pvc_stats all  \" data-element-id=\"49921\" style=\"\"><i class=\"pvc-stats-icon medium\" aria-hidden=\"true\"><svg aria-hidden=\"true\" focusable=\"false\" data-prefix=\"far\" data-icon=\"chart-bar\" role=\"img\" xmlns=\"http:\/\/www.w3.org\/2000\/svg\" viewBox=\"0 0 512 512\" class=\"svg-inline--fa fa-chart-bar fa-w-16 fa-2x\"><path fill=\"currentColor\" d=\"M396.8 352h22.4c6.4 0 12.8-6.4 12.8-12.8V108.8c0-6.4-6.4-12.8-12.8-12.8h-22.4c-6.4 0-12.8 6.4-12.8 12.8v230.4c0 6.4 6.4 12.8 12.8 12.8zm-192 0h22.4c6.4 0 12.8-6.4 12.8-12.8V140.8c0-6.4-6.4-12.8-12.8-12.8h-22.4c-6.4 0-12.8 6.4-12.8 12.8v198.4c0 6.4 6.4 12.8 12.8 12.8zm96 0h22.4c6.4 0 12.8-6.4 12.8-12.8V204.8c0-6.4-6.4-12.8-12.8-12.8h-22.4c-6.4 0-12.8 6.4-12.8 12.8v134.4c0 6.4 6.4 12.8 12.8 12.8zM496 400H48V80c0-8.84-7.16-16-16-16H16C7.16 64 0 71.16 0 80v336c0 17.67 14.33 32 32 32h464c8.84 0 16-7.16 16-16v-16c0-8.84-7.16-16-16-16zm-387.2-48h22.4c6.4 0 12.8-6.4 12.8-12.8v-70.4c0-6.4-6.4-12.8-12.8-12.8h-22.4c-6.4 0-12.8 6.4-12.8 12.8v70.4c0 6.4 6.4 12.8 12.8 12.8z\" class=\"\"><\/path><\/svg><\/i> <img loading=\"lazy\" decoding=\"async\" width=\"16\" height=\"16\" alt=\"Loading\" src=\"https:\/\/www.raccontinellarete.it\/301\/wp-content\/plugins\/page-views-count\/ajax-loader-2x.gif\" border=0 \/><\/p><div class=\"pvc_clear\"><\/div>","protected":false},"excerpt":{"rendered":"<p>28\u00b0 FESTIVAL LUCCAUTORI \u2013 21\u00b0 PREMIO LETTERARIO RACCONTI NELLA RETE Lucca, 17&nbsp; SETTEMBRE \u2013 2 OTTOBRE 2022 ENRICO VANZINA, GIORDANO BRUNO GUERRI, ERALDO AFFINATI, MELANIA SORIANI, ELEONORA SOTTILI, MARCO FRITTELLA, PIETRANGELO BUTTAFUOCO, BRUNO BOZZETTO, SERGIO STAINO, sono alcuni tra i protagonisti\u00a0 della 28^ edizione del festival LuccAutori, anche quest\u2019anno abbinato alla ventunesima edizione del Premio [&hellip;]<\/p>\n<div class=\"pvc_clear\"><\/div>\n<p id=\"pvc_stats_49921\" class=\"pvc_stats all  \" data-element-id=\"49921\" style=\"\"><i class=\"pvc-stats-icon medium\" aria-hidden=\"true\"><svg aria-hidden=\"true\" focusable=\"false\" data-prefix=\"far\" data-icon=\"chart-bar\" role=\"img\" xmlns=\"http:\/\/www.w3.org\/2000\/svg\" viewBox=\"0 0 512 512\" class=\"svg-inline--fa fa-chart-bar fa-w-16 fa-2x\"><path fill=\"currentColor\" d=\"M396.8 352h22.4c6.4 0 12.8-6.4 12.8-12.8V108.8c0-6.4-6.4-12.8-12.8-12.8h-22.4c-6.4 0-12.8 6.4-12.8 12.8v230.4c0 6.4 6.4 12.8 12.8 12.8zm-192 0h22.4c6.4 0 12.8-6.4 12.8-12.8V140.8c0-6.4-6.4-12.8-12.8-12.8h-22.4c-6.4 0-12.8 6.4-12.8 12.8v198.4c0 6.4 6.4 12.8 12.8 12.8zm96 0h22.4c6.4 0 12.8-6.4 12.8-12.8V204.8c0-6.4-6.4-12.8-12.8-12.8h-22.4c-6.4 0-12.8 6.4-12.8 12.8v134.4c0 6.4 6.4 12.8 12.8 12.8zM496 400H48V80c0-8.84-7.16-16-16-16H16C7.16 64 0 71.16 0 80v336c0 17.67 14.33 32 32 32h464c8.84 0 16-7.16 16-16v-16c0-8.84-7.16-16-16-16zm-387.2-48h22.4c6.4 0 12.8-6.4 12.8-12.8v-70.4c0-6.4-6.4-12.8-12.8-12.8h-22.4c-6.4 0-12.8 6.4-12.8 12.8v70.4c0 6.4 6.4 12.8 12.8 12.8z\" class=\"\"><\/path><\/svg><\/i> <img loading=\"lazy\" decoding=\"async\" width=\"16\" height=\"16\" alt=\"Loading\" src=\"https:\/\/www.raccontinellarete.it\/301\/wp-content\/plugins\/page-views-count\/ajax-loader-2x.gif\" border=0 \/><\/p>\n<div class=\"pvc_clear\"><\/div>\n","protected":false},"author":3,"featured_media":47025,"comment_status":"open","ping_status":"closed","sticky":false,"template":"","format":"standard","meta":{"footnotes":""},"categories":[87,547,543,5],"tags":[],"class_list":["post-49921","post","type-post","status-publish","format-standard","has-post-thumbnail","hentry","category-comunicato-stampa","category-f-o-r-u-m","category-forum-di-racconti-nella-rete","category-racconti-nella-rete"],"_links":{"self":[{"href":"https:\/\/www.raccontinellarete.it\/index.php?rest_route=\/wp\/v2\/posts\/49921"}],"collection":[{"href":"https:\/\/www.raccontinellarete.it\/index.php?rest_route=\/wp\/v2\/posts"}],"about":[{"href":"https:\/\/www.raccontinellarete.it\/index.php?rest_route=\/wp\/v2\/types\/post"}],"author":[{"embeddable":true,"href":"https:\/\/www.raccontinellarete.it\/index.php?rest_route=\/wp\/v2\/users\/3"}],"replies":[{"embeddable":true,"href":"https:\/\/www.raccontinellarete.it\/index.php?rest_route=%2Fwp%2Fv2%2Fcomments&post=49921"}],"version-history":[{"count":5,"href":"https:\/\/www.raccontinellarete.it\/index.php?rest_route=\/wp\/v2\/posts\/49921\/revisions"}],"predecessor-version":[{"id":49938,"href":"https:\/\/www.raccontinellarete.it\/index.php?rest_route=\/wp\/v2\/posts\/49921\/revisions\/49938"}],"wp:featuredmedia":[{"embeddable":true,"href":"https:\/\/www.raccontinellarete.it\/index.php?rest_route=\/wp\/v2\/media\/47025"}],"wp:attachment":[{"href":"https:\/\/www.raccontinellarete.it\/index.php?rest_route=%2Fwp%2Fv2%2Fmedia&parent=49921"}],"wp:term":[{"taxonomy":"category","embeddable":true,"href":"https:\/\/www.raccontinellarete.it\/index.php?rest_route=%2Fwp%2Fv2%2Fcategories&post=49921"},{"taxonomy":"post_tag","embeddable":true,"href":"https:\/\/www.raccontinellarete.it\/index.php?rest_route=%2Fwp%2Fv2%2Ftags&post=49921"}],"curies":[{"name":"wp","href":"https:\/\/api.w.org\/{rel}","templated":true}]}}